{"id":3795,"date":"2020-10-28T14:58:58","date_gmt":"2020-10-28T13:58:58","guid":{"rendered":"https:\/\/agora.xtec.cat\/ies-seros\/?p=3795"},"modified":"2020-10-28T14:59:22","modified_gmt":"2020-10-28T13:59:22","slug":"reconeixement-a-la-biblioteca-escolar-del-centre","status":"publish","type":"post","link":"https:\/\/agora.xtec.cat\/ies-seros\/general\/reconeixement-a-la-biblioteca-escolar-del-centre\/","title":{"rendered":"Reconeixement a la biblioteca escolar del centre"},"content":{"rendered":"<p>Aquesta setmana ens han lliurat el\u00a0segell\u00a0digital\u00a0de\u00a0bona pr\u00e0ctica\u00a0de\u00a0biblioteca escolar en reconeixement a la bona tasca que es realitza a la biblioteca escolar del centre.<\/p>\n<p style=\"font-weight: 400;\">Aquest segell indica que la biblioteca compleix amb els objectius seg\u00fcents:<\/p>\n<ul>\n<li style=\"font-weight: 400;\">Detectar bons models de funcionament de biblioteques de centres educatius de totes les etapes.<\/li>\n<li style=\"font-weight: 400;\">Afavorir l\u2019intercanvi entre centres i la consolidaci\u00f3 d\u2019una xarxa de biblioteques escolars.<\/li>\n<li style=\"font-weight: 400;\">Establir lligams entre el programa \u201cpuntedu\u201d i les biblioteques dels centres educatius.<\/li>\n<li style=\"font-weight: 400;\">Fer visible el paper\u00a0dela biblioteca com a centre\u00a0de\u00a0recursos per a l\u2019aprenentatge i l\u2019ensenyament, com a eix\u00a0del\u00a0pla\u00a0de\u00a0lectura\u00a0de\u00a0centre i com a motor d\u2019innovaci\u00f3 en el centre educatiu.<\/li>\n<\/ul>\n<p>Volem fer part\u00edcips de la not\u00edcia a tota la comunitat educativa i felicitar tots els agents involucrats en la gesti\u00f3 de la mateixa.<\/p>\n<p><img loading=\"lazy\" decoding=\"async\" class=\"alignnone size-full wp-image-3796 aligncenter\" src=\"https:\/\/agora.xtec.cat\/ies-seros\/wp-content\/uploads\/usu323\/2020\/10\/BESCAT.edu3_.png\" alt=\"\" width=\"500\" height=\"500\" srcset=\"https:\/\/agora.xtec.cat\/ies-seros\/wp-content\/uploads\/usu323\/2020\/10\/BESCAT.edu3_.png 500w, https:\/\/agora.xtec.cat\/ies-seros\/wp-content\/uploads\/usu323\/2020\/10\/BESCAT.edu3_-150x150.png 150w, https:\/\/agora.xtec.cat\/ies-seros\/wp-content\/uploads\/usu323\/2020\/10\/BESCAT.edu3_-300x300.png 300w\" sizes=\"auto, (max-width: 500px) 100vw, 500px\" \/><\/p>\n","protected":false},"excerpt":{"rendered":"<p>Aquesta setmana ens han lliurat el\u00a0segell\u00a0digital\u00a0de\u00a0bona pr\u00e0ctica\u00a0de\u00a0biblioteca escolar en reconeixement a la bona tasca que es realitza a la biblioteca escolar del centre.<br \/>\nAquest segell indica que la biblioteca compleix amb els objectius seg\u00fcents:<\/p>\n<ul>\n<li style=\"font-weight: 400;\">Detectar bons models de funcionament de biblioteques de centres educatius de&hellip;  <a href=\"https:\/\/agora.xtec.cat\/ies-seros\/general\/reconeixement-a-la-biblioteca-escolar-del-centre\/\" title=\"Read Reconeixement a la biblioteca escolar del centre\">Llegeix m\u00e9s\u00bb<\/a><br \/>\n","protected":false},"author":1,"featured_media":3796,"comment_status":"open","ping_status":"closed","sticky":true,"template":"","format":"standard","meta":{"_bbp_topic_count":0,"_bbp_reply_count":0,"_bbp_total_topic_count":0,"_bbp_total_reply_count":0,"_bbp_voice_count":0,"_bbp_anonymous_reply_count":0,"_bbp_topic_count_hidden":0,"_bbp_reply_count_hidden":0,"_bbp_forum_subforum_count":0,"footnotes":""},"categories":[1,29],"tags":[],"class_list":["post-3795","post","type-post","status-publish","format-standard","has-post-thumbnail","hentry","category-general","category-portada"],"post_mailing_queue_ids":[],"_links":{"self":[{"href":"https:\/\/agora.xtec.cat\/ies-seros\/wp-json\/wp\/v2\/posts\/3795","targetHints":{"allow":["GET"]}}],"collection":[{"href":"https:\/\/agora.xtec.cat\/ies-seros\/wp-json\/wp\/v2\/posts"}],"about":[{"href":"https:\/\/agora.xtec.cat\/ies-seros\/wp-json\/wp\/v2\/types\/post"}],"author":[{"embeddable":true,"href":"https:\/\/agora.xtec.cat\/ies-seros\/wp-json\/wp\/v2\/users\/1"}],"replies":[{"embeddable":true,"href":"https:\/\/agora.xtec.cat\/ies-seros\/wp-json\/wp\/v2\/comments?post=3795"}],"version-history":[{"count":1,"href":"https:\/\/agora.xtec.cat\/ies-seros\/wp-json\/wp\/v2\/posts\/3795\/revisions"}],"predecessor-version":[{"id":3797,"href":"https:\/\/agora.xtec.cat\/ies-seros\/wp-json\/wp\/v2\/posts\/3795\/revisions\/3797"}],"wp:featuredmedia":[{"embeddable":true,"href":"https:\/\/agora.xtec.cat\/ies-seros\/wp-json\/wp\/v2\/media\/3796"}],"wp:attachment":[{"href":"https:\/\/agora.xtec.cat\/ies-seros\/wp-json\/wp\/v2\/media?parent=3795"}],"wp:term":[{"taxonomy":"category","embeddable":true,"href":"https:\/\/agora.xtec.cat\/ies-seros\/wp-json\/wp\/v2\/categories?post=3795"},{"taxonomy":"post_tag","embeddable":true,"href":"https:\/\/agora.xtec.cat\/ies-seros\/wp-json\/wp\/v2\/tags?post=3795"}],"curies":[{"name":"wp","href":"https:\/\/api.w.org\/{rel}","templated":true}]}}