{"id":3581,"date":"2020-05-13T17:50:38","date_gmt":"2020-05-13T15:50:38","guid":{"rendered":"https:\/\/agora.xtec.cat\/ies-seros\/?p=3581"},"modified":"2020-05-13T17:54:02","modified_gmt":"2020-05-13T15:54:02","slug":"servei-datencio-telefonica-dinformacio-i-orientacio-en-la-tria-destudis","status":"publish","type":"post","link":"https:\/\/agora.xtec.cat\/ies-seros\/general\/servei-datencio-telefonica-dinformacio-i-orientacio-en-la-tria-destudis\/","title":{"rendered":"Servei d&#8217;atenci\u00f3 telef\u00f2nica d&#8217;informaci\u00f3 i orientaci\u00f3 en la tria d&#8217;estudis"},"content":{"rendered":"<p style=\"text-align: justify;\">El Departament d&#8217;Educaci\u00f3 impulsa el projecte \u201cAl teu costat en la tria educativa\u201d per oferir, en format virtual, el servei d&#8217;informaci\u00f3 i orientaci\u00f3 acad\u00e8mica que cada any oferia en el marc del Sal\u00f3 de l&#8217;Ensenyament.<\/p>\n<p style=\"text-align: justify;\">Tots els nous materials audiovisuals, propostes interactives i informaci\u00f3 actualitzada dels diferents itineraris educatius es podran consultar al\u00a0web del\u00a0<a href=\"http:\/\/ensenyament.gencat.cat\/ca\/inici\" target=\"_blank\" rel=\"noopener noreferrer\" data-saferedirecturl=\"https:\/\/www.google.com\/url?q=http:\/\/ensenyament.gencat.cat\/ca\/inici&amp;source=gmail&amp;ust=1589471200075000&amp;usg=AFQjCNGJ0zDTjQjNCeeqrw4X9nCz2tdtwg\">Departament<\/a>\u00a0i tamb\u00e9 al web\u00a0<a href=\"http:\/\/queestudiar.gencat.cat\/ca\/index.html\" target=\"_blank\" rel=\"noopener noreferrer\" data-saferedirecturl=\"https:\/\/www.google.com\/url?q=http:\/\/queestudiar.gencat.cat\/ca\/index.html&amp;source=gmail&amp;ust=1589471200075000&amp;usg=AFQjCNEYTydJ9oj8nH-VkJnBEKoipZFJFg\">Estudiar a Catalunya<\/a>\u00a0<strong>a partir del 18 de maig.<\/strong><\/p>\n<p style=\"text-align: justify;\">A m\u00e9s a m\u00e9s,\u00a0<strong>del 18 de maig al 29 de maig<\/strong>\u00a0el Departament d&#8217;Educaci\u00f3\u00a0organitza\u00a0<strong>un servei gratu\u00eft d&#8217;atenci\u00f3 telef\u00f2nica\u00a0<\/strong>(tel\u00e8fon 900 929 299, de 10 a 13 hores i de 15 a 18 hores), en qu\u00e8 un equip d&#8217;orientadors professionals, de forma volunt\u00e0ria, atendran els alumnes\u00a0de 4t d&#8217;ESO i\/o les seves fam\u00edlies, dels centres p\u00fablics i concertats,\u00a0per\u00a0acompanyar-los en la tria dels estudis.<\/p>\n","protected":false},"excerpt":{"rendered":"<p>El Departament d&#8217;Educaci\u00f3 impulsa el projecte \u201cAl teu costat en la tria educativa\u201d per oferir, en format virtual, el servei d&#8217;informaci\u00f3 i orientaci\u00f3 acad\u00e8mica que cada any oferia en el marc del Sal\u00f3 de l&#8217;Ensenyament.<br \/>\nTots els nous materials audiovisuals, propostes interactives i informaci\u00f3 actualitzada dels&hellip;  <a href=\"https:\/\/agora.xtec.cat\/ies-seros\/general\/servei-datencio-telefonica-dinformacio-i-orientacio-en-la-tria-destudis\/\" title=\"Read Servei d&#8217;atenci\u00f3 telef\u00f2nica d&#8217;informaci\u00f3 i orientaci\u00f3 en la tria d&#8217;estudis\">Llegeix m\u00e9s\u00bb<\/a><\/p>\n","protected":false},"author":29,"featured_media":0,"comment_status":"open","ping_status":"closed","sticky":true,"template":"","format":"standard","meta":{"_bbp_topic_count":0,"_bbp_reply_count":0,"_bbp_total_topic_count":0,"_bbp_total_reply_count":0,"_bbp_voice_count":0,"_bbp_anonymous_reply_count":0,"_bbp_topic_count_hidden":0,"_bbp_reply_count_hidden":0,"_bbp_forum_subforum_count":0,"footnotes":""},"categories":[1,29],"tags":[],"class_list":["post-3581","post","type-post","status-publish","format-standard","hentry","category-general","category-portada"],"post_mailing_queue_ids":[],"_links":{"self":[{"href":"https:\/\/agora.xtec.cat\/ies-seros\/wp-json\/wp\/v2\/posts\/3581","targetHints":{"allow":["GET"]}}],"collection":[{"href":"https:\/\/agora.xtec.cat\/ies-seros\/wp-json\/wp\/v2\/posts"}],"about":[{"href":"https:\/\/agora.xtec.cat\/ies-seros\/wp-json\/wp\/v2\/types\/post"}],"author":[{"embeddable":true,"href":"https:\/\/agora.xtec.cat\/ies-seros\/wp-json\/wp\/v2\/users\/29"}],"replies":[{"embeddable":true,"href":"https:\/\/agora.xtec.cat\/ies-seros\/wp-json\/wp\/v2\/comments?post=3581"}],"version-history":[{"count":3,"href":"https:\/\/agora.xtec.cat\/ies-seros\/wp-json\/wp\/v2\/posts\/3581\/revisions"}],"predecessor-version":[{"id":3584,"href":"https:\/\/agora.xtec.cat\/ies-seros\/wp-json\/wp\/v2\/posts\/3581\/revisions\/3584"}],"wp:attachment":[{"href":"https:\/\/agora.xtec.cat\/ies-seros\/wp-json\/wp\/v2\/media?parent=3581"}],"wp:term":[{"taxonomy":"category","embeddable":true,"href":"https:\/\/agora.xtec.cat\/ies-seros\/wp-json\/wp\/v2\/categories?post=3581"},{"taxonomy":"post_tag","embeddable":true,"href":"https:\/\/agora.xtec.cat\/ies-seros\/wp-json\/wp\/v2\/tags?post=3581"}],"curies":[{"name":"wp","href":"https:\/\/api.w.org\/{rel}","templated":true}]}}