{"id":3540,"date":"2020-05-17T11:50:09","date_gmt":"2020-05-17T09:50:09","guid":{"rendered":"https:\/\/agora.xtec.cat\/ies-seros\/?p=3540"},"modified":"2020-05-18T12:42:55","modified_gmt":"2020-05-18T10:42:55","slug":"publicacio-de-loferta-de-places-20-21-i-informacio-sobre-la-preinscripcio","status":"publish","type":"post","link":"https:\/\/agora.xtec.cat\/ies-seros\/general\/publicacio-de-loferta-de-places-20-21-i-informacio-sobre-la-preinscripcio\/","title":{"rendered":"Oferta de places 20-21. Com fer la preinscripci\u00f3 a 1r ESO? (i resta ESO alumnat nou)"},"content":{"rendered":"<p><em><strong>Les preinscripcions del proper curs 20-21 comencen el dia 13 de maig.<\/strong><\/em><\/p>\n<p><em><strong>COM LA PODEU FER?\u00a0<\/strong><\/em><\/p>\n<p><strong>a) TELEM\u00c0TICAMENT <\/strong>(del 13 al 22 de maig). <strong>Opci\u00f3 recomanada!<\/strong><\/p>\n<ol>\n<li>Ompliu el formulari telem\u00e0tic que trobareu a <a href=\"http:\/\/queestudiar.gencat.cat\/ca\/preinscripcio\/\">http:\/\/queestudiar.gencat.cat\/ca\/preinscripcio\/<\/a><\/li>\n<li>Envieu el resguard del formulari i la documentaci\u00f3 necess\u00e0ria (escanejada o fotografiada) al correu <strong>c5007529@xtec.cat<\/strong>.<\/li>\n<li>Des del centre respondrem el correu conforme l\u2019hem rebut perqu\u00e8 el sol\u00b7licitant en tingui const\u00e0ncia.<\/li>\n<\/ol>\n<p>Si teniu alguna dificultat ens podeu fer la consulta al mateix correu <strong style=\"font-family: inherit; font-size: 1em;\">c5007529@xtec.cat <\/strong>sempre que vulgueu.<\/p>\n<p><strong>b) PRESENCIALMENT <\/strong>(de <strong>manera excepcional<\/strong>, del 19 al 22 de maig):<br \/>\nCaldr\u00e0 demanar <strong>cita pr\u00e8via<\/strong> trucant al tel\u00e8fon <b>717775021<\/b>(9.00 a 13.00) o per correu electr\u00f2nic <strong>c5007529@xtec.cat<\/strong><\/p>\n<p><strong>Com es far\u00e0 l&#8217;atenci\u00f3 presencial?<\/strong><\/p>\n<ul>\n<li>Al centre ha de venir <strong>una sola persona<\/strong>\u00a0a fer les gestions. Les persones<br \/>\nd\u2019especial <strong>vulnerabilitat<\/strong>, amb s\u00edmptomes no han d\u2019acudir al centre (poden<br \/>\nautoritzar per escrit a una altra persona)<\/li>\n<li>Cal portar la <strong>documentaci\u00f3<\/strong>: sol\u00b7licitud emplenada des de casa<br \/>\ni la documentaci\u00f3 requerida ( A l\u2019escola no podem fer fotoc\u00f2pies )<\/li>\n<li>Portar el propi <strong>bol\u00edgraf<\/strong><\/li>\n<li>Cal venir amb <strong>mascareta i guant<\/strong>s<\/li>\n<\/ul>\n<p><em><strong>DOCUMENTACI\u00d3 A PRESENTAR<\/strong><\/em><\/p>\n<ol>\n<li>\n<ol>\n<li>Sol\u00b7licitud preinscripci\u00f3 curs 2020-2021.<\/li>\n<\/ol>\n<p>Documents fotografiats o escanejats:<\/p>\n<ul>\n<li>DNI de la persona sol\u00b7licitant (pare, mare, tutor\/a), o de la targeta de resid\u00e8ncia on consta el\u00a0 NIE o del passaport si es tracta de persones estrangeres. Quan el domicili habitual que s\u2019al\u00b7lega no coincideix amb el del DNI O NIE, s\u2019ha d\u2019acreditar amb el certificat o volant de conviv\u00e8ncia.<\/li>\n<li>Llibre de fam\u00edlia<\/li>\n<li>Targeta sanit\u00e0ria i carnet de vacunacions.<\/li>\n<li>DNI de l\u2019alumne (si en t\u00e9).<\/li>\n<li>Carnet de fam\u00edlia nombrosa o monoparental<\/li>\n<\/ul>\n<h4 id=\"FW_bloc_64c3baaf-55e8-11e4-aafa-000c29f68999_2\" class=\"FW_ancora\">Documentaci\u00f3 acreditativa dels criteris de prioritat<\/h4>\n<div class=\"FW_sArticleFoto\">\n<div class=\"FW_sEditPro\">\n<p>Les persones que al\u00b7leguen el compliment d&#8217;un o m\u00e9s criteris de prioritat (espec\u00edfic, general o complementari) han d&#8217;enviar tamb\u00e9 la\u00a0<strong>documentaci\u00f3<\/strong>\u00a0escanejada o fotografiada, per les dues cares, que s&#8217;indica per a cada criteri.<\/p>\n<p><a href=\"http:\/\/queestudiar.gencat.cat\/ca\/preinscripcio\/estudis\/obligatoris\/documentacio\/index.html\" target=\"_blank\" rel=\"noopener noreferrer\">M\u00e9s informaci\u00f3<\/a><\/p>\n<\/div>\n<\/div>\n<\/li>\n<\/ol>\n<p>Adjuntem l&#8217;oferta de places de l&#8217;institut i un v\u00eddeo explicatiu de com s&#8217;ha de realitzar.<\/p>\n<p>Codi centre: 25007529<\/p>\n<p><a href=\"http:\/\/mapaescolar.gencat.cat\/\" target=\"_blank\" rel=\"noopener noreferrer\">OFERTA DE PLACES<\/a><\/p>\n<p><a href=\"https:\/\/drive.google.com\/file\/d\/1FKd6XIdtt9xha6YsLh_1V7bNy7bPxZYo\/view?usp=sharing\">COM FER LA PREINSCRIPCI\u00d3<\/a><\/p>\n","protected":false},"excerpt":{"rendered":"<p>Les preinscripcions del proper curs 20-21 comencen el dia 13 de maig.<br \/>\nCOM LA PODEU FER?\u00a0<br \/>\na) TELEM\u00c0TICAMENT (del 13 al 22 de maig). Opci\u00f3 recomanada!<\/p>\n<ol>\n<li>Ompliu el formulari telem\u00e0tic que trobareu a <a href=\"http:\/\/queestudiar.gencat.cat\/ca\/preinscripcio\/\">http:\/\/queestudiar.gencat.cat\/ca\/preinscripcio\/<\/a><\/li>\n<li>Envieu el resguard del formulari i la documentaci\u00f3 necess\u00e0ria (escanejada o fotografiada) al correu&hellip;  <a href=\"https:\/\/agora.xtec.cat\/ies-seros\/general\/publicacio-de-loferta-de-places-20-21-i-informacio-sobre-la-preinscripcio\/\" title=\"Read Oferta de places 20-21. Com fer la preinscripci\u00f3 a 1r ESO? (i resta ESO alumnat nou)\">Llegeix m\u00e9s\u00bb<\/a><br \/>\n","protected":false},"author":1,"featured_media":0,"comment_status":"open","ping_status":"closed","sticky":true,"template":"","format":"standard","meta":{"_bbp_topic_count":0,"_bbp_reply_count":0,"_bbp_total_topic_count":0,"_bbp_total_reply_count":0,"_bbp_voice_count":0,"_bbp_anonymous_reply_count":0,"_bbp_topic_count_hidden":0,"_bbp_reply_count_hidden":0,"_bbp_forum_subforum_count":0,"footnotes":""},"categories":[1,29],"tags":[],"class_list":["post-3540","post","type-post","status-publish","format-standard","hentry","category-general","category-portada"],"post_mailing_queue_ids":[],"_links":{"self":[{"href":"https:\/\/agora.xtec.cat\/ies-seros\/wp-json\/wp\/v2\/posts\/3540","targetHints":{"allow":["GET"]}}],"collection":[{"href":"https:\/\/agora.xtec.cat\/ies-seros\/wp-json\/wp\/v2\/posts"}],"about":[{"href":"https:\/\/agora.xtec.cat\/ies-seros\/wp-json\/wp\/v2\/types\/post"}],"author":[{"embeddable":true,"href":"https:\/\/agora.xtec.cat\/ies-seros\/wp-json\/wp\/v2\/users\/1"}],"replies":[{"embeddable":true,"href":"https:\/\/agora.xtec.cat\/ies-seros\/wp-json\/wp\/v2\/comments?post=3540"}],"version-history":[{"count":3,"href":"https:\/\/agora.xtec.cat\/ies-seros\/wp-json\/wp\/v2\/posts\/3540\/revisions"}],"predecessor-version":[{"id":3587,"href":"https:\/\/agora.xtec.cat\/ies-seros\/wp-json\/wp\/v2\/posts\/3540\/revisions\/3587"}],"wp:attachment":[{"href":"https:\/\/agora.xtec.cat\/ies-seros\/wp-json\/wp\/v2\/media?parent=3540"}],"wp:term":[{"taxonomy":"category","embeddable":true,"href":"https:\/\/agora.xtec.cat\/ies-seros\/wp-json\/wp\/v2\/categories?post=3540"},{"taxonomy":"post_tag","embeddable":true,"href":"https:\/\/agora.xtec.cat\/ies-seros\/wp-json\/wp\/v2\/tags?post=3540"}],"curies":[{"name":"wp","href":"https:\/\/api.w.org\/{rel}","templated":true}]}}