{"id":3483,"date":"2020-03-16T16:29:32","date_gmt":"2020-03-16T15:29:32","guid":{"rendered":"https:\/\/agora.xtec.cat\/ies-seros\/?p=3483"},"modified":"2020-03-16T16:30:20","modified_gmt":"2020-03-16T15:30:20","slug":"exit-de-la-jornada-de-portes-obertes-2020","status":"publish","type":"post","link":"https:\/\/agora.xtec.cat\/ies-seros\/general\/exit-de-la-jornada-de-portes-obertes-2020\/","title":{"rendered":"\u00c8XIT DE LA JORNADA DE PORTES OBERTES 2020"},"content":{"rendered":"<div>El passat 3 de mar\u00e7, vam convidar als alumnes tutores, pares i mares de les escoles adscrites al nostre institut a la jornada de portes obertes.<\/div>\n<div><\/div>\n<div>Entre les 8.30 i les 12.45 els nostres delegats van acompanyar els alumnes i mestres que van participar del nostre dia a dia, i d&#8217;activitats preparades pels nostres alumnes al gimn\u00e0s, laboratoris, tallers i aula de m\u00fasica i tamb\u00e9 de dos pel\u00b7l\u00edcules fetes per l&#8217;alumnat. Una explicava els nostres projectes i l&#8217;altra mostrava el programa educatiu del departament d&#8217;Educaci\u00f3 F\u00edsica.<\/div>\n<div>Entre les 13.30 i les 15.00 ens v\u00e0rem trobar amb els pares i mares, en una jornada molt similar tamb\u00e9 protagonitzada per l&#8217;alumnat del centre.<\/div>\n<div><\/div>\n<div>Us adjuntem l&#8217;enlla\u00e7 de la presentaci\u00f3 que varem passar aquell dia.<\/div>\n<div><\/div>\n<div><a href=\"https:\/\/drive.google.com\/open?id=1TaGistpn7kPOFRE_9ZHqPnksdJQb1saV\" target=\"_blank\" rel=\"noopener noreferrer\">PRESENTACI\u00d3 PORTES OBERTES<\/a><\/div>\n<div><\/div>\n<div><\/div>\n","protected":false},"excerpt":{"rendered":"<p>El passat 3 de mar\u00e7, vam convidar als alumnes tutores, pares i mares de les escoles adscrites al nostre institut a la jornada de portes obertes.<\/p>\n<p>Entre les 8.30 i les 12.45 els nostres delegats van acompanyar els alumnes i mestres que van participar del nostre&hellip;  <a href=\"https:\/\/agora.xtec.cat\/ies-seros\/general\/exit-de-la-jornada-de-portes-obertes-2020\/\" title=\"Read \u00c8XIT DE LA JORNADA DE PORTES OBERTES 2020\">Llegeix m\u00e9s\u00bb<\/a><\/p>\n","protected":false},"author":1,"featured_media":3484,"comment_status":"open","ping_status":"closed","sticky":true,"template":"","format":"standard","meta":{"_bbp_topic_count":0,"_bbp_reply_count":0,"_bbp_total_topic_count":0,"_bbp_total_reply_count":0,"_bbp_voice_count":0,"_bbp_anonymous_reply_count":0,"_bbp_topic_count_hidden":0,"_bbp_reply_count_hidden":0,"_bbp_forum_subforum_count":0,"footnotes":""},"categories":[1,29],"tags":[],"class_list":["post-3483","post","type-post","status-publish","format-standard","has-post-thumbnail","hentry","category-general","category-portada"],"post_mailing_queue_ids":[],"_links":{"self":[{"href":"https:\/\/agora.xtec.cat\/ies-seros\/wp-json\/wp\/v2\/posts\/3483","targetHints":{"allow":["GET"]}}],"collection":[{"href":"https:\/\/agora.xtec.cat\/ies-seros\/wp-json\/wp\/v2\/posts"}],"about":[{"href":"https:\/\/agora.xtec.cat\/ies-seros\/wp-json\/wp\/v2\/types\/post"}],"author":[{"embeddable":true,"href":"https:\/\/agora.xtec.cat\/ies-seros\/wp-json\/wp\/v2\/users\/1"}],"replies":[{"embeddable":true,"href":"https:\/\/agora.xtec.cat\/ies-seros\/wp-json\/wp\/v2\/comments?post=3483"}],"version-history":[{"count":2,"href":"https:\/\/agora.xtec.cat\/ies-seros\/wp-json\/wp\/v2\/posts\/3483\/revisions"}],"predecessor-version":[{"id":3493,"href":"https:\/\/agora.xtec.cat\/ies-seros\/wp-json\/wp\/v2\/posts\/3483\/revisions\/3493"}],"wp:featuredmedia":[{"embeddable":true,"href":"https:\/\/agora.xtec.cat\/ies-seros\/wp-json\/wp\/v2\/media\/3484"}],"wp:attachment":[{"href":"https:\/\/agora.xtec.cat\/ies-seros\/wp-json\/wp\/v2\/media?parent=3483"}],"wp:term":[{"taxonomy":"category","embeddable":true,"href":"https:\/\/agora.xtec.cat\/ies-seros\/wp-json\/wp\/v2\/categories?post=3483"},{"taxonomy":"post_tag","embeddable":true,"href":"https:\/\/agora.xtec.cat\/ies-seros\/wp-json\/wp\/v2\/tags?post=3483"}],"curies":[{"name":"wp","href":"https:\/\/api.w.org\/{rel}","templated":true}]}}