{"id":3383,"date":"2020-02-06T11:24:37","date_gmt":"2020-02-06T10:24:37","guid":{"rendered":"https:\/\/agora.xtec.cat\/ies-seros\/?p=3383"},"modified":"2020-02-06T11:26:32","modified_gmt":"2020-02-06T10:26:32","slug":"11-de-febrer-dia-de-la-dona-i-la-nena-cientifica","status":"publish","type":"post","link":"https:\/\/agora.xtec.cat\/ies-seros\/general\/11-de-febrer-dia-de-la-dona-i-la-nena-cientifica\/","title":{"rendered":"11 DE FEBRER: DIA DE LA DONA I LA NENA CIENT\u00cdFICA"},"content":{"rendered":"<p>El dia 11 de febrer \u00e9s el <strong>Dia Internacional de la dona i la nena a la Ci\u00e8ncia<\/strong>.<\/p>\n<p>L&#8217;objectiu \u00e9s promoure la participaci\u00f3 plena i en condicions d&#8217;igualtat de les dones i les nenes en l&#8217;educaci\u00f3, la capacitaci\u00f3, l&#8217;ocupaci\u00f3 i els processos d&#8217;adopci\u00f3 de decisions en la ci\u00e8ncia, i eliminar tota mena de discriminaci\u00f3 contra les dones en les esferes de l&#8217;educaci\u00f3 i l&#8217;ocupaci\u00f3, tot trencant les barreres jur\u00eddiques, econ\u00f2miques, socials i culturals mitjan\u00e7ant pol\u00edtiques i plans d&#8217;estudi en el camp de la ci\u00e8ncia per fomentar una major participaci\u00f3 de les dones i les nenes i recon\u00e8ixer-ne els seus \u00e8xits.<\/p>\n<p>Des del Departament de Ci\u00e8ncies es proposaran un seguit d&#8217;activitats per treballar aquests valors i reivindicar la figura de la dona en la ci\u00e8ncia.<\/p>\n<p><img loading=\"lazy\" decoding=\"async\" class=\"alignnone size-full wp-image-3387\" src=\"https:\/\/agora.xtec.cat\/ies-seros\/wp-content\/uploads\/usu323\/2020\/02\/women_in_science_def-1.jpg\" alt=\"\" width=\"345\" height=\"546\" srcset=\"https:\/\/agora.xtec.cat\/ies-seros\/wp-content\/uploads\/usu323\/2020\/02\/women_in_science_def-1.jpg 345w, https:\/\/agora.xtec.cat\/ies-seros\/wp-content\/uploads\/usu323\/2020\/02\/women_in_science_def-1-190x300.jpg 190w\" sizes=\"auto, (max-width: 345px) 100vw, 345px\" \/><\/p>\n","protected":false},"excerpt":{"rendered":"<p>El dia 11 de febrer \u00e9s el Dia Internacional de la dona i la nena a la Ci\u00e8ncia.<br \/>\nL&#8217;objectiu \u00e9s promoure la participaci\u00f3 plena i en condicions d&#8217;igualtat de les dones i les nenes en l&#8217;educaci\u00f3, la capacitaci\u00f3, l&#8217;ocupaci\u00f3 i els processos d&#8217;adopci\u00f3 de decisions en&hellip;  <a href=\"https:\/\/agora.xtec.cat\/ies-seros\/general\/11-de-febrer-dia-de-la-dona-i-la-nena-cientifica\/\" title=\"Read 11 DE FEBRER: DIA DE LA DONA I LA NENA CIENT\u00cdFICA\">Llegeix m\u00e9s\u00bb<\/a><\/p>\n","protected":false},"author":1,"featured_media":3386,"comment_status":"open","ping_status":"closed","sticky":true,"template":"","format":"standard","meta":{"_bbp_topic_count":0,"_bbp_reply_count":0,"_bbp_total_topic_count":0,"_bbp_total_reply_count":0,"_bbp_voice_count":0,"_bbp_anonymous_reply_count":0,"_bbp_topic_count_hidden":0,"_bbp_reply_count_hidden":0,"_bbp_forum_subforum_count":0,"footnotes":""},"categories":[1,29],"tags":[],"class_list":["post-3383","post","type-post","status-publish","format-standard","has-post-thumbnail","hentry","category-general","category-portada"],"post_mailing_queue_ids":[],"_links":{"self":[{"href":"https:\/\/agora.xtec.cat\/ies-seros\/wp-json\/wp\/v2\/posts\/3383","targetHints":{"allow":["GET"]}}],"collection":[{"href":"https:\/\/agora.xtec.cat\/ies-seros\/wp-json\/wp\/v2\/posts"}],"about":[{"href":"https:\/\/agora.xtec.cat\/ies-seros\/wp-json\/wp\/v2\/types\/post"}],"author":[{"embeddable":true,"href":"https:\/\/agora.xtec.cat\/ies-seros\/wp-json\/wp\/v2\/users\/1"}],"replies":[{"embeddable":true,"href":"https:\/\/agora.xtec.cat\/ies-seros\/wp-json\/wp\/v2\/comments?post=3383"}],"version-history":[{"count":2,"href":"https:\/\/agora.xtec.cat\/ies-seros\/wp-json\/wp\/v2\/posts\/3383\/revisions"}],"predecessor-version":[{"id":3388,"href":"https:\/\/agora.xtec.cat\/ies-seros\/wp-json\/wp\/v2\/posts\/3383\/revisions\/3388"}],"wp:featuredmedia":[{"embeddable":true,"href":"https:\/\/agora.xtec.cat\/ies-seros\/wp-json\/wp\/v2\/media\/3386"}],"wp:attachment":[{"href":"https:\/\/agora.xtec.cat\/ies-seros\/wp-json\/wp\/v2\/media?parent=3383"}],"wp:term":[{"taxonomy":"category","embeddable":true,"href":"https:\/\/agora.xtec.cat\/ies-seros\/wp-json\/wp\/v2\/categories?post=3383"},{"taxonomy":"post_tag","embeddable":true,"href":"https:\/\/agora.xtec.cat\/ies-seros\/wp-json\/wp\/v2\/tags?post=3383"}],"curies":[{"name":"wp","href":"https:\/\/api.w.org\/{rel}","templated":true}]}}