{"id":2511,"date":"2018-03-23T16:31:16","date_gmt":"2018-03-23T15:31:16","guid":{"rendered":"http:\/\/agora.xtec.cat\/ies-seros\/?p=2511"},"modified":"2018-03-23T16:31:35","modified_gmt":"2018-03-23T15:31:35","slug":"concurs-de-lectura-en-veu-alta-a-les-borges-blanques","status":"publish","type":"post","link":"https:\/\/agora.xtec.cat\/ies-seros\/general\/concurs-de-lectura-en-veu-alta-a-les-borges-blanques\/","title":{"rendered":"CONCURS DE LECTURA EN VEU ALTA A LES BORGES BLANQUES"},"content":{"rendered":"<p>El passat dimecres 14 de mar\u00e7 alguns alumnes de l\u2019Ins Ser\u00f2s van participar en el CLV que el Consell Comarcal i el CRP organitzaven a les Borges Blanques en col\u00b7laboraci\u00f3 amb l\u2019Enciclop\u00e8dia Catalana. Els nostres representants de 4t d\u2019ESO van ser el David Jov\u00e9, el Joel Cornad\u00f3 i la N\u00faria Agust\u00ed que tot i fer un molt bon paper no van passar a semifinals. Qui s\u00ed que ho va fer va ser la Kitija Denisova de 2n A que anava en representaci\u00f3 de l\u2019alumnat d\u2019Aula d\u2019acollida i que va ser la guanyadora de la seva categoria i qui ens representar\u00e0 a la semifinal que tindr\u00e0 lloc el 19 d\u2019abril a Mollerussa. Esperem que torni a demostrar que \u00e9s una gran lectora i passem a la final de Catalunya. Molta sort Kiti!<\/p>\n<p><a href=\"http:\/\/agora.xtec.cat\/ies-seros\/wp-content\/uploads\/usu323\/2018\/03\/CANVI7.jpg\"><img loading=\"lazy\" decoding=\"async\" class=\"alignnone size-full wp-image-2512\" src=\"http:\/\/agora.xtec.cat\/ies-seros\/wp-content\/uploads\/usu323\/2018\/03\/CANVI7.jpg\" alt=\"\" width=\"640\" height=\"480\" srcset=\"https:\/\/agora.xtec.cat\/ies-seros\/wp-content\/uploads\/usu323\/2018\/03\/CANVI7.jpg 640w, https:\/\/agora.xtec.cat\/ies-seros\/wp-content\/uploads\/usu323\/2018\/03\/CANVI7-300x225.jpg 300w, https:\/\/agora.xtec.cat\/ies-seros\/wp-content\/uploads\/usu323\/2018\/03\/CANVI7-200x150.jpg 200w\" sizes=\"auto, (max-width: 640px) 100vw, 640px\" \/><\/a><\/p>\n","protected":false},"excerpt":{"rendered":"<p>El passat dimecres 14 de mar\u00e7 alguns alumnes de l\u2019Ins Ser\u00f2s van participar en el CLV que el Consell Comarcal i el CRP organitzaven a les Borges Blanques en col\u00b7laboraci\u00f3 amb l\u2019Enciclop\u00e8dia Catalana. Els nostres representants de 4t d\u2019ESO van ser el David Jov\u00e9, el&hellip;  <a href=\"https:\/\/agora.xtec.cat\/ies-seros\/general\/concurs-de-lectura-en-veu-alta-a-les-borges-blanques\/\" title=\"Read CONCURS DE LECTURA EN VEU ALTA A LES BORGES BLANQUES\">Llegeix m\u00e9s\u00bb<\/a><\/p>\n","protected":false},"author":1,"featured_media":0,"comment_status":"open","ping_status":"closed","sticky":true,"template":"","format":"standard","meta":{"_bbp_topic_count":0,"_bbp_reply_count":0,"_bbp_total_topic_count":0,"_bbp_total_reply_count":0,"_bbp_voice_count":0,"_bbp_anonymous_reply_count":0,"_bbp_topic_count_hidden":0,"_bbp_reply_count_hidden":0,"_bbp_forum_subforum_count":0,"footnotes":""},"categories":[1,29],"tags":[],"class_list":["post-2511","post","type-post","status-publish","format-standard","hentry","category-general","category-portada"],"post_mailing_queue_ids":[],"_links":{"self":[{"href":"https:\/\/agora.xtec.cat\/ies-seros\/wp-json\/wp\/v2\/posts\/2511","targetHints":{"allow":["GET"]}}],"collection":[{"href":"https:\/\/agora.xtec.cat\/ies-seros\/wp-json\/wp\/v2\/posts"}],"about":[{"href":"https:\/\/agora.xtec.cat\/ies-seros\/wp-json\/wp\/v2\/types\/post"}],"author":[{"embeddable":true,"href":"https:\/\/agora.xtec.cat\/ies-seros\/wp-json\/wp\/v2\/users\/1"}],"replies":[{"embeddable":true,"href":"https:\/\/agora.xtec.cat\/ies-seros\/wp-json\/wp\/v2\/comments?post=2511"}],"version-history":[{"count":1,"href":"https:\/\/agora.xtec.cat\/ies-seros\/wp-json\/wp\/v2\/posts\/2511\/revisions"}],"predecessor-version":[{"id":2513,"href":"https:\/\/agora.xtec.cat\/ies-seros\/wp-json\/wp\/v2\/posts\/2511\/revisions\/2513"}],"wp:attachment":[{"href":"https:\/\/agora.xtec.cat\/ies-seros\/wp-json\/wp\/v2\/media?parent=2511"}],"wp:term":[{"taxonomy":"category","embeddable":true,"href":"https:\/\/agora.xtec.cat\/ies-seros\/wp-json\/wp\/v2\/categories?post=2511"},{"taxonomy":"post_tag","embeddable":true,"href":"https:\/\/agora.xtec.cat\/ies-seros\/wp-json\/wp\/v2\/tags?post=2511"}],"curies":[{"name":"wp","href":"https:\/\/api.w.org\/{rel}","templated":true}]}}