{"id":2430,"date":"2018-01-09T13:27:14","date_gmt":"2018-01-09T12:27:14","guid":{"rendered":"http:\/\/agora.xtec.cat\/ies-seros\/?p=2430"},"modified":"2018-01-09T13:37:49","modified_gmt":"2018-01-09T12:37:49","slug":"convocatoria-per-les-proves-dacces-a-cicles-formatius-de-grau-mitja-i-superior","status":"publish","type":"post","link":"https:\/\/agora.xtec.cat\/ies-seros\/general\/convocatoria-per-les-proves-dacces-a-cicles-formatius-de-grau-mitja-i-superior\/","title":{"rendered":"Convocat\u00f3ria per les proves d\u2019acc\u00e9s a cicles formatius de grau mitj\u00e0 i superior"},"content":{"rendered":"<p>Bones fam\u00edlies,<\/p>\n<p>Ha sortit la convocat\u00f2ria de les proves d&#8217;acc\u00e9s per a cicles formatius de grau mitj\u00e0 i superior.<\/p>\n<p>Us deixem els enlla\u00e7os on podreu trobar tota la informaci\u00f3.<\/p>\n<p>Salutacions<a href=\"http:\/\/agora.xtec.cat\/ies-seros\/wp-content\/uploads\/usu323\/2018\/01\/\u00edndice.png\"><img loading=\"lazy\" decoding=\"async\" class=\"size-full wp-image-2432 alignright\" src=\"http:\/\/agora.xtec.cat\/ies-seros\/wp-content\/uploads\/usu323\/2018\/01\/\u00edndice.png\" alt=\"\" width=\"201\" height=\"201\" srcset=\"https:\/\/agora.xtec.cat\/ies-seros\/wp-content\/uploads\/usu323\/2018\/01\/\u00edndice.png 201w, https:\/\/agora.xtec.cat\/ies-seros\/wp-content\/uploads\/usu323\/2018\/01\/\u00edndice-150x150.png 150w\" sizes=\"auto, (max-width: 201px) 100vw, 201px\" \/><\/a><\/p>\n<p>Departament d&#8217;Orientaci\u00f3<\/p>\n<p><a href=\"http:\/\/ensenyament.gencat.cat\/ca\/serveis-tramits\/proves\/proves-acces\/gm-fp\/\" target=\"_blank\" rel=\"noopener noreferrer\">Cicles Formatius Grau Mitj\u00e0<\/a><\/p>\n<p><a href=\"http:\/\/ensenyament.gencat.cat\/ca\/serveis-tramits\/proves\/proves-acces\/gs-fp\/\" target=\"_blank\" rel=\"noopener noreferrer\">Cicle Formatius Grau Superior<\/a><\/p>\n","protected":false},"excerpt":{"rendered":"<p>Bones fam\u00edlies,<br \/>\nHa sortit la convocat\u00f2ria de les proves d&#8217;acc\u00e9s per a cicles formatius de grau mitj\u00e0 i superior.<br \/>\nUs deixem els enlla\u00e7os on podreu trobar tota la informaci\u00f3.<br \/>\nSalutacions<a href=\"http:\/\/agora.xtec.cat\/ies-seros\/wp-content\/uploads\/usu323\/2018\/01\/\u00edndice.png\"><\/a><br \/>\nDepartament d&#8217;Orientaci\u00f3<br \/>\n<a href=\"http:\/\/ensenyament.gencat.cat\/ca\/serveis-tramits\/proves\/proves-acces\/gm-fp\/\" target=\"_blank\" rel=\"noopener noreferrer\">Cicles Formatius Grau Mitj\u00e0<\/a><br \/>\n<a href=\"http:\/\/ensenyament.gencat.cat\/ca\/serveis-tramits\/proves\/proves-acces\/gs-fp\/\" target=\"_blank\" rel=\"noopener noreferrer\">Cicle Formatius Grau Superior<\/a><\/p>\n","protected":false},"author":1,"featured_media":0,"comment_status":"open","ping_status":"closed","sticky":true,"template":"","format":"standard","meta":{"_bbp_topic_count":0,"_bbp_reply_count":0,"_bbp_total_topic_count":0,"_bbp_total_reply_count":0,"_bbp_voice_count":0,"_bbp_anonymous_reply_count":0,"_bbp_topic_count_hidden":0,"_bbp_reply_count_hidden":0,"_bbp_forum_subforum_count":0,"footnotes":""},"categories":[1,29],"tags":[],"class_list":["post-2430","post","type-post","status-publish","format-standard","hentry","category-general","category-portada"],"post_mailing_queue_ids":[],"_links":{"self":[{"href":"https:\/\/agora.xtec.cat\/ies-seros\/wp-json\/wp\/v2\/posts\/2430","targetHints":{"allow":["GET"]}}],"collection":[{"href":"https:\/\/agora.xtec.cat\/ies-seros\/wp-json\/wp\/v2\/posts"}],"about":[{"href":"https:\/\/agora.xtec.cat\/ies-seros\/wp-json\/wp\/v2\/types\/post"}],"author":[{"embeddable":true,"href":"https:\/\/agora.xtec.cat\/ies-seros\/wp-json\/wp\/v2\/users\/1"}],"replies":[{"embeddable":true,"href":"https:\/\/agora.xtec.cat\/ies-seros\/wp-json\/wp\/v2\/comments?post=2430"}],"version-history":[{"count":3,"href":"https:\/\/agora.xtec.cat\/ies-seros\/wp-json\/wp\/v2\/posts\/2430\/revisions"}],"predecessor-version":[{"id":2434,"href":"https:\/\/agora.xtec.cat\/ies-seros\/wp-json\/wp\/v2\/posts\/2430\/revisions\/2434"}],"wp:attachment":[{"href":"https:\/\/agora.xtec.cat\/ies-seros\/wp-json\/wp\/v2\/media?parent=2430"}],"wp:term":[{"taxonomy":"category","embeddable":true,"href":"https:\/\/agora.xtec.cat\/ies-seros\/wp-json\/wp\/v2\/categories?post=2430"},{"taxonomy":"post_tag","embeddable":true,"href":"https:\/\/agora.xtec.cat\/ies-seros\/wp-json\/wp\/v2\/tags?post=2430"}],"curies":[{"name":"wp","href":"https:\/\/api.w.org\/{rel}","templated":true}]}}