{"id":2398,"date":"2017-11-16T13:24:10","date_gmt":"2017-11-16T12:24:10","guid":{"rendered":"http:\/\/agora.xtec.cat\/ies-seros\/?p=2398"},"modified":"2017-11-16T13:24:10","modified_gmt":"2017-11-16T12:24:10","slug":"la-castanyada-segons-els-alumnes-de-3er-eso","status":"publish","type":"post","link":"https:\/\/agora.xtec.cat\/ies-seros\/general\/la-castanyada-segons-els-alumnes-de-3er-eso\/","title":{"rendered":"La Castanyada segons els alumnes de 3er ESO"},"content":{"rendered":"<p>La Castanyada \u00e9s una festa popular que es celebra a Catalunya el dia abans de Tots Sants i la tradici\u00f3 diu que cal menjar castanyes.<\/p>\n<p>Com cada any, els professors s\u2019han anat reunint per organitzar aquest dia per unir-nos a tots, per tal d\u2019obtenir un bon benefici i ajudar a reduir la desnutrici\u00f3 infantil al Sudan del Sud. Aquest any han decidit renovar les normes per tal d\u2019aconseguir m\u00e9s diners. Les normes s\u00f3n d\u2019all\u00f2 m\u00e9s clares i senzilles per facilitar el seu enteniment. Durant una setmana es passa un recipient per a contenir diners i la classe m\u00e9s solid\u00e0ria s\u2019emportar\u00e0 un premi. Aquest curs ha estat la classe de 2n ESO A. Una altra norma \u00e9s que per poder c\u00f3rrer s\u2019ha de donar un euro, per tal de comprar cadasc\u00fa el seu dorsal. En definitiva, l\u2019objectiu d\u2019aquest any \u00e9s superar les donacions d\u2019altres anys i augmentar tamb\u00e9 la participaci\u00f3. Tots dos prop\u00f2sits s\u2019han aconseguit!<\/p>\n<p>Com es va organitzar el dia? El dia trenta d\u2019octubre, es van realitzar les primeres tres classes amb normalitat. En acabar les classes, es va fer un pati de deu minuts i es va anar al camp de futbol, on els alumnes de 4t ens esperaven amb entrepans de tonyina, llonganissa i formatge, juntament amb diferents begudes i tamb\u00e9 amb castanyes per seguir la tradici\u00f3.<\/p>\n<p>En acabar els entrepans i un cop preparada la taula per vendre els dorsals, es van anar cridant a les classes, les quals van pagar l\u2019euro del dorsal i van preparar-se a la l\u00ednia de sortida, abans de comen\u00e7ar a c\u00f3rrer el nostre professor \u00d3scar els va fer fotografies. Ara s\u00ed que un cop preparats, els alumnes van comen\u00e7ar a c\u00f3rrer; alguns van fer dos, d\u2019altres tres, d\u2019altres fins a vint-i-quatre voltes! En acabar cada alumne va donar una quantitat considerable de diners, superant la dels anys anteriors.<\/p>\n<p>El dia va acabar b\u00e9. Els alumnes satisfets i els professors orgullosos de veure els alumnes tan motivats a seguir fent activitats com aquestes.<\/p>\n<p>\u201cLa verdadera solidaridad solo es posible entre los solidarios.-Jose Bergamin.\u201d<\/p>\n<p>By Sara and Gabriel 3r ESO<\/p>\n","protected":false},"excerpt":{"rendered":"<p>La Castanyada \u00e9s una festa popular que es celebra a Catalunya el dia abans de Tots Sants i la tradici\u00f3 diu que cal menjar castanyes.<br \/>\nCom cada any, els professors s\u2019han anat reunint per organitzar aquest dia per unir-nos a tots, per tal d\u2019obtenir un bon&hellip;  <a href=\"https:\/\/agora.xtec.cat\/ies-seros\/general\/la-castanyada-segons-els-alumnes-de-3er-eso\/\" title=\"Read La Castanyada segons els alumnes de 3er ESO\">Llegeix m\u00e9s\u00bb<\/a><\/p>\n","protected":false},"author":1,"featured_media":0,"comment_status":"open","ping_status":"closed","sticky":true,"template":"","format":"standard","meta":{"_bbp_topic_count":0,"_bbp_reply_count":0,"_bbp_total_topic_count":0,"_bbp_total_reply_count":0,"_bbp_voice_count":0,"_bbp_anonymous_reply_count":0,"_bbp_topic_count_hidden":0,"_bbp_reply_count_hidden":0,"_bbp_forum_subforum_count":0,"footnotes":""},"categories":[6,1,29],"tags":[141],"class_list":["post-2398","post","type-post","status-publish","format-standard","hentry","category-eso-3","category-general","category-portada","tag-festes"],"post_mailing_queue_ids":[],"_links":{"self":[{"href":"https:\/\/agora.xtec.cat\/ies-seros\/wp-json\/wp\/v2\/posts\/2398","targetHints":{"allow":["GET"]}}],"collection":[{"href":"https:\/\/agora.xtec.cat\/ies-seros\/wp-json\/wp\/v2\/posts"}],"about":[{"href":"https:\/\/agora.xtec.cat\/ies-seros\/wp-json\/wp\/v2\/types\/post"}],"author":[{"embeddable":true,"href":"https:\/\/agora.xtec.cat\/ies-seros\/wp-json\/wp\/v2\/users\/1"}],"replies":[{"embeddable":true,"href":"https:\/\/agora.xtec.cat\/ies-seros\/wp-json\/wp\/v2\/comments?post=2398"}],"version-history":[{"count":2,"href":"https:\/\/agora.xtec.cat\/ies-seros\/wp-json\/wp\/v2\/posts\/2398\/revisions"}],"predecessor-version":[{"id":2400,"href":"https:\/\/agora.xtec.cat\/ies-seros\/wp-json\/wp\/v2\/posts\/2398\/revisions\/2400"}],"wp:attachment":[{"href":"https:\/\/agora.xtec.cat\/ies-seros\/wp-json\/wp\/v2\/media?parent=2398"}],"wp:term":[{"taxonomy":"category","embeddable":true,"href":"https:\/\/agora.xtec.cat\/ies-seros\/wp-json\/wp\/v2\/categories?post=2398"},{"taxonomy":"post_tag","embeddable":true,"href":"https:\/\/agora.xtec.cat\/ies-seros\/wp-json\/wp\/v2\/tags?post=2398"}],"curies":[{"name":"wp","href":"https:\/\/api.w.org\/{rel}","templated":true}]}}