{"id":11934,"date":"2026-03-11T10:52:03","date_gmt":"2026-03-11T09:52:03","guid":{"rendered":"https:\/\/agora.xtec.cat\/ies-seros\/?p=11934"},"modified":"2026-03-11T10:52:45","modified_gmt":"2026-03-11T09:52:45","slug":"iniciem-tasca-a-latac-a-seros","status":"publish","type":"post","link":"https:\/\/agora.xtec.cat\/ies-seros\/portada\/iniciem-tasca-a-latac-a-seros\/","title":{"rendered":"INICIEM TASCA A L&#8217;ATAC A SER\u00d2S"},"content":{"rendered":"<p>Benvolguda comunitat educativa,<\/p>\n<p>Ens plau comunicar-vos que el dijous<strong>\u00a012 de mar\u00e7 de 17 h a 19 h<\/strong> iniciem l&#8217;activitat de Tasca a l&#8217;atac a Ser\u00f2s.<\/p>\n<p>Tasca a l&#8217;atac!, \u00e9s una activitat oberta, gratu\u00efta i sense inscripci\u00f3 que es dur\u00e0 a terme en principi cada dijous<strong>\u00a0de 17 h a 19 h a\u00a0<\/strong>\u00a0als<strong>\u00a0baixos del Casal de Ser\u00f2s.<\/strong><\/p>\n<p>En un principi es dur\u00e0 a terme un dia a la setmana,per\u00f2 valorarem, si es treu profit de l&#8217;activitat, si ampliem m\u00e9s dies.\u00a0Dins aquest horari hi haur\u00e0 el\u00a0<strong>Jordi Ibars\u00a0<\/strong>monitor que donar\u00e0 suport i acompanyament a l&#8217;alumnat que ho requereixi en el desenvolupament de tasques di\u00e0ries i treballs, t\u00e8cniques de planificaci\u00f3 i h\u00e0bits d&#8217;estudi, cerca d&#8217;informaci\u00f3, entre d&#8217;altres, per a tot l&#8217;alumnat de prim\u00e0ria i l&#8217;ESO.<\/p>\n<p>Tasca a l&#8217;atac!, esdev\u00e9 tamb\u00e9 un espai de conviv\u00e8ncia, aprenentatge i socialitzaci\u00f3 en un ambient de treball, veu baixa i concentraci\u00f3.<\/p>\n<p><img loading=\"lazy\" decoding=\"async\" class=\"aligncenter wp-image-11935 size-large\" src=\"https:\/\/agora.xtec.cat\/ies-seros\/wp-content\/uploads\/usu323\/2026\/03\/SEROS-Tasca-a-lAtac-2025-2026-1-724x1024.jpg\" alt=\"\" width=\"724\" height=\"1024\" srcset=\"https:\/\/agora.xtec.cat\/ies-seros\/wp-content\/uploads\/usu323\/2026\/03\/SEROS-Tasca-a-lAtac-2025-2026-1-724x1024.jpg 724w, https:\/\/agora.xtec.cat\/ies-seros\/wp-content\/uploads\/usu323\/2026\/03\/SEROS-Tasca-a-lAtac-2025-2026-1-212x300.jpg 212w, https:\/\/agora.xtec.cat\/ies-seros\/wp-content\/uploads\/usu323\/2026\/03\/SEROS-Tasca-a-lAtac-2025-2026-1-768x1086.jpg 768w, https:\/\/agora.xtec.cat\/ies-seros\/wp-content\/uploads\/usu323\/2026\/03\/SEROS-Tasca-a-lAtac-2025-2026-1-1086x1536.jpg 1086w, https:\/\/agora.xtec.cat\/ies-seros\/wp-content\/uploads\/usu323\/2026\/03\/SEROS-Tasca-a-lAtac-2025-2026-1.jpg 1414w\" sizes=\"auto, (max-width: 724px) 100vw, 724px\" \/><\/p>\n","protected":false},"excerpt":{"rendered":"<p>Benvolguda comunitat educativa,<br \/>\nEns plau comunicar-vos que el dijous\u00a012 de mar\u00e7 de 17 h a 19 h iniciem l&#8217;activitat de Tasca a l&#8217;atac a Ser\u00f2s.<br \/>\nTasca a l&#8217;atac!, \u00e9s una activitat oberta, gratu\u00efta i sense inscripci\u00f3 que es dur\u00e0 a terme en principi cada dijous\u00a0de 17 h&hellip;  <a href=\"https:\/\/agora.xtec.cat\/ies-seros\/portada\/iniciem-tasca-a-latac-a-seros\/\" title=\"Read INICIEM TASCA A L&#8217;ATAC A SER\u00d2S\">Llegeix m\u00e9s\u00bb<\/a><\/p>\n","protected":false},"author":1,"featured_media":11935,"comment_status":"open","ping_status":"open","sticky":true,"template":"","format":"standard","meta":{"_bbp_topic_count":0,"_bbp_reply_count":0,"_bbp_total_topic_count":0,"_bbp_total_reply_count":0,"_bbp_voice_count":0,"_bbp_anonymous_reply_count":0,"_bbp_topic_count_hidden":0,"_bbp_reply_count_hidden":0,"_bbp_forum_subforum_count":0,"footnotes":""},"categories":[29],"tags":[],"class_list":["post-11934","post","type-post","status-publish","format-standard","has-post-thumbnail","hentry","category-portada"],"post_mailing_queue_ids":[],"_links":{"self":[{"href":"https:\/\/agora.xtec.cat\/ies-seros\/wp-json\/wp\/v2\/posts\/11934","targetHints":{"allow":["GET"]}}],"collection":[{"href":"https:\/\/agora.xtec.cat\/ies-seros\/wp-json\/wp\/v2\/posts"}],"about":[{"href":"https:\/\/agora.xtec.cat\/ies-seros\/wp-json\/wp\/v2\/types\/post"}],"author":[{"embeddable":true,"href":"https:\/\/agora.xtec.cat\/ies-seros\/wp-json\/wp\/v2\/users\/1"}],"replies":[{"embeddable":true,"href":"https:\/\/agora.xtec.cat\/ies-seros\/wp-json\/wp\/v2\/comments?post=11934"}],"version-history":[{"count":2,"href":"https:\/\/agora.xtec.cat\/ies-seros\/wp-json\/wp\/v2\/posts\/11934\/revisions"}],"predecessor-version":[{"id":11938,"href":"https:\/\/agora.xtec.cat\/ies-seros\/wp-json\/wp\/v2\/posts\/11934\/revisions\/11938"}],"wp:featuredmedia":[{"embeddable":true,"href":"https:\/\/agora.xtec.cat\/ies-seros\/wp-json\/wp\/v2\/media\/11935"}],"wp:attachment":[{"href":"https:\/\/agora.xtec.cat\/ies-seros\/wp-json\/wp\/v2\/media?parent=11934"}],"wp:term":[{"taxonomy":"category","embeddable":true,"href":"https:\/\/agora.xtec.cat\/ies-seros\/wp-json\/wp\/v2\/categories?post=11934"},{"taxonomy":"post_tag","embeddable":true,"href":"https:\/\/agora.xtec.cat\/ies-seros\/wp-json\/wp\/v2\/tags?post=11934"}],"curies":[{"name":"wp","href":"https:\/\/api.w.org\/{rel}","templated":true}]}}