{"id":11928,"date":"2026-03-06T09:10:11","date_gmt":"2026-03-06T08:10:11","guid":{"rendered":"https:\/\/agora.xtec.cat\/ies-seros\/?p=11928"},"modified":"2026-03-11T10:52:34","modified_gmt":"2026-03-11T09:52:34","slug":"iniciem-tasca-a-latac-a-la-granja-descarp","status":"publish","type":"post","link":"https:\/\/agora.xtec.cat\/ies-seros\/general\/iniciem-tasca-a-latac-a-la-granja-descarp\/","title":{"rendered":"INICIEM TASCA A L&#8217;ATAC A LA GRANJA D&#8217;ESCARP"},"content":{"rendered":"<div>Benvolguda comunitat educativa,<\/div>\n<div><\/div>\n<div>El proper dimecres<b>\u00a011 de mar\u00e7 de 17 h a 19 h<\/b> s&#8217;inicia l&#8217;activitat de Tasca a l&#8217;atac a la Granja d&#8217;Escarp.<\/div>\n<div>\n<div>\n<p><span style=\"font-family: arial, sans-serif;\">Tasca a l&#8217;atac!, \u00e9s una activitat oberta, gratu\u00efta i sense inscripci\u00f3 que es dur\u00e0 a terme cada dimecres i dijous<b>\u00a0de 17 h a 19 h a\u00a0<\/b><\/span>\u00a0a la<b>\u00a0Biblioteca<\/b><span style=\"color: #000000;\">\u00a0<b>P\u00fablica Ferran S\u00e0ez Mateu de la Granja d\u2019Escarp.<\/b><\/span>\u00a0\u00a0<span style=\"font-family: arial, sans-serif;\">Dins aquest horari hi haur\u00e0 l&#8217;Antonio\u00a0Prodan, monitor que donar\u00e0 suport i acompanyament a l&#8217;alumnat que ho requereixi en el desenvolupament de tasques di\u00e0ries i treballs, t\u00e8cniques de planificaci\u00f3 i h\u00e0bits d&#8217;estudi, cerca d&#8217;informaci\u00f3, entre d&#8217;altres.\u00a0<\/span><\/p>\n<p>Tasca a l&#8217;atac!, esdev\u00e9 tamb\u00e9 un espai de conviv\u00e8ncia, aprenentatge i socialitzaci\u00f3 en un ambient de treball, veu baixa i concentraci\u00f3.<\/p>\n<p><img loading=\"lazy\" decoding=\"async\" class=\"aligncenter wp-image-11929 size-large\" src=\"https:\/\/agora.xtec.cat\/ies-seros\/wp-content\/uploads\/usu323\/2026\/03\/LA-GRANJA-Tasca-a-lAtac-2025-2026-724x1024.jpg\" alt=\"\" width=\"724\" height=\"1024\" srcset=\"https:\/\/agora.xtec.cat\/ies-seros\/wp-content\/uploads\/usu323\/2026\/03\/LA-GRANJA-Tasca-a-lAtac-2025-2026-724x1024.jpg 724w, https:\/\/agora.xtec.cat\/ies-seros\/wp-content\/uploads\/usu323\/2026\/03\/LA-GRANJA-Tasca-a-lAtac-2025-2026-212x300.jpg 212w, https:\/\/agora.xtec.cat\/ies-seros\/wp-content\/uploads\/usu323\/2026\/03\/LA-GRANJA-Tasca-a-lAtac-2025-2026-768x1086.jpg 768w, https:\/\/agora.xtec.cat\/ies-seros\/wp-content\/uploads\/usu323\/2026\/03\/LA-GRANJA-Tasca-a-lAtac-2025-2026-1086x1536.jpg 1086w, https:\/\/agora.xtec.cat\/ies-seros\/wp-content\/uploads\/usu323\/2026\/03\/LA-GRANJA-Tasca-a-lAtac-2025-2026.jpg 1414w\" sizes=\"auto, (max-width: 724px) 100vw, 724px\" \/><\/p>\n<\/div>\n<\/div>\n","protected":false},"excerpt":{"rendered":"<p>Benvolguda comunitat educativa,<\/p>\n<p>El proper dimecres\u00a011 de mar\u00e7 de 17 h a 19 h s&#8217;inicia l&#8217;activitat de Tasca a l&#8217;atac a la Granja d&#8217;Escarp.<\/p>\n<p>Tasca a l&#8217;atac!, \u00e9s una activitat oberta, gratu\u00efta i sense inscripci\u00f3 que es dur\u00e0 a terme cada dimecres i dijous\u00a0de 17 h a&hellip;  <a href=\"https:\/\/agora.xtec.cat\/ies-seros\/general\/iniciem-tasca-a-latac-a-la-granja-descarp\/\" title=\"Read INICIEM TASCA A L&#8217;ATAC A LA GRANJA D&#8217;ESCARP\">Llegeix m\u00e9s\u00bb<\/a><\/p>\n","protected":false},"author":1,"featured_media":11929,"comment_status":"open","ping_status":"open","sticky":true,"template":"","format":"standard","meta":{"_bbp_topic_count":0,"_bbp_reply_count":0,"_bbp_total_topic_count":0,"_bbp_total_reply_count":0,"_bbp_voice_count":0,"_bbp_anonymous_reply_count":0,"_bbp_topic_count_hidden":0,"_bbp_reply_count_hidden":0,"_bbp_forum_subforum_count":0,"footnotes":""},"categories":[1,29],"tags":[],"class_list":["post-11928","post","type-post","status-publish","format-standard","has-post-thumbnail","hentry","category-general","category-portada"],"post_mailing_queue_ids":[],"_links":{"self":[{"href":"https:\/\/agora.xtec.cat\/ies-seros\/wp-json\/wp\/v2\/posts\/11928","targetHints":{"allow":["GET"]}}],"collection":[{"href":"https:\/\/agora.xtec.cat\/ies-seros\/wp-json\/wp\/v2\/posts"}],"about":[{"href":"https:\/\/agora.xtec.cat\/ies-seros\/wp-json\/wp\/v2\/types\/post"}],"author":[{"embeddable":true,"href":"https:\/\/agora.xtec.cat\/ies-seros\/wp-json\/wp\/v2\/users\/1"}],"replies":[{"embeddable":true,"href":"https:\/\/agora.xtec.cat\/ies-seros\/wp-json\/wp\/v2\/comments?post=11928"}],"version-history":[{"count":2,"href":"https:\/\/agora.xtec.cat\/ies-seros\/wp-json\/wp\/v2\/posts\/11928\/revisions"}],"predecessor-version":[{"id":11937,"href":"https:\/\/agora.xtec.cat\/ies-seros\/wp-json\/wp\/v2\/posts\/11928\/revisions\/11937"}],"wp:featuredmedia":[{"embeddable":true,"href":"https:\/\/agora.xtec.cat\/ies-seros\/wp-json\/wp\/v2\/media\/11929"}],"wp:attachment":[{"href":"https:\/\/agora.xtec.cat\/ies-seros\/wp-json\/wp\/v2\/media?parent=11928"}],"wp:term":[{"taxonomy":"category","embeddable":true,"href":"https:\/\/agora.xtec.cat\/ies-seros\/wp-json\/wp\/v2\/categories?post=11928"},{"taxonomy":"post_tag","embeddable":true,"href":"https:\/\/agora.xtec.cat\/ies-seros\/wp-json\/wp\/v2\/tags?post=11928"}],"curies":[{"name":"wp","href":"https:\/\/api.w.org\/{rel}","templated":true}]}}