{"id":11898,"date":"2026-03-05T06:45:16","date_gmt":"2026-03-05T05:45:16","guid":{"rendered":"https:\/\/agora.xtec.cat\/ies-seros\/?p=11898"},"modified":"2026-03-04T13:51:37","modified_gmt":"2026-03-04T12:51:37","slug":"celebrem-el-dia-de-la-dona","status":"publish","type":"post","link":"https:\/\/agora.xtec.cat\/ies-seros\/portada\/celebrem-el-dia-de-la-dona\/","title":{"rendered":"Celebrem el Dia de la dona"},"content":{"rendered":"<p>Un any m\u00e9s a la biblioteca hem preparat una exposici\u00f3 on les protagonistes s\u00f3n les dones: bi\u00f2logues, futbolistes, cantants, escriptores, actores&#8230;<\/p>\n<p>Si vols col\u00b7laborar, pots fer visible una dona, amb la seva fotografia i una breu biografia i te l&#8217;exposarem!<\/p>\n<p><a href=\"https:\/\/agora.xtec.cat\/ies-seros\/wp-content\/uploads\/usu323\/2026\/03\/20260304_131532-2-scaled.jpg\"><img loading=\"lazy\" decoding=\"async\" class=\" wp-image-11899 aligncenter\" src=\"https:\/\/agora.xtec.cat\/ies-seros\/wp-content\/uploads\/usu323\/2026\/03\/20260304_131532-2-1024x768.jpg\" alt=\"\" width=\"867\" height=\"650\" srcset=\"https:\/\/agora.xtec.cat\/ies-seros\/wp-content\/uploads\/usu323\/2026\/03\/20260304_131532-2-1024x768.jpg 1024w, https:\/\/agora.xtec.cat\/ies-seros\/wp-content\/uploads\/usu323\/2026\/03\/20260304_131532-2-300x225.jpg 300w, https:\/\/agora.xtec.cat\/ies-seros\/wp-content\/uploads\/usu323\/2026\/03\/20260304_131532-2-768x576.jpg 768w, https:\/\/agora.xtec.cat\/ies-seros\/wp-content\/uploads\/usu323\/2026\/03\/20260304_131532-2-1536x1152.jpg 1536w, https:\/\/agora.xtec.cat\/ies-seros\/wp-content\/uploads\/usu323\/2026\/03\/20260304_131532-2-2048x1536.jpg 2048w, https:\/\/agora.xtec.cat\/ies-seros\/wp-content\/uploads\/usu323\/2026\/03\/20260304_131532-2-200x150.jpg 200w\" sizes=\"auto, (max-width: 867px) 100vw, 867px\" \/><\/a><\/p>\n<p><a href=\"https:\/\/agora.xtec.cat\/ies-seros\/wp-content\/uploads\/usu323\/2026\/03\/20260304_131550-2-1-scaled.jpg\"><img loading=\"lazy\" decoding=\"async\" class=\" wp-image-11900 aligncenter\" src=\"https:\/\/agora.xtec.cat\/ies-seros\/wp-content\/uploads\/usu323\/2026\/03\/20260304_131550-2-1-1024x768.jpg\" alt=\"\" width=\"869\" height=\"652\" srcset=\"https:\/\/agora.xtec.cat\/ies-seros\/wp-content\/uploads\/usu323\/2026\/03\/20260304_131550-2-1-1024x768.jpg 1024w, https:\/\/agora.xtec.cat\/ies-seros\/wp-content\/uploads\/usu323\/2026\/03\/20260304_131550-2-1-300x225.jpg 300w, https:\/\/agora.xtec.cat\/ies-seros\/wp-content\/uploads\/usu323\/2026\/03\/20260304_131550-2-1-768x576.jpg 768w, https:\/\/agora.xtec.cat\/ies-seros\/wp-content\/uploads\/usu323\/2026\/03\/20260304_131550-2-1-1536x1152.jpg 1536w, https:\/\/agora.xtec.cat\/ies-seros\/wp-content\/uploads\/usu323\/2026\/03\/20260304_131550-2-1-2048x1536.jpg 2048w, https:\/\/agora.xtec.cat\/ies-seros\/wp-content\/uploads\/usu323\/2026\/03\/20260304_131550-2-1-200x150.jpg 200w\" sizes=\"auto, (max-width: 869px) 100vw, 869px\" \/><\/a><\/p>\n<p style=\"text-align: center;\">[Cr\u00e8dits fotogr\u00e0fics: JMCO]<\/p>\n","protected":false},"excerpt":{"rendered":"<p>Un any m\u00e9s a la biblioteca hem preparat una exposici\u00f3 on les protagonistes s\u00f3n les dones: bi\u00f2logues, futbolistes, cantants, escriptores, actores&#8230;<br \/>\nSi vols col\u00b7laborar, pots fer visible una dona, amb la seva fotografia i una breu biografia i te l&#8217;exposarem!<br \/>\n<a href=\"https:\/\/agora.xtec.cat\/ies-seros\/wp-content\/uploads\/usu323\/2026\/03\/20260304_131532-2-scaled.jpg\"><\/a><br \/>\n<a href=\"https:\/\/agora.xtec.cat\/ies-seros\/wp-content\/uploads\/usu323\/2026\/03\/20260304_131550-2-1-scaled.jpg\"><\/a><br \/>\n[Cr\u00e8dits fotogr\u00e0fics: JMCO]<\/p>\n","protected":false},"author":37,"featured_media":11901,"comment_status":"open","ping_status":"open","sticky":false,"template":"","format":"standard","meta":{"_bbp_topic_count":0,"_bbp_reply_count":0,"_bbp_total_topic_count":0,"_bbp_total_reply_count":0,"_bbp_voice_count":0,"_bbp_anonymous_reply_count":0,"_bbp_topic_count_hidden":0,"_bbp_reply_count_hidden":0,"_bbp_forum_subforum_count":0,"footnotes":""},"categories":[201,29],"tags":[400],"class_list":["post-11898","post","type-post","status-publish","format-standard","has-post-thumbnail","hentry","category-biblioseros","category-portada","tag-activitats"],"post_mailing_queue_ids":[],"_links":{"self":[{"href":"https:\/\/agora.xtec.cat\/ies-seros\/wp-json\/wp\/v2\/posts\/11898","targetHints":{"allow":["GET"]}}],"collection":[{"href":"https:\/\/agora.xtec.cat\/ies-seros\/wp-json\/wp\/v2\/posts"}],"about":[{"href":"https:\/\/agora.xtec.cat\/ies-seros\/wp-json\/wp\/v2\/types\/post"}],"author":[{"embeddable":true,"href":"https:\/\/agora.xtec.cat\/ies-seros\/wp-json\/wp\/v2\/users\/37"}],"replies":[{"embeddable":true,"href":"https:\/\/agora.xtec.cat\/ies-seros\/wp-json\/wp\/v2\/comments?post=11898"}],"version-history":[{"count":1,"href":"https:\/\/agora.xtec.cat\/ies-seros\/wp-json\/wp\/v2\/posts\/11898\/revisions"}],"predecessor-version":[{"id":11902,"href":"https:\/\/agora.xtec.cat\/ies-seros\/wp-json\/wp\/v2\/posts\/11898\/revisions\/11902"}],"wp:featuredmedia":[{"embeddable":true,"href":"https:\/\/agora.xtec.cat\/ies-seros\/wp-json\/wp\/v2\/media\/11901"}],"wp:attachment":[{"href":"https:\/\/agora.xtec.cat\/ies-seros\/wp-json\/wp\/v2\/media?parent=11898"}],"wp:term":[{"taxonomy":"category","embeddable":true,"href":"https:\/\/agora.xtec.cat\/ies-seros\/wp-json\/wp\/v2\/categories?post=11898"},{"taxonomy":"post_tag","embeddable":true,"href":"https:\/\/agora.xtec.cat\/ies-seros\/wp-json\/wp\/v2\/tags?post=11898"}],"curies":[{"name":"wp","href":"https:\/\/api.w.org\/{rel}","templated":true}]}}