{"id":11880,"date":"2026-03-03T17:03:04","date_gmt":"2026-03-03T16:03:04","guid":{"rendered":"https:\/\/agora.xtec.cat\/ies-seros\/?p=11880"},"modified":"2026-03-06T09:01:49","modified_gmt":"2026-03-06T08:01:49","slug":"tasca-a-latac-a-les-biblioteques-de-seros-i-aitona","status":"publish","type":"post","link":"https:\/\/agora.xtec.cat\/ies-seros\/portada\/tasca-a-latac-a-les-biblioteques-de-seros-i-aitona\/","title":{"rendered":"INICI TASCA A L&#8217;ATAC A LA BIBLIOTECA DE SOSES I AITONA"},"content":{"rendered":"<div>Us informem que el<b>\u00a0dimarts dia 3 de mar\u00e7\u00a0<\/b>comen\u00e7a la<em><strong><span class=\"il\">Tasca<\/span>\u00a0a l&#8217;Atac<\/strong><\/em> a la Biblioteca de Soses i Aitona.<\/div>\n<div><\/div>\n<div>A la Biblioteca de Soses far\u00e0 l&#8217;acompanyament a l&#8217;alumnat la S\u00edlvia Fern\u00e1ndez i a la Biblioteca d&#8217;Aitona hi haur\u00e0 el Jordi Ibars i la Irene Casadella.<\/div>\n<div>Us deixem la informaci\u00f3 sobre els horaris.<\/div>\n<div><\/div>\n<div><img loading=\"lazy\" decoding=\"async\" class=\"aligncenter wp-image-11903 size-large\" src=\"https:\/\/agora.xtec.cat\/ies-seros\/wp-content\/uploads\/usu323\/2026\/03\/SOSES-Tasca-a-lAtac-2025-2026-1-724x1024.jpg\" alt=\"\" width=\"724\" height=\"1024\" srcset=\"https:\/\/agora.xtec.cat\/ies-seros\/wp-content\/uploads\/usu323\/2026\/03\/SOSES-Tasca-a-lAtac-2025-2026-1-724x1024.jpg 724w, https:\/\/agora.xtec.cat\/ies-seros\/wp-content\/uploads\/usu323\/2026\/03\/SOSES-Tasca-a-lAtac-2025-2026-1-212x300.jpg 212w, https:\/\/agora.xtec.cat\/ies-seros\/wp-content\/uploads\/usu323\/2026\/03\/SOSES-Tasca-a-lAtac-2025-2026-1-768x1086.jpg 768w, https:\/\/agora.xtec.cat\/ies-seros\/wp-content\/uploads\/usu323\/2026\/03\/SOSES-Tasca-a-lAtac-2025-2026-1-1086x1536.jpg 1086w, https:\/\/agora.xtec.cat\/ies-seros\/wp-content\/uploads\/usu323\/2026\/03\/SOSES-Tasca-a-lAtac-2025-2026-1.jpg 1414w\" sizes=\"auto, (max-width: 724px) 100vw, 724px\" \/><\/div>\n<div><\/div>\n<div><img loading=\"lazy\" decoding=\"async\" class=\"aligncenter wp-image-11883 size-large\" src=\"https:\/\/agora.xtec.cat\/ies-seros\/wp-content\/uploads\/usu323\/2026\/03\/AITONA-Tasca-a-lAtac-2025-2026-724x1024.jpg\" alt=\"\" width=\"724\" height=\"1024\" srcset=\"https:\/\/agora.xtec.cat\/ies-seros\/wp-content\/uploads\/usu323\/2026\/03\/AITONA-Tasca-a-lAtac-2025-2026-724x1024.jpg 724w, https:\/\/agora.xtec.cat\/ies-seros\/wp-content\/uploads\/usu323\/2026\/03\/AITONA-Tasca-a-lAtac-2025-2026-212x300.jpg 212w, https:\/\/agora.xtec.cat\/ies-seros\/wp-content\/uploads\/usu323\/2026\/03\/AITONA-Tasca-a-lAtac-2025-2026-768x1086.jpg 768w, https:\/\/agora.xtec.cat\/ies-seros\/wp-content\/uploads\/usu323\/2026\/03\/AITONA-Tasca-a-lAtac-2025-2026-1086x1536.jpg 1086w, https:\/\/agora.xtec.cat\/ies-seros\/wp-content\/uploads\/usu323\/2026\/03\/AITONA-Tasca-a-lAtac-2025-2026.jpg 1414w\" sizes=\"auto, (max-width: 724px) 100vw, 724px\" \/><\/div>\n","protected":false},"excerpt":{"rendered":"<p>Us informem que el\u00a0dimarts dia 3 de mar\u00e7\u00a0comen\u00e7a laTasca\u00a0a l&#8217;Atac a la Biblioteca de Soses i Aitona.<\/p>\n<p>A la Biblioteca de Soses far\u00e0 l&#8217;acompanyament a l&#8217;alumnat la S\u00edlvia Fern\u00e1ndez i a la Biblioteca d&#8217;Aitona hi haur\u00e0 el Jordi Ibars i la Irene Casadella.<br \/>\nUs deixem la informaci\u00f3&hellip;  <a href=\"https:\/\/agora.xtec.cat\/ies-seros\/portada\/tasca-a-latac-a-les-biblioteques-de-seros-i-aitona\/\" title=\"Read INICI TASCA A L&#8217;ATAC A LA BIBLIOTECA DE SOSES I AITONA\">Llegeix m\u00e9s\u00bb<\/a><\/p>\n","protected":false},"author":1,"featured_media":11883,"comment_status":"open","ping_status":"open","sticky":true,"template":"","format":"standard","meta":{"_bbp_topic_count":0,"_bbp_reply_count":0,"_bbp_total_topic_count":0,"_bbp_total_reply_count":0,"_bbp_voice_count":0,"_bbp_anonymous_reply_count":0,"_bbp_topic_count_hidden":0,"_bbp_reply_count_hidden":0,"_bbp_forum_subforum_count":0,"footnotes":""},"categories":[29],"tags":[],"class_list":["post-11880","post","type-post","status-publish","format-standard","has-post-thumbnail","hentry","category-portada"],"post_mailing_queue_ids":[],"_links":{"self":[{"href":"https:\/\/agora.xtec.cat\/ies-seros\/wp-json\/wp\/v2\/posts\/11880","targetHints":{"allow":["GET"]}}],"collection":[{"href":"https:\/\/agora.xtec.cat\/ies-seros\/wp-json\/wp\/v2\/posts"}],"about":[{"href":"https:\/\/agora.xtec.cat\/ies-seros\/wp-json\/wp\/v2\/types\/post"}],"author":[{"embeddable":true,"href":"https:\/\/agora.xtec.cat\/ies-seros\/wp-json\/wp\/v2\/users\/1"}],"replies":[{"embeddable":true,"href":"https:\/\/agora.xtec.cat\/ies-seros\/wp-json\/wp\/v2\/comments?post=11880"}],"version-history":[{"count":5,"href":"https:\/\/agora.xtec.cat\/ies-seros\/wp-json\/wp\/v2\/posts\/11880\/revisions"}],"predecessor-version":[{"id":11927,"href":"https:\/\/agora.xtec.cat\/ies-seros\/wp-json\/wp\/v2\/posts\/11880\/revisions\/11927"}],"wp:featuredmedia":[{"embeddable":true,"href":"https:\/\/agora.xtec.cat\/ies-seros\/wp-json\/wp\/v2\/media\/11883"}],"wp:attachment":[{"href":"https:\/\/agora.xtec.cat\/ies-seros\/wp-json\/wp\/v2\/media?parent=11880"}],"wp:term":[{"taxonomy":"category","embeddable":true,"href":"https:\/\/agora.xtec.cat\/ies-seros\/wp-json\/wp\/v2\/categories?post=11880"},{"taxonomy":"post_tag","embeddable":true,"href":"https:\/\/agora.xtec.cat\/ies-seros\/wp-json\/wp\/v2\/tags?post=11880"}],"curies":[{"name":"wp","href":"https:\/\/api.w.org\/{rel}","templated":true}]}}