{"id":11826,"date":"2026-02-04T13:52:40","date_gmt":"2026-02-04T12:52:40","guid":{"rendered":"https:\/\/agora.xtec.cat\/ies-seros\/?p=11826"},"modified":"2026-02-20T13:20:25","modified_gmt":"2026-02-20T12:20:25","slug":"cartell-per-al-torneig-descacs-interinstituts-2026","status":"publish","type":"post","link":"https:\/\/agora.xtec.cat\/ies-seros\/general\/cartell-per-al-torneig-descacs-interinstituts-2026\/","title":{"rendered":"Cartell per al Torneig d&#8217;Escacs Interinstituts 2026"},"content":{"rendered":"<p>Us comparteixo el cartell que ha estat escollit per la Comissi\u00f3 del Torneig d&#8217;Escacs. Esperem que us encanti. Ha estat realitzat per l&#8217;alumne Carlos Antonio Stroe, de 1r B. Moltes felicitats!<\/p>\n<p style=\"text-align: center;\"><a href=\"https:\/\/agora.xtec.cat\/ies-seros\/wp-content\/uploads\/usu323\/2026\/02\/1.jpg\"><img loading=\"lazy\" decoding=\"async\" class=\"alignnone wp-image-11847\" src=\"https:\/\/agora.xtec.cat\/ies-seros\/wp-content\/uploads\/usu323\/2026\/02\/1-819x1024.jpg\" alt=\"\" width=\"828\" height=\"1035\" srcset=\"https:\/\/agora.xtec.cat\/ies-seros\/wp-content\/uploads\/usu323\/2026\/02\/1-819x1024.jpg 819w, https:\/\/agora.xtec.cat\/ies-seros\/wp-content\/uploads\/usu323\/2026\/02\/1-240x300.jpg 240w, https:\/\/agora.xtec.cat\/ies-seros\/wp-content\/uploads\/usu323\/2026\/02\/1-768x960.jpg 768w, https:\/\/agora.xtec.cat\/ies-seros\/wp-content\/uploads\/usu323\/2026\/02\/1.jpg 1080w\" sizes=\"auto, (max-width: 828px) 100vw, 828px\" \/><\/a><\/p>\n<p style=\"text-align: center;\">[Autor: Carlos Antonio Stroe]<\/p>\n<p>&nbsp;<\/p>\n<p>Ens agradaria fer una menci\u00f3 especial al segon classificat, Karim Maamouri de 2n B, que en va crear un tamb\u00e9 formidable, i que va quedar en segona posici\u00f3 per un vot.<\/p>\n<p><a href=\"https:\/\/agora.xtec.cat\/ies-seros\/wp-content\/uploads\/usu323\/2026\/02\/Cartell-2n-classificat.png\"><img loading=\"lazy\" decoding=\"async\" class=\" wp-image-11828 aligncenter\" src=\"https:\/\/agora.xtec.cat\/ies-seros\/wp-content\/uploads\/usu323\/2026\/02\/Cartell-2n-classificat-724x1024.png\" alt=\"\" width=\"832\" height=\"1177\" srcset=\"https:\/\/agora.xtec.cat\/ies-seros\/wp-content\/uploads\/usu323\/2026\/02\/Cartell-2n-classificat-724x1024.png 724w, https:\/\/agora.xtec.cat\/ies-seros\/wp-content\/uploads\/usu323\/2026\/02\/Cartell-2n-classificat-212x300.png 212w, https:\/\/agora.xtec.cat\/ies-seros\/wp-content\/uploads\/usu323\/2026\/02\/Cartell-2n-classificat-768x1086.png 768w, https:\/\/agora.xtec.cat\/ies-seros\/wp-content\/uploads\/usu323\/2026\/02\/Cartell-2n-classificat-1086x1536.png 1086w, https:\/\/agora.xtec.cat\/ies-seros\/wp-content\/uploads\/usu323\/2026\/02\/Cartell-2n-classificat-1448x2048.png 1448w, https:\/\/agora.xtec.cat\/ies-seros\/wp-content\/uploads\/usu323\/2026\/02\/Cartell-2n-classificat.png 1587w\" sizes=\"auto, (max-width: 832px) 100vw, 832px\" \/><\/a><\/p>\n<p style=\"text-align: center;\">[Autor: Karim Maamouri]<\/p>\n","protected":false},"excerpt":{"rendered":"<p>Us comparteixo el cartell que ha estat escollit per la Comissi\u00f3 del Torneig d&#8217;Escacs. Esperem que us encanti. Ha estat realitzat per l&#8217;alumne Carlos Antonio Stroe, de 1r B. Moltes felicitats!<br \/>\n<a href=\"https:\/\/agora.xtec.cat\/ies-seros\/wp-content\/uploads\/usu323\/2026\/02\/1.jpg\"><\/a><br \/>\n[Autor: Carlos Antonio Stroe]<br \/>\n&nbsp;<br \/>\nEns agradaria fer una menci\u00f3 especial al segon classificat, Karim Maamouri&hellip;  <a href=\"https:\/\/agora.xtec.cat\/ies-seros\/general\/cartell-per-al-torneig-descacs-interinstituts-2026\/\" title=\"Read Cartell per al Torneig d&#8217;Escacs Interinstituts 2026\">Llegeix m\u00e9s\u00bb<\/a><\/p>\n","protected":false},"author":37,"featured_media":11847,"comment_status":"open","ping_status":"open","sticky":true,"template":"","format":"standard","meta":{"_bbp_topic_count":0,"_bbp_reply_count":0,"_bbp_total_topic_count":0,"_bbp_total_reply_count":0,"_bbp_voice_count":0,"_bbp_anonymous_reply_count":0,"_bbp_topic_count_hidden":0,"_bbp_reply_count_hidden":0,"_bbp_forum_subforum_count":0,"footnotes":""},"categories":[201,1,29],"tags":[400],"class_list":["post-11826","post","type-post","status-publish","format-standard","has-post-thumbnail","hentry","category-biblioseros","category-general","category-portada","tag-activitats"],"post_mailing_queue_ids":[],"_links":{"self":[{"href":"https:\/\/agora.xtec.cat\/ies-seros\/wp-json\/wp\/v2\/posts\/11826","targetHints":{"allow":["GET"]}}],"collection":[{"href":"https:\/\/agora.xtec.cat\/ies-seros\/wp-json\/wp\/v2\/posts"}],"about":[{"href":"https:\/\/agora.xtec.cat\/ies-seros\/wp-json\/wp\/v2\/types\/post"}],"author":[{"embeddable":true,"href":"https:\/\/agora.xtec.cat\/ies-seros\/wp-json\/wp\/v2\/users\/37"}],"replies":[{"embeddable":true,"href":"https:\/\/agora.xtec.cat\/ies-seros\/wp-json\/wp\/v2\/comments?post=11826"}],"version-history":[{"count":4,"href":"https:\/\/agora.xtec.cat\/ies-seros\/wp-json\/wp\/v2\/posts\/11826\/revisions"}],"predecessor-version":[{"id":11848,"href":"https:\/\/agora.xtec.cat\/ies-seros\/wp-json\/wp\/v2\/posts\/11826\/revisions\/11848"}],"wp:featuredmedia":[{"embeddable":true,"href":"https:\/\/agora.xtec.cat\/ies-seros\/wp-json\/wp\/v2\/media\/11847"}],"wp:attachment":[{"href":"https:\/\/agora.xtec.cat\/ies-seros\/wp-json\/wp\/v2\/media?parent=11826"}],"wp:term":[{"taxonomy":"category","embeddable":true,"href":"https:\/\/agora.xtec.cat\/ies-seros\/wp-json\/wp\/v2\/categories?post=11826"},{"taxonomy":"post_tag","embeddable":true,"href":"https:\/\/agora.xtec.cat\/ies-seros\/wp-json\/wp\/v2\/tags?post=11826"}],"curies":[{"name":"wp","href":"https:\/\/api.w.org\/{rel}","templated":true}]}}