{"id":11632,"date":"2025-10-07T13:38:34","date_gmt":"2025-10-07T11:38:34","guid":{"rendered":"https:\/\/agora.xtec.cat\/ies-seros\/?p=11632"},"modified":"2025-10-09T09:27:58","modified_gmt":"2025-10-09T07:27:58","slug":"la-web-de-la-biblioteca-ins-seros-consulta-del-cataleg","status":"publish","type":"post","link":"https:\/\/agora.xtec.cat\/ies-seros\/general\/la-web-de-la-biblioteca-ins-seros-consulta-del-cataleg\/","title":{"rendered":"La web de la Biblioteca Ins Ser\u00f2s. Consulta del cat\u00e0leg"},"content":{"rendered":"<p>Per tal de localitzar la web de la biblioteca del centre, en primer lloc cal entrar a <strong><span style=\"color: #ff0000;\">la p\u00e0gina del centre<\/span><\/strong>:<\/p>\n<p><a href=\"https:\/\/agora.xtec.cat\/ies-seros\/\">https:\/\/agora.xtec.cat\/ies-seros\/<\/a><\/p>\n<p>&nbsp;<\/p>\n<p>Posteriorment, cal anar <span style=\"color: #ff0000;\"><strong>al men\u00fa<\/strong><\/span>, situat a la banda dreta part superior de la p\u00e0gina i clicar a les tres ratlletes per tal de desplegar-lo.<\/p>\n<p><a href=\"https:\/\/agora.xtec.cat\/ies-seros\/wp-content\/uploads\/usu323\/2025\/10\/Menu-scaled.jpg\"><img loading=\"lazy\" decoding=\"async\" class=\"wp-image-11633 aligncenter\" src=\"https:\/\/agora.xtec.cat\/ies-seros\/wp-content\/uploads\/usu323\/2025\/10\/Menu-1024x458.jpg\" alt=\"\" width=\"689\" height=\"308\" srcset=\"https:\/\/agora.xtec.cat\/ies-seros\/wp-content\/uploads\/usu323\/2025\/10\/Menu-1024x458.jpg 1024w, https:\/\/agora.xtec.cat\/ies-seros\/wp-content\/uploads\/usu323\/2025\/10\/Menu-300x134.jpg 300w, https:\/\/agora.xtec.cat\/ies-seros\/wp-content\/uploads\/usu323\/2025\/10\/Menu-768x343.jpg 768w, https:\/\/agora.xtec.cat\/ies-seros\/wp-content\/uploads\/usu323\/2025\/10\/Menu-1536x687.jpg 1536w, https:\/\/agora.xtec.cat\/ies-seros\/wp-content\/uploads\/usu323\/2025\/10\/Menu-2048x916.jpg 2048w\" sizes=\"auto, (max-width: 689px) 100vw, 689px\" \/><\/a><\/p>\n<p>&nbsp;<\/p>\n<p>En obrir-se el men\u00fa i al flanc dret trobareu <span style=\"color: #ff0000;\"><strong>Biblioteca<\/strong><\/span> amb tres pestanyes:<\/p>\n<p><a href=\"https:\/\/agora.xtec.cat\/ies-seros\/wp-content\/uploads\/usu323\/2025\/10\/Seccions-biblioteca-scaled.jpg\"><img loading=\"lazy\" decoding=\"async\" class=\"size-large wp-image-11634 aligncenter\" src=\"https:\/\/agora.xtec.cat\/ies-seros\/wp-content\/uploads\/usu323\/2025\/10\/Seccions-biblioteca-1024x431.jpg\" alt=\"\" width=\"1024\" height=\"431\" srcset=\"https:\/\/agora.xtec.cat\/ies-seros\/wp-content\/uploads\/usu323\/2025\/10\/Seccions-biblioteca-1024x431.jpg 1024w, https:\/\/agora.xtec.cat\/ies-seros\/wp-content\/uploads\/usu323\/2025\/10\/Seccions-biblioteca-300x126.jpg 300w, https:\/\/agora.xtec.cat\/ies-seros\/wp-content\/uploads\/usu323\/2025\/10\/Seccions-biblioteca-768x323.jpg 768w, https:\/\/agora.xtec.cat\/ies-seros\/wp-content\/uploads\/usu323\/2025\/10\/Seccions-biblioteca-1536x647.jpg 1536w, https:\/\/agora.xtec.cat\/ies-seros\/wp-content\/uploads\/usu323\/2025\/10\/Seccions-biblioteca-2048x862.jpg 2048w\" sizes=\"auto, (max-width: 1024px) 100vw, 1024px\" \/><\/a><\/p>\n<p><strong>.Novetats<\/strong><\/p>\n<p><strong>.Revistes. Hemeroteca<\/strong><\/p>\n<p><strong>.Club de lectura<\/strong><\/p>\n<p>&nbsp;<\/p>\n<p><span style=\"color: #3366ff;\"><strong>A Novetats: <\/strong><\/span><\/p>\n<p>Hi ha les not\u00edcies, consulta del cat\u00e0leg de la biblioteca des de qualsevol lloc, si tenim el llibre o no, o b\u00e9, si n&#8217;hi ha de disponibles, l&#8217;inventari dels Treballs de recerca, documents de biblioteca, hist\u00f2ria de la biblioteca, segells de bones pr\u00e0ctiques i altres.<\/p>\n<p><a href=\"https:\/\/agora.xtec.cat\/ies-seros\/categoria\/biblioseros\/\">https:\/\/agora.xtec.cat\/ies-seros\/categoria\/biblioseros\/<\/a><\/p>\n<p>&nbsp;<\/p>\n<p><span style=\"color: #3366ff;\"><strong>A Revistes. Hemeroteca:<\/strong><\/span><\/p>\n<p>Hi ha emmagatzemades de manera digital totes les revistes que s&#8217;han realitzat al centre i les que vindran, meravelloses de consultar i que quedaran all\u00ed per sempre. Es poden emprar per treballar quelcom a l&#8217;aula.<\/p>\n<p><a href=\"https:\/\/agora.xtec.cat\/ies-seros\/general\/revistes-antigues\/\">https:\/\/agora.xtec.cat\/ies-seros\/general\/revistes-antigues\/<\/a><\/p>\n<p>&nbsp;<\/p>\n<p><span style=\"color: #3366ff;\"><strong>A Club de lectura:<\/strong><\/span><\/p>\n<p>Hi ha dos clubs de lectura de llibres per participar-hi hi treballar, de moment: &#8220;Atrapats&#8221;, de Xavier Gual, i &#8220;Premonicions&#8221;, d&#8217;Emili Bayo.<\/p>\n<p><a href=\"https:\/\/agora.xtec.cat\/ies-seros\/categoria\/clublectura\/\">https:\/\/agora.xtec.cat\/ies-seros\/categoria\/clublectura\/<\/a><\/p>\n<p>&nbsp;<\/p>\n<p><span style=\"color: #993366;\"><strong>.Com es consulta el cat\u00e0leg?<\/strong><\/span><\/p>\n<p>Entrant a novetats, clicant a la imatge eP\u00e8rgam i escrivint b\u00e9 la consulta.<\/p>\n<p><a href=\"https:\/\/agora.xtec.cat\/ies-seros\/wp-content\/uploads\/usu323\/2025\/10\/epergam1.jpg\"><img loading=\"lazy\" decoding=\"async\" class=\" wp-image-11635 aligncenter\" src=\"https:\/\/agora.xtec.cat\/ies-seros\/wp-content\/uploads\/usu323\/2025\/10\/epergam1.jpg\" alt=\"\" width=\"345\" height=\"316\" \/><\/a><\/p>\n<p>&nbsp;<\/p>\n<p><span style=\"color: #993366;\"><strong>.Com es consulten els Treballs de recerca de Batxillerat?<\/strong><\/span><\/p>\n<p>Anant a eP\u00e8rgam com en el punt anterior, o b\u00e9, per a \u00e9sser m\u00e9s efectiu, anar a l&#8217;inventari, clicant a la imatge de sota d&#8217;eP\u00e8rgam, on hi ha una lupa i hi apareix<span style=\"color: #ff6600;\"><strong> &#8220;Treballs de recerca&#8221;<\/strong><\/span>. Els trobareu classificats per mat\u00e8ries. Aquest llistat s&#8217;actualitza cada 30 d&#8217;octubre, introduint els Treballs de recerca que han obtingut un m\u00ednim de 8, dels quals, hi haur\u00e0 una c\u00f2pia disponible a la biblioteca per a consulta. Aquests treballs es poden agafar en pr\u00e9stec o realitzar una sessi\u00f3 dirigida sense desordenar-los de cada arxiu.<\/p>\n<p><a href=\"https:\/\/drive.google.com\/file\/d\/1EIqM5Ijq6kJaGyY46hXbWemiUpfewv9-\/view\">https:\/\/drive.google.com\/file\/d\/1EIqM5Ijq6kJaGyY46hXbWemiUpfewv9-\/view<\/a><\/p>\n<p><a href=\"https:\/\/agora.xtec.cat\/ies-seros\/wp-content\/uploads\/usu323\/2025\/10\/Treballs-de-recerca-1.png\"><img loading=\"lazy\" decoding=\"async\" class=\" wp-image-11637 aligncenter\" src=\"https:\/\/agora.xtec.cat\/ies-seros\/wp-content\/uploads\/usu323\/2025\/10\/Treballs-de-recerca-1.png\" alt=\"\" width=\"328\" height=\"307\" \/><\/a><\/p>\n<p>&nbsp;<\/p>\n<p><span style=\"color: #800000;\"><strong>.Pr\u00e9stec de llibres<\/strong><\/span><\/p>\n<p>Tothom pot agafar llibres de la biblioteca. Cal realitzar la<span style=\"color: #339966;\"><strong> renovaci\u00f3 de manera mensual portant l&#8217;exemplar<\/strong><\/span>. El l\u00edmit de pr\u00e9stec \u00e9s fins al 21 de juny de cada curs. <strong><span style=\"color: #339966;\">Quan el llibre s&#8217;acaba de llegir ha de retornar-se a la biblioteca en horari de pati.<\/span> <\/strong>Els pr\u00e9stecs s&#8217;han de fer in situ, tanmateix, si alg\u00fa necessita la reserva d&#8217;un llibre, pot contactar amb el matenidor de la biblioteca.<\/p>\n<p><span style=\"color: #ff6600;\"><strong>L&#8217;horari d&#8217;atenci\u00f3 tant per a alumnat i com per al professorat \u00e9s durant el pati<\/strong><\/span>, fora d&#8217;aquest horari no es pot venir, perqu\u00e8 s&#8217;interrompen classes. Gr\u00e0cies per la col\u00b7laboraci\u00f3.<\/p>\n","protected":false},"excerpt":{"rendered":"<p>Per tal de localitzar la web de la biblioteca del centre, en primer lloc cal entrar a la p\u00e0gina del centre:<br \/>\n<a href=\"https:\/\/agora.xtec.cat\/ies-seros\/\">https:\/\/agora.xtec.cat\/ies-seros\/<\/a><br \/>\n&nbsp;<br \/>\nPosteriorment, cal anar al men\u00fa, situat a la banda dreta part superior de la p\u00e0gina i clicar a les tres ratlletes per tal de&hellip;  <a href=\"https:\/\/agora.xtec.cat\/ies-seros\/general\/la-web-de-la-biblioteca-ins-seros-consulta-del-cataleg\/\" title=\"Read La web de la Biblioteca Ins Ser\u00f2s. Consulta del cat\u00e0leg\">Llegeix m\u00e9s\u00bb<\/a><\/p>\n","protected":false},"author":37,"featured_media":11639,"comment_status":"open","ping_status":"open","sticky":true,"template":"","format":"standard","meta":{"_bbp_topic_count":0,"_bbp_reply_count":0,"_bbp_total_topic_count":0,"_bbp_total_reply_count":0,"_bbp_voice_count":0,"_bbp_anonymous_reply_count":0,"_bbp_topic_count_hidden":0,"_bbp_reply_count_hidden":0,"_bbp_forum_subforum_count":0,"footnotes":""},"categories":[201,1,29],"tags":[400],"class_list":["post-11632","post","type-post","status-publish","format-standard","has-post-thumbnail","hentry","category-biblioseros","category-general","category-portada","tag-activitats"],"post_mailing_queue_ids":[],"_links":{"self":[{"href":"https:\/\/agora.xtec.cat\/ies-seros\/wp-json\/wp\/v2\/posts\/11632","targetHints":{"allow":["GET"]}}],"collection":[{"href":"https:\/\/agora.xtec.cat\/ies-seros\/wp-json\/wp\/v2\/posts"}],"about":[{"href":"https:\/\/agora.xtec.cat\/ies-seros\/wp-json\/wp\/v2\/types\/post"}],"author":[{"embeddable":true,"href":"https:\/\/agora.xtec.cat\/ies-seros\/wp-json\/wp\/v2\/users\/37"}],"replies":[{"embeddable":true,"href":"https:\/\/agora.xtec.cat\/ies-seros\/wp-json\/wp\/v2\/comments?post=11632"}],"version-history":[{"count":6,"href":"https:\/\/agora.xtec.cat\/ies-seros\/wp-json\/wp\/v2\/posts\/11632\/revisions"}],"predecessor-version":[{"id":11646,"href":"https:\/\/agora.xtec.cat\/ies-seros\/wp-json\/wp\/v2\/posts\/11632\/revisions\/11646"}],"wp:featuredmedia":[{"embeddable":true,"href":"https:\/\/agora.xtec.cat\/ies-seros\/wp-json\/wp\/v2\/media\/11639"}],"wp:attachment":[{"href":"https:\/\/agora.xtec.cat\/ies-seros\/wp-json\/wp\/v2\/media?parent=11632"}],"wp:term":[{"taxonomy":"category","embeddable":true,"href":"https:\/\/agora.xtec.cat\/ies-seros\/wp-json\/wp\/v2\/categories?post=11632"},{"taxonomy":"post_tag","embeddable":true,"href":"https:\/\/agora.xtec.cat\/ies-seros\/wp-json\/wp\/v2\/tags?post=11632"}],"curies":[{"name":"wp","href":"https:\/\/api.w.org\/{rel}","templated":true}]}}