{"id":11421,"date":"2025-06-04T11:37:41","date_gmt":"2025-06-04T09:37:41","guid":{"rendered":"https:\/\/agora.xtec.cat\/ies-seros\/?p=11421"},"modified":"2025-06-04T11:37:41","modified_gmt":"2025-06-04T09:37:41","slug":"calendari-de-juny-escoles-verdes-curs-24-25","status":"publish","type":"post","link":"https:\/\/agora.xtec.cat\/ies-seros\/portada\/calendari-de-juny-escoles-verdes-curs-24-25\/","title":{"rendered":"Calendari de juny Escoles Verdes curs 24-25"},"content":{"rendered":"<p><a href=\"https:\/\/agora.xtec.cat\/ies-seros\/wp-content\/uploads\/usu323\/2025\/06\/Carta-Avaluacio-Juny-2024-25_page-0001.jpg\"><img loading=\"lazy\" decoding=\"async\" class=\"aligncenter wp-image-11422 size-full\" src=\"https:\/\/agora.xtec.cat\/ies-seros\/wp-content\/uploads\/usu323\/2025\/06\/Carta-Avaluacio-Juny-2024-25_page-0001.jpg\" alt=\"\" width=\"1755\" height=\"1241\" srcset=\"https:\/\/agora.xtec.cat\/ies-seros\/wp-content\/uploads\/usu323\/2025\/06\/Carta-Avaluacio-Juny-2024-25_page-0001.jpg 1755w, https:\/\/agora.xtec.cat\/ies-seros\/wp-content\/uploads\/usu323\/2025\/06\/Carta-Avaluacio-Juny-2024-25_page-0001-300x212.jpg 300w, https:\/\/agora.xtec.cat\/ies-seros\/wp-content\/uploads\/usu323\/2025\/06\/Carta-Avaluacio-Juny-2024-25_page-0001-1024x724.jpg 1024w, https:\/\/agora.xtec.cat\/ies-seros\/wp-content\/uploads\/usu323\/2025\/06\/Carta-Avaluacio-Juny-2024-25_page-0001-768x543.jpg 768w, https:\/\/agora.xtec.cat\/ies-seros\/wp-content\/uploads\/usu323\/2025\/06\/Carta-Avaluacio-Juny-2024-25_page-0001-1536x1086.jpg 1536w\" sizes=\"auto, (max-width: 1755px) 100vw, 1755px\" \/><\/a><\/p>\n<p>Hem arribat al juny amb el calendari i \u00e9s moment per fer balan\u00e7 del curs des del punt de vista mediambiental. Aprofiteu per treure la bicicleta ara que fa bo i penseu amb la biodiversitat que tenen els nostres oceans. Ara que acabem curs, voleu fer mem\u00f2ria? quins s\u00f3n els nostres residus, quina la nostra empremta h\u00eddrica, l&#8217;empremta carb\u00f2nica, el malbaratament alimentari, si tenim cura de la biodiversitat&#8230;<\/p>\n<p>Despr\u00e9s d&#8217;aquesta reflexi\u00f3, teniu propostes de millora per al curs vinent? Estem oberts a les vostres propostes. Fins aviat.<\/p>\n<p>&nbsp;<\/p>\n","protected":false},"excerpt":{"rendered":"<p><a href=\"https:\/\/agora.xtec.cat\/ies-seros\/wp-content\/uploads\/usu323\/2025\/06\/Carta-Avaluacio-Juny-2024-25_page-0001.jpg\"><\/a><br \/>\nHem arribat al juny amb el calendari i \u00e9s moment per fer balan\u00e7 del curs des del punt de vista mediambiental. Aprofiteu per treure la bicicleta ara que fa bo i penseu amb la biodiversitat que tenen els nostres oceans. Ara que acabem curs,&hellip;  <a href=\"https:\/\/agora.xtec.cat\/ies-seros\/portada\/calendari-de-juny-escoles-verdes-curs-24-25\/\" title=\"Read Calendari de juny Escoles Verdes curs 24-25\">Llegeix m\u00e9s\u00bb<\/a><\/p>\n","protected":false},"author":87,"featured_media":11422,"comment_status":"open","ping_status":"open","sticky":true,"template":"","format":"standard","meta":{"_bbp_topic_count":0,"_bbp_reply_count":0,"_bbp_total_topic_count":0,"_bbp_total_reply_count":0,"_bbp_voice_count":0,"_bbp_anonymous_reply_count":0,"_bbp_topic_count_hidden":0,"_bbp_reply_count_hidden":0,"_bbp_forum_subforum_count":0,"footnotes":""},"categories":[116,29],"tags":[400,189,56,308],"class_list":["post-11421","post","type-post","status-publish","format-standard","has-post-thumbnail","hentry","category-escola-verda","category-portada","tag-activitats","tag-ciencies","tag-escola-verda","tag-hort-ecologic"],"post_mailing_queue_ids":[],"_links":{"self":[{"href":"https:\/\/agora.xtec.cat\/ies-seros\/wp-json\/wp\/v2\/posts\/11421","targetHints":{"allow":["GET"]}}],"collection":[{"href":"https:\/\/agora.xtec.cat\/ies-seros\/wp-json\/wp\/v2\/posts"}],"about":[{"href":"https:\/\/agora.xtec.cat\/ies-seros\/wp-json\/wp\/v2\/types\/post"}],"author":[{"embeddable":true,"href":"https:\/\/agora.xtec.cat\/ies-seros\/wp-json\/wp\/v2\/users\/87"}],"replies":[{"embeddable":true,"href":"https:\/\/agora.xtec.cat\/ies-seros\/wp-json\/wp\/v2\/comments?post=11421"}],"version-history":[{"count":4,"href":"https:\/\/agora.xtec.cat\/ies-seros\/wp-json\/wp\/v2\/posts\/11421\/revisions"}],"predecessor-version":[{"id":11426,"href":"https:\/\/agora.xtec.cat\/ies-seros\/wp-json\/wp\/v2\/posts\/11421\/revisions\/11426"}],"wp:featuredmedia":[{"embeddable":true,"href":"https:\/\/agora.xtec.cat\/ies-seros\/wp-json\/wp\/v2\/media\/11422"}],"wp:attachment":[{"href":"https:\/\/agora.xtec.cat\/ies-seros\/wp-json\/wp\/v2\/media?parent=11421"}],"wp:term":[{"taxonomy":"category","embeddable":true,"href":"https:\/\/agora.xtec.cat\/ies-seros\/wp-json\/wp\/v2\/categories?post=11421"},{"taxonomy":"post_tag","embeddable":true,"href":"https:\/\/agora.xtec.cat\/ies-seros\/wp-json\/wp\/v2\/tags?post=11421"}],"curies":[{"name":"wp","href":"https:\/\/api.w.org\/{rel}","templated":true}]}}