{"id":11112,"date":"2025-03-26T12:35:02","date_gmt":"2025-03-26T11:35:02","guid":{"rendered":"https:\/\/agora.xtec.cat\/ies-seros\/?p=11112"},"modified":"2025-03-26T12:39:02","modified_gmt":"2025-03-26T11:39:02","slug":"sota-la-pluja-llibre-de-contes-den-jaume-centelles","status":"publish","type":"post","link":"https:\/\/agora.xtec.cat\/ies-seros\/general\/sota-la-pluja-llibre-de-contes-den-jaume-centelles\/","title":{"rendered":"&#8220;Sota la pluja&#8221;, llibre de contes d&#8217;en Jaume Centelles"},"content":{"rendered":"<p>&nbsp;<\/p>\n<p style=\"text-align: center;\"><a href=\"https:\/\/agora.xtec.cat\/ies-seros\/wp-content\/uploads\/usu323\/2025\/03\/Sota-la-pluja.jpg\"><img loading=\"lazy\" decoding=\"async\" class=\"alignnone wp-image-11114\" src=\"https:\/\/agora.xtec.cat\/ies-seros\/wp-content\/uploads\/usu323\/2025\/03\/Sota-la-pluja.jpg\" alt=\"\" width=\"592\" height=\"574\" srcset=\"https:\/\/agora.xtec.cat\/ies-seros\/wp-content\/uploads\/usu323\/2025\/03\/Sota-la-pluja.jpg 810w, https:\/\/agora.xtec.cat\/ies-seros\/wp-content\/uploads\/usu323\/2025\/03\/Sota-la-pluja-300x291.jpg 300w, https:\/\/agora.xtec.cat\/ies-seros\/wp-content\/uploads\/usu323\/2025\/03\/Sota-la-pluja-768x744.jpg 768w\" sizes=\"auto, (max-width: 592px) 100vw, 592px\" \/><\/a><\/p>\n<p>T&#8217;aportem un llibre de contes interessant per a treballar fets actuals a les nostres aules. Escrit en cinc lleng\u00fces diferents: occit\u00e0, castell\u00e0, angl\u00e8s, franc\u00e8s i itali\u00e0. Est\u00e0 amenitzat per unes sensacionals il\u00b7lustracions de Sara Masi\u00e0. A trav\u00e9s de deu fant\u00e0stics contes es poden treballar els diferents ODS per a fer del nostre, un m\u00f3n millor: erradicaci\u00f3 de la pobresa, igualtat de g\u00e8nere, pau i just\u00edcia, consum responsable, bona salut, flora i fauna terrestres, lluita contra el canvi clim\u00e0tic.<\/p>\n<p>\u00c9s un nou recull de contes editat per l&#8217;associaci\u00f3 Implica&#8217;t+ que vetlla pel compliment de La carta de la Terra.<\/p>\n<p><span style=\"color: #ff6600;\"><strong>El podeu llegir i descarregar aqu\u00ed:<\/strong><\/span><\/p>\n<p><a href=\"https:\/\/agora.xtec.cat\/ies-seros\/wp-content\/uploads\/usu323\/2025\/03\/Sota-la-pluja_compressed.pdf\">Sota la pluja_compressed<\/a><\/p>\n<p style=\"text-align: center;\">[Imatge extreta de: jaumecentelles.cat]<\/p>\n","protected":false},"excerpt":{"rendered":"<p>&nbsp;<br \/>\n<a href=\"https:\/\/agora.xtec.cat\/ies-seros\/wp-content\/uploads\/usu323\/2025\/03\/Sota-la-pluja.jpg\"><\/a><br \/>\nT&#8217;aportem un llibre de contes interessant per a treballar fets actuals a les nostres aules. Escrit en cinc lleng\u00fces diferents: occit\u00e0, castell\u00e0, angl\u00e8s, franc\u00e8s i itali\u00e0. Est\u00e0 amenitzat per unes sensacionals il\u00b7lustracions de Sara Masi\u00e0. A trav\u00e9s de deu fant\u00e0stics contes es poden treballar&hellip;  <a href=\"https:\/\/agora.xtec.cat\/ies-seros\/general\/sota-la-pluja-llibre-de-contes-den-jaume-centelles\/\" title=\"Read &#8220;Sota la pluja&#8221;, llibre de contes d&#8217;en Jaume Centelles\">Llegeix m\u00e9s\u00bb<\/a><\/p>\n","protected":false},"author":37,"featured_media":11114,"comment_status":"open","ping_status":"closed","sticky":true,"template":"","format":"standard","meta":{"_bbp_topic_count":0,"_bbp_reply_count":0,"_bbp_total_topic_count":0,"_bbp_total_reply_count":0,"_bbp_voice_count":0,"_bbp_anonymous_reply_count":0,"_bbp_topic_count_hidden":0,"_bbp_reply_count_hidden":0,"_bbp_forum_subforum_count":0,"footnotes":""},"categories":[201,1,29],"tags":[400],"class_list":["post-11112","post","type-post","status-publish","format-standard","has-post-thumbnail","hentry","category-biblioseros","category-general","category-portada","tag-activitats"],"post_mailing_queue_ids":[],"_links":{"self":[{"href":"https:\/\/agora.xtec.cat\/ies-seros\/wp-json\/wp\/v2\/posts\/11112","targetHints":{"allow":["GET"]}}],"collection":[{"href":"https:\/\/agora.xtec.cat\/ies-seros\/wp-json\/wp\/v2\/posts"}],"about":[{"href":"https:\/\/agora.xtec.cat\/ies-seros\/wp-json\/wp\/v2\/types\/post"}],"author":[{"embeddable":true,"href":"https:\/\/agora.xtec.cat\/ies-seros\/wp-json\/wp\/v2\/users\/37"}],"replies":[{"embeddable":true,"href":"https:\/\/agora.xtec.cat\/ies-seros\/wp-json\/wp\/v2\/comments?post=11112"}],"version-history":[{"count":3,"href":"https:\/\/agora.xtec.cat\/ies-seros\/wp-json\/wp\/v2\/posts\/11112\/revisions"}],"predecessor-version":[{"id":11117,"href":"https:\/\/agora.xtec.cat\/ies-seros\/wp-json\/wp\/v2\/posts\/11112\/revisions\/11117"}],"wp:featuredmedia":[{"embeddable":true,"href":"https:\/\/agora.xtec.cat\/ies-seros\/wp-json\/wp\/v2\/media\/11114"}],"wp:attachment":[{"href":"https:\/\/agora.xtec.cat\/ies-seros\/wp-json\/wp\/v2\/media?parent=11112"}],"wp:term":[{"taxonomy":"category","embeddable":true,"href":"https:\/\/agora.xtec.cat\/ies-seros\/wp-json\/wp\/v2\/categories?post=11112"},{"taxonomy":"post_tag","embeddable":true,"href":"https:\/\/agora.xtec.cat\/ies-seros\/wp-json\/wp\/v2\/tags?post=11112"}],"curies":[{"name":"wp","href":"https:\/\/api.w.org\/{rel}","templated":true}]}}