{"id":11083,"date":"2025-03-21T11:46:02","date_gmt":"2025-03-21T10:46:02","guid":{"rendered":"https:\/\/agora.xtec.cat\/ies-seros\/?p=11083"},"modified":"2025-03-21T11:46:02","modified_gmt":"2025-03-21T10:46:02","slug":"2a-edicio-del-forum-de-les-cultures-2025","status":"publish","type":"post","link":"https:\/\/agora.xtec.cat\/ies-seros\/portada\/2a-edicio-del-forum-de-les-cultures-2025\/","title":{"rendered":"2a EDICI\u00d3 DEL FORUM DE LES CULTURES 2025"},"content":{"rendered":"<p>Bon dia,<br \/>\nL\u2019institut Ser\u00f2s en col\u00b7laboraci\u00f3 amb l\u2019Ajuntament de la mateixa poblaci\u00f3 engeguen<br \/>\nla 2\u00aa edici\u00f3 del F\u00f2rum de les Cultures, una iniciativa que va tindre lloc al 2023 i<br \/>\nla qual volem mantenir viva.<br \/>\nLa celebraci\u00f3 tindr\u00e0 lloc el dissabte dia 5 d\u2019abril entre les 10.00h i les 14.00h a la<br \/>\npla\u00e7a del poble de Ser\u00f2s.<\/p>\n<p>Pares i mares de les diferents cultures que a dia d\u2019avui tenim al nostre centre ens<br \/>\nmostraran, en un estand propi, aspectes del seu vestuari, gastronomia, costums,<br \/>\ntallers, m\u00fasica etc.. tot gaudint d\u2019un dia festiu amb bona entesa entre tothom.<\/p>\n<p>L&#8217;objectiu principal d\u2019aquesta trobada entre les diferents cultures, \u00e9s el de millorar<br \/>\nla cohesi\u00f3 entre tots els participants de la nostra comunitat educativa on no nom\u00e9s<br \/>\nhem de tenir en compte alumnat i professorat sin\u00f3 tamb\u00e9 les fam\u00edlies i la poblaci\u00f3<br \/>\nen general amb qui convivim.<br \/>\nDurant la festivitat, tindr\u00e0 lloc una cursa popular i diferents tallers (comptacontes,<br \/>\nhenna, bolillos, gegants, etc.) en els que tothom hi podr\u00e0 participar. Us animem a<br \/>\nvenir a veure\u2019ns i a gaudir d\u2019aquesta jornada que amb molta il\u00b7lusi\u00f3 i esfor\u00e7 estem<br \/>\npreparant.<\/p>\n<p>Per a m\u00e9s informaci\u00f3 us podeu adre\u00e7ar a la TIS de l&#8217;institut, Mireia Verg\u00e9<br \/>\n(mverge@insseros.cat).<br \/>\nComptem amb tots i totes per tal de fer una jornada gran i entranyable!<br \/>\nBen cordialment<br \/>\nDirecci\u00f3 INS Ser\u00f2s<\/p>\n<p><img loading=\"lazy\" decoding=\"async\" class=\"aligncenter size-large wp-image-11085\" src=\"https:\/\/agora.xtec.cat\/ies-seros\/wp-content\/uploads\/usu323\/2025\/03\/cursa-forum-CARTELL-724x1024.jpg\" alt=\"\" width=\"724\" height=\"1024\" srcset=\"https:\/\/agora.xtec.cat\/ies-seros\/wp-content\/uploads\/usu323\/2025\/03\/cursa-forum-CARTELL-724x1024.jpg 724w, https:\/\/agora.xtec.cat\/ies-seros\/wp-content\/uploads\/usu323\/2025\/03\/cursa-forum-CARTELL-212x300.jpg 212w, https:\/\/agora.xtec.cat\/ies-seros\/wp-content\/uploads\/usu323\/2025\/03\/cursa-forum-CARTELL-768x1086.jpg 768w, https:\/\/agora.xtec.cat\/ies-seros\/wp-content\/uploads\/usu323\/2025\/03\/cursa-forum-CARTELL-1086x1536.jpg 1086w, https:\/\/agora.xtec.cat\/ies-seros\/wp-content\/uploads\/usu323\/2025\/03\/cursa-forum-CARTELL-1448x2048.jpg 1448w, https:\/\/agora.xtec.cat\/ies-seros\/wp-content\/uploads\/usu323\/2025\/03\/cursa-forum-CARTELL-scaled.jpg 1810w\" sizes=\"auto, (max-width: 724px) 100vw, 724px\" \/><img loading=\"lazy\" decoding=\"async\" class=\"aligncenter size-large wp-image-11084\" src=\"https:\/\/agora.xtec.cat\/ies-seros\/wp-content\/uploads\/usu323\/2025\/03\/CARTELL-2o-EDICIO-724x1024.jpg\" alt=\"\" width=\"724\" height=\"1024\" srcset=\"https:\/\/agora.xtec.cat\/ies-seros\/wp-content\/uploads\/usu323\/2025\/03\/CARTELL-2o-EDICIO-724x1024.jpg 724w, https:\/\/agora.xtec.cat\/ies-seros\/wp-content\/uploads\/usu323\/2025\/03\/CARTELL-2o-EDICIO-212x300.jpg 212w, https:\/\/agora.xtec.cat\/ies-seros\/wp-content\/uploads\/usu323\/2025\/03\/CARTELL-2o-EDICIO-768x1086.jpg 768w, https:\/\/agora.xtec.cat\/ies-seros\/wp-content\/uploads\/usu323\/2025\/03\/CARTELL-2o-EDICIO-1086x1536.jpg 1086w, https:\/\/agora.xtec.cat\/ies-seros\/wp-content\/uploads\/usu323\/2025\/03\/CARTELL-2o-EDICIO-1448x2048.jpg 1448w, https:\/\/agora.xtec.cat\/ies-seros\/wp-content\/uploads\/usu323\/2025\/03\/CARTELL-2o-EDICIO-scaled.jpg 1810w\" sizes=\"auto, (max-width: 724px) 100vw, 724px\" \/><\/p>\n","protected":false},"excerpt":{"rendered":"<p>Bon dia,<br \/>\nL\u2019institut Ser\u00f2s en col\u00b7laboraci\u00f3 amb l\u2019Ajuntament de la mateixa poblaci\u00f3 engeguen<br \/>\nla 2\u00aa edici\u00f3 del F\u00f2rum de les Cultures, una iniciativa que va tindre lloc al 2023 i<br \/>\nla qual volem mantenir viva.<br \/>\nLa celebraci\u00f3 tindr\u00e0 lloc el dissabte dia 5 d\u2019abril entre les 10.00h i les&hellip;  <a href=\"https:\/\/agora.xtec.cat\/ies-seros\/portada\/2a-edicio-del-forum-de-les-cultures-2025\/\" title=\"Read 2a EDICI\u00d3 DEL FORUM DE LES CULTURES 2025\">Llegeix m\u00e9s\u00bb<\/a><\/p>\n","protected":false},"author":1,"featured_media":11084,"comment_status":"open","ping_status":"closed","sticky":true,"template":"","format":"standard","meta":{"_bbp_topic_count":0,"_bbp_reply_count":0,"_bbp_total_topic_count":0,"_bbp_total_reply_count":0,"_bbp_voice_count":0,"_bbp_anonymous_reply_count":0,"_bbp_topic_count_hidden":0,"_bbp_reply_count_hidden":0,"_bbp_forum_subforum_count":0,"footnotes":""},"categories":[29],"tags":[],"class_list":["post-11083","post","type-post","status-publish","format-standard","has-post-thumbnail","hentry","category-portada"],"post_mailing_queue_ids":[],"_links":{"self":[{"href":"https:\/\/agora.xtec.cat\/ies-seros\/wp-json\/wp\/v2\/posts\/11083","targetHints":{"allow":["GET"]}}],"collection":[{"href":"https:\/\/agora.xtec.cat\/ies-seros\/wp-json\/wp\/v2\/posts"}],"about":[{"href":"https:\/\/agora.xtec.cat\/ies-seros\/wp-json\/wp\/v2\/types\/post"}],"author":[{"embeddable":true,"href":"https:\/\/agora.xtec.cat\/ies-seros\/wp-json\/wp\/v2\/users\/1"}],"replies":[{"embeddable":true,"href":"https:\/\/agora.xtec.cat\/ies-seros\/wp-json\/wp\/v2\/comments?post=11083"}],"version-history":[{"count":1,"href":"https:\/\/agora.xtec.cat\/ies-seros\/wp-json\/wp\/v2\/posts\/11083\/revisions"}],"predecessor-version":[{"id":11086,"href":"https:\/\/agora.xtec.cat\/ies-seros\/wp-json\/wp\/v2\/posts\/11083\/revisions\/11086"}],"wp:featuredmedia":[{"embeddable":true,"href":"https:\/\/agora.xtec.cat\/ies-seros\/wp-json\/wp\/v2\/media\/11084"}],"wp:attachment":[{"href":"https:\/\/agora.xtec.cat\/ies-seros\/wp-json\/wp\/v2\/media?parent=11083"}],"wp:term":[{"taxonomy":"category","embeddable":true,"href":"https:\/\/agora.xtec.cat\/ies-seros\/wp-json\/wp\/v2\/categories?post=11083"},{"taxonomy":"post_tag","embeddable":true,"href":"https:\/\/agora.xtec.cat\/ies-seros\/wp-json\/wp\/v2\/tags?post=11083"}],"curies":[{"name":"wp","href":"https:\/\/api.w.org\/{rel}","templated":true}]}}