{"id":11004,"date":"2025-03-07T19:03:18","date_gmt":"2025-03-07T18:03:18","guid":{"rendered":"https:\/\/agora.xtec.cat\/ies-seros\/?p=11004"},"modified":"2025-03-07T19:34:16","modified_gmt":"2025-03-07T18:34:16","slug":"nou-segell-de-biblioteca-l3-tapropem-exposicions","status":"publish","type":"post","link":"https:\/\/agora.xtec.cat\/ies-seros\/general\/nou-segell-de-biblioteca-l3-tapropem-exposicions\/","title":{"rendered":"Nou segell de biblioteca. L3. &#8220;T&#8217;apropem exposicions&#8221;"},"content":{"rendered":"<p>Fins avui no se&#8217;ns ha notificat de la rebuda d&#8217;un nou segell de biblioteca. Fou atorgat el passat 26 de febrer.<\/p>\n<p>Finalment, el tenim, val m\u00e9s tard que mai i ens congratulem una vegada m\u00e9s! \u00c9s el 12\u00e8 en sis cursos.<\/p>\n<p>\u00c9s el primer d&#8217;aquest curs, tanmateix, costa \u00e9sser original i trobar noves idees i pr\u00e0ctiques per a millorar la nostra biblioteca, emper\u00f2, les seguirem cercant.<\/p>\n<p>&nbsp;<\/p>\n<p><a href=\"https:\/\/agora.xtec.cat\/ies-seros\/wp-content\/uploads\/usu323\/2025\/03\/2425-BESCAT.edu3_.png\"><img loading=\"lazy\" decoding=\"async\" class=\"size-full wp-image-11005 aligncenter\" src=\"https:\/\/agora.xtec.cat\/ies-seros\/wp-content\/uploads\/usu323\/2025\/03\/2425-BESCAT.edu3_.png\" alt=\"\" width=\"483\" height=\"416\" srcset=\"https:\/\/agora.xtec.cat\/ies-seros\/wp-content\/uploads\/usu323\/2025\/03\/2425-BESCAT.edu3_.png 483w, https:\/\/agora.xtec.cat\/ies-seros\/wp-content\/uploads\/usu323\/2025\/03\/2425-BESCAT.edu3_-300x258.png 300w\" sizes=\"auto, (max-width: 483px) 100vw, 483px\" \/><\/a><\/p>\n<p>&nbsp;<\/p>\n","protected":false},"excerpt":{"rendered":"<p>Fins avui no se&#8217;ns ha notificat de la rebuda d&#8217;un nou segell de biblioteca. Fou atorgat el passat 26 de febrer.<br \/>\nFinalment, el tenim, val m\u00e9s tard que mai i ens congratulem una vegada m\u00e9s! \u00c9s el 12\u00e8 en sis cursos.<br \/>\n\u00c9s el primer d&#8217;aquest curs, tanmateix,&hellip;  <a href=\"https:\/\/agora.xtec.cat\/ies-seros\/general\/nou-segell-de-biblioteca-l3-tapropem-exposicions\/\" title=\"Read Nou segell de biblioteca. L3. &#8220;T&#8217;apropem exposicions&#8221;\">Llegeix m\u00e9s\u00bb<\/a><\/p>\n","protected":false},"author":37,"featured_media":11005,"comment_status":"open","ping_status":"closed","sticky":true,"template":"","format":"standard","meta":{"_bbp_topic_count":0,"_bbp_reply_count":0,"_bbp_total_topic_count":0,"_bbp_total_reply_count":0,"_bbp_voice_count":0,"_bbp_anonymous_reply_count":0,"_bbp_topic_count_hidden":0,"_bbp_reply_count_hidden":0,"_bbp_forum_subforum_count":0,"footnotes":""},"categories":[201,1,29],"tags":[400],"class_list":["post-11004","post","type-post","status-publish","format-standard","has-post-thumbnail","hentry","category-biblioseros","category-general","category-portada","tag-activitats"],"post_mailing_queue_ids":[],"_links":{"self":[{"href":"https:\/\/agora.xtec.cat\/ies-seros\/wp-json\/wp\/v2\/posts\/11004","targetHints":{"allow":["GET"]}}],"collection":[{"href":"https:\/\/agora.xtec.cat\/ies-seros\/wp-json\/wp\/v2\/posts"}],"about":[{"href":"https:\/\/agora.xtec.cat\/ies-seros\/wp-json\/wp\/v2\/types\/post"}],"author":[{"embeddable":true,"href":"https:\/\/agora.xtec.cat\/ies-seros\/wp-json\/wp\/v2\/users\/37"}],"replies":[{"embeddable":true,"href":"https:\/\/agora.xtec.cat\/ies-seros\/wp-json\/wp\/v2\/comments?post=11004"}],"version-history":[{"count":3,"href":"https:\/\/agora.xtec.cat\/ies-seros\/wp-json\/wp\/v2\/posts\/11004\/revisions"}],"predecessor-version":[{"id":11008,"href":"https:\/\/agora.xtec.cat\/ies-seros\/wp-json\/wp\/v2\/posts\/11004\/revisions\/11008"}],"wp:featuredmedia":[{"embeddable":true,"href":"https:\/\/agora.xtec.cat\/ies-seros\/wp-json\/wp\/v2\/media\/11005"}],"wp:attachment":[{"href":"https:\/\/agora.xtec.cat\/ies-seros\/wp-json\/wp\/v2\/media?parent=11004"}],"wp:term":[{"taxonomy":"category","embeddable":true,"href":"https:\/\/agora.xtec.cat\/ies-seros\/wp-json\/wp\/v2\/categories?post=11004"},{"taxonomy":"post_tag","embeddable":true,"href":"https:\/\/agora.xtec.cat\/ies-seros\/wp-json\/wp\/v2\/tags?post=11004"}],"curies":[{"name":"wp","href":"https:\/\/api.w.org\/{rel}","templated":true}]}}