{"id":10910,"date":"2025-02-21T21:12:09","date_gmt":"2025-02-21T20:12:09","guid":{"rendered":"https:\/\/agora.xtec.cat\/ies-seros\/?p=10910"},"modified":"2025-03-19T11:14:17","modified_gmt":"2025-03-19T10:14:17","slug":"celebrem-el-dia-internacional-de-la-llengua-materna","status":"publish","type":"post","link":"https:\/\/agora.xtec.cat\/ies-seros\/general\/celebrem-el-dia-internacional-de-la-llengua-materna\/","title":{"rendered":"Celebrem el Dia Internacional de la Llengua Materna"},"content":{"rendered":"<p>&nbsp;<\/p>\n<p style=\"text-align: center;\"><a href=\"https:\/\/agora.xtec.cat\/ies-seros\/wp-content\/uploads\/usu323\/2025\/02\/danza-dia-lenguas-materanas-860x492-1.png\"><img loading=\"lazy\" decoding=\"async\" class=\"alignnone size-full wp-image-10911\" src=\"https:\/\/agora.xtec.cat\/ies-seros\/wp-content\/uploads\/usu323\/2025\/02\/danza-dia-lenguas-materanas-860x492-1.png\" alt=\"\" width=\"860\" height=\"492\" srcset=\"https:\/\/agora.xtec.cat\/ies-seros\/wp-content\/uploads\/usu323\/2025\/02\/danza-dia-lenguas-materanas-860x492-1.png 860w, https:\/\/agora.xtec.cat\/ies-seros\/wp-content\/uploads\/usu323\/2025\/02\/danza-dia-lenguas-materanas-860x492-1-300x172.png 300w, https:\/\/agora.xtec.cat\/ies-seros\/wp-content\/uploads\/usu323\/2025\/02\/danza-dia-lenguas-materanas-860x492-1-768x439.png 768w\" sizes=\"auto, (max-width: 860px) 100vw, 860px\" \/><\/a><\/p>\n<p>Cada 21 de febrer celebrem el Dia Internacional de la Llengua Materna, una jornada en la qual hem de ser conscients de la diversitat ling\u00fc\u00edstica que ens envolta i sobretot, cuidar-la. Fa pocs dies que hem vist que la nostra llengua, el catal\u00e0 va en retroc\u00e9s, i aix\u00f2 ho hem de revertir, perqu\u00e8 tota llengua \u00e9s cultura i saber, emper\u00f2, mentre es parli, seguir\u00e0 ben viva. D\u2019aqu\u00ed que cal que cuidem les lleng\u00fces que estan en perill de desaparici\u00f3, i sobretot, si la coneixeu, parleu-la, llegiu-la, escriviu-la. D\u2019on ve tota aquesta diversitat ling\u00fc\u00edstica?? Doncs, t\u00e9 un origen de caire mitol\u00f2gic, el trobar\u00e0s dins de <em>La B\u00edblia<\/em>, col\u00b7lecci\u00f3 de llibres.<\/p>\n<p>A la nostra biblioteca celebrarem aquesta data amb una petita exposici\u00f3 i amb llibres de les diferents lleng\u00fces que hi tenim representades, aix\u00ed com tamb\u00e9 podr\u00e0s gaudir de la lectura d&#8217;alguns contes d&#8217;arreu del m\u00f3n in situ, o si no pots, via digital!<\/p>\n<p>&nbsp;<\/p>\n<p><span style=\"color: #ff0000;\"><strong>Els nostres objectius:<\/strong><\/span><\/p>\n<p>.Fer prendre consci\u00e8ncia de quines lleng\u00fces hi ha amena\u00e7ades al m\u00f3n i de la seva riqueza cultural.<\/p>\n<p>.Con\u00e8ixer contes tradicionals dels diferents pa\u00efsos.<\/p>\n<p>.Consultar o agafar en pr\u00e9stec exemplars en diferents lleng\u00fces que tenim a la biblioteca: catal\u00e0, castell\u00e0, angl\u00e8s, franc\u00e8s, aran\u00e8s, \u00e0rab.<\/p>\n<p>&nbsp;<\/p>\n<p><span style=\"color: #ff00ff;\"><b>Et convidem a llegir contes d&#8217;arreu del m\u00f3n!<\/b><\/span><\/p>\n<p><a href=\"https:\/\/llengilitcat.blogspot.com\/search?q=contes+d%27arreu+del+m%C3%B3n\">https:\/\/llengilitcat.blogspot.com\/search?q=contes+d%27arreu+del+m%C3%B3n<\/a><\/p>\n<p><a href=\"https:\/\/agora.xtec.cat\/ies-seros\/wp-content\/uploads\/usu323\/2025\/02\/20250225_101758-scaled.jpg\"><img loading=\"lazy\" decoding=\"async\" class=\"size-large wp-image-10930\" src=\"https:\/\/agora.xtec.cat\/ies-seros\/wp-content\/uploads\/usu323\/2025\/02\/20250225_101758-1024x576.jpg\" alt=\"\" width=\"1024\" height=\"576\" srcset=\"https:\/\/agora.xtec.cat\/ies-seros\/wp-content\/uploads\/usu323\/2025\/02\/20250225_101758-1024x576.jpg 1024w, https:\/\/agora.xtec.cat\/ies-seros\/wp-content\/uploads\/usu323\/2025\/02\/20250225_101758-300x169.jpg 300w, https:\/\/agora.xtec.cat\/ies-seros\/wp-content\/uploads\/usu323\/2025\/02\/20250225_101758-768x432.jpg 768w, https:\/\/agora.xtec.cat\/ies-seros\/wp-content\/uploads\/usu323\/2025\/02\/20250225_101758-1536x864.jpg 1536w, https:\/\/agora.xtec.cat\/ies-seros\/wp-content\/uploads\/usu323\/2025\/02\/20250225_101758-2048x1152.jpg 2048w\" sizes=\"auto, (max-width: 1024px) 100vw, 1024px\" \/><\/a><\/p>\n<p><a href=\"https:\/\/agora.xtec.cat\/ies-seros\/wp-content\/uploads\/usu323\/2025\/02\/20250225_101742-scaled.jpg\"><img loading=\"lazy\" decoding=\"async\" class=\"size-large wp-image-10931 aligncenter\" src=\"https:\/\/agora.xtec.cat\/ies-seros\/wp-content\/uploads\/usu323\/2025\/02\/20250225_101742-576x1024.jpg\" alt=\"\" width=\"576\" height=\"1024\" srcset=\"https:\/\/agora.xtec.cat\/ies-seros\/wp-content\/uploads\/usu323\/2025\/02\/20250225_101742-576x1024.jpg 576w, https:\/\/agora.xtec.cat\/ies-seros\/wp-content\/uploads\/usu323\/2025\/02\/20250225_101742-169x300.jpg 169w, https:\/\/agora.xtec.cat\/ies-seros\/wp-content\/uploads\/usu323\/2025\/02\/20250225_101742-768x1365.jpg 768w, https:\/\/agora.xtec.cat\/ies-seros\/wp-content\/uploads\/usu323\/2025\/02\/20250225_101742-864x1536.jpg 864w, https:\/\/agora.xtec.cat\/ies-seros\/wp-content\/uploads\/usu323\/2025\/02\/20250225_101742-1152x2048.jpg 1152w, https:\/\/agora.xtec.cat\/ies-seros\/wp-content\/uploads\/usu323\/2025\/02\/20250225_101742-scaled.jpg 1440w\" sizes=\"auto, (max-width: 576px) 100vw, 576px\" \/><\/a><\/p>\n<p><a href=\"https:\/\/agora.xtec.cat\/ies-seros\/wp-content\/uploads\/usu323\/2025\/02\/20250225_101821-scaled.jpg\"><img loading=\"lazy\" decoding=\"async\" class=\"size-large wp-image-10932\" src=\"https:\/\/agora.xtec.cat\/ies-seros\/wp-content\/uploads\/usu323\/2025\/02\/20250225_101821-1024x576.jpg\" alt=\"\" width=\"1024\" height=\"576\" srcset=\"https:\/\/agora.xtec.cat\/ies-seros\/wp-content\/uploads\/usu323\/2025\/02\/20250225_101821-1024x576.jpg 1024w, https:\/\/agora.xtec.cat\/ies-seros\/wp-content\/uploads\/usu323\/2025\/02\/20250225_101821-300x169.jpg 300w, https:\/\/agora.xtec.cat\/ies-seros\/wp-content\/uploads\/usu323\/2025\/02\/20250225_101821-768x432.jpg 768w, https:\/\/agora.xtec.cat\/ies-seros\/wp-content\/uploads\/usu323\/2025\/02\/20250225_101821-1536x864.jpg 1536w, https:\/\/agora.xtec.cat\/ies-seros\/wp-content\/uploads\/usu323\/2025\/02\/20250225_101821-2048x1152.jpg 2048w\" sizes=\"auto, (max-width: 1024px) 100vw, 1024px\" \/><\/a><\/p>\n<p>&nbsp;<\/p>\n<p style=\"text-align: center;\"><span style=\"color: #3366ff;\"><strong>G\u00e8nesi 11,1-9<\/strong><\/span><\/p>\n<p style=\"text-align: center;\"><span style=\"color: #ff0000;\"><strong>LA TORRE DE BABEL<\/strong><\/span><\/p>\n<p>En tota la terra es parlava una sola llengua i es feien servir les mateixes paraules. Els homes van emigrar des de l&#8217;orient, trobaren una plana al pa\u00eds de Xinar i la van poblar. Llavors parlaren entre ells de fer maons i coure&#8217;ls al forn. Aix\u00ed comen\u00e7aren a fer servir maons en lloc de pedra, i asfalt en lloc de morter.<\/p>\n<p>Despr\u00e9s van dir:<\/p>\n<p>&#8211;Vinga, edifiquem-nos una ciutat i una torre que arribi fins al cel; aix\u00ed ens farem un nom i no ens dispersarem per tota la terra.<\/p>\n<p>El Senyor va baixar per veure la ciutat i la torre que constru\u00efen els homes, i es digu\u00e9: \u00abTots formen un sol poble i parlen una sola llengua. Si aquesta \u00e9s la primera obra que emprenen, des d&#8217;ara cap dels seus projectes no estar\u00e0 fora del seu abast. Baixem a posar confusi\u00f3 en el seu llenguatge perqu\u00e8 no s&#8217;entenguin entre ells.\u00bb<\/p>\n<p>Aix\u00ed el Senyor els va dispersar des d&#8217;aquella regi\u00f3 per tota la terra, i van abandonar la construcci\u00f3 de la ciutat.\u00a0 Per aix\u00f2 aquella ciutat porta el nom de Babel, perqu\u00e8 all\u00e0 el Senyor va posar la confusi\u00f3 en el llenguatge de tota la terra, i des d&#8217;all\u00e0 el Senyor va dispersar els homes arreu de la terra.<\/p>\n<p>&nbsp;<\/p>\n<p><a href=\"https:\/\/agora.xtec.cat\/ies-seros\/wp-content\/uploads\/usu323\/2025\/02\/les-llenges-un-tresor-7-728_Nero-AI_Photo_Face-1.png\"><img loading=\"lazy\" decoding=\"async\" class=\" wp-image-10913 aligncenter\" src=\"https:\/\/agora.xtec.cat\/ies-seros\/wp-content\/uploads\/usu323\/2025\/02\/les-llenges-un-tresor-7-728_Nero-AI_Photo_Face-1-1024x694.png\" alt=\"\" width=\"1236\" height=\"838\" srcset=\"https:\/\/agora.xtec.cat\/ies-seros\/wp-content\/uploads\/usu323\/2025\/02\/les-llenges-un-tresor-7-728_Nero-AI_Photo_Face-1-1024x694.png 1024w, https:\/\/agora.xtec.cat\/ies-seros\/wp-content\/uploads\/usu323\/2025\/02\/les-llenges-un-tresor-7-728_Nero-AI_Photo_Face-1-300x203.png 300w, https:\/\/agora.xtec.cat\/ies-seros\/wp-content\/uploads\/usu323\/2025\/02\/les-llenges-un-tresor-7-728_Nero-AI_Photo_Face-1-768x520.png 768w, https:\/\/agora.xtec.cat\/ies-seros\/wp-content\/uploads\/usu323\/2025\/02\/les-llenges-un-tresor-7-728_Nero-AI_Photo_Face-1-1536x1041.png 1536w, https:\/\/agora.xtec.cat\/ies-seros\/wp-content\/uploads\/usu323\/2025\/02\/les-llenges-un-tresor-7-728_Nero-AI_Photo_Face-1-2048x1388.png 2048w\" sizes=\"auto, (max-width: 1236px) 100vw, 1236px\" \/><\/a><\/p>\n<p style=\"text-align: center;\">[Copyright \u00a9 1993 Associaci\u00f3 B\u00edblica de Catalunya, Editorial Claret i Societats B\u00edbliques Unides]<\/p>\n<p style=\"text-align: center;\">[Imatge extreta de: revista360grados]<\/p>\n","protected":false},"excerpt":{"rendered":"<p>&nbsp;<br \/>\n<a href=\"https:\/\/agora.xtec.cat\/ies-seros\/wp-content\/uploads\/usu323\/2025\/02\/danza-dia-lenguas-materanas-860x492-1.png\"><\/a><br \/>\nCada 21 de febrer celebrem el Dia Internacional de la Llengua Materna, una jornada en la qual hem de ser conscients de la diversitat ling\u00fc\u00edstica que ens envolta i sobretot, cuidar-la. Fa pocs dies que hem vist que la nostra llengua, el catal\u00e0 va&hellip;  <a href=\"https:\/\/agora.xtec.cat\/ies-seros\/general\/celebrem-el-dia-internacional-de-la-llengua-materna\/\" title=\"Read Celebrem el Dia Internacional de la Llengua Materna\">Llegeix m\u00e9s\u00bb<\/a><\/p>\n","protected":false},"author":37,"featured_media":10911,"comment_status":"open","ping_status":"closed","sticky":true,"template":"","format":"standard","meta":{"_bbp_topic_count":0,"_bbp_reply_count":0,"_bbp_total_topic_count":0,"_bbp_total_reply_count":0,"_bbp_voice_count":0,"_bbp_anonymous_reply_count":0,"_bbp_topic_count_hidden":0,"_bbp_reply_count_hidden":0,"_bbp_forum_subforum_count":0,"footnotes":""},"categories":[201,1,29],"tags":[400],"class_list":["post-10910","post","type-post","status-publish","format-standard","has-post-thumbnail","hentry","category-biblioseros","category-general","category-portada","tag-activitats"],"post_mailing_queue_ids":[],"_links":{"self":[{"href":"https:\/\/agora.xtec.cat\/ies-seros\/wp-json\/wp\/v2\/posts\/10910","targetHints":{"allow":["GET"]}}],"collection":[{"href":"https:\/\/agora.xtec.cat\/ies-seros\/wp-json\/wp\/v2\/posts"}],"about":[{"href":"https:\/\/agora.xtec.cat\/ies-seros\/wp-json\/wp\/v2\/types\/post"}],"author":[{"embeddable":true,"href":"https:\/\/agora.xtec.cat\/ies-seros\/wp-json\/wp\/v2\/users\/37"}],"replies":[{"embeddable":true,"href":"https:\/\/agora.xtec.cat\/ies-seros\/wp-json\/wp\/v2\/comments?post=10910"}],"version-history":[{"count":6,"href":"https:\/\/agora.xtec.cat\/ies-seros\/wp-json\/wp\/v2\/posts\/10910\/revisions"}],"predecessor-version":[{"id":11049,"href":"https:\/\/agora.xtec.cat\/ies-seros\/wp-json\/wp\/v2\/posts\/10910\/revisions\/11049"}],"wp:featuredmedia":[{"embeddable":true,"href":"https:\/\/agora.xtec.cat\/ies-seros\/wp-json\/wp\/v2\/media\/10911"}],"wp:attachment":[{"href":"https:\/\/agora.xtec.cat\/ies-seros\/wp-json\/wp\/v2\/media?parent=10910"}],"wp:term":[{"taxonomy":"category","embeddable":true,"href":"https:\/\/agora.xtec.cat\/ies-seros\/wp-json\/wp\/v2\/categories?post=10910"},{"taxonomy":"post_tag","embeddable":true,"href":"https:\/\/agora.xtec.cat\/ies-seros\/wp-json\/wp\/v2\/tags?post=10910"}],"curies":[{"name":"wp","href":"https:\/\/api.w.org\/{rel}","templated":true}]}}