{"id":10844,"date":"2025-02-12T18:13:38","date_gmt":"2025-02-12T17:13:38","guid":{"rendered":"https:\/\/agora.xtec.cat\/ies-seros\/?p=10844"},"modified":"2025-02-12T18:13:38","modified_gmt":"2025-02-12T17:13:38","slug":"trobada-esportiva-dels-instituts-del-baix-segria","status":"publish","type":"post","link":"https:\/\/agora.xtec.cat\/ies-seros\/eso-2\/trobada-esportiva-dels-instituts-del-baix-segria\/","title":{"rendered":"Trobada esportiva dels Instituts del Baix Segri\u00e0"},"content":{"rendered":"<p>Avui els Instituts del Baix Segri\u00e0 han organitzat una trobada esportiva a Alcarr\u00e0s. L\u2019alumnat de 2n ESO ha estat jugant i gaudint del datchball durant el mati. Enfortim els lla\u00e7os entre les comunitats educatives a Alcarr\u00e0s. Seguim&#8230;<\/p>\n<p><img loading=\"lazy\" decoding=\"async\" class=\"aligncenter size-large wp-image-10845\" src=\"https:\/\/agora.xtec.cat\/ies-seros\/wp-content\/uploads\/usu323\/2025\/02\/WhatsApp-Image-2025-02-12-at-17.00.27-1-1024x768.jpeg\" alt=\"\" width=\"1024\" height=\"768\" srcset=\"https:\/\/agora.xtec.cat\/ies-seros\/wp-content\/uploads\/usu323\/2025\/02\/WhatsApp-Image-2025-02-12-at-17.00.27-1-1024x768.jpeg 1024w, https:\/\/agora.xtec.cat\/ies-seros\/wp-content\/uploads\/usu323\/2025\/02\/WhatsApp-Image-2025-02-12-at-17.00.27-1-300x225.jpeg 300w, https:\/\/agora.xtec.cat\/ies-seros\/wp-content\/uploads\/usu323\/2025\/02\/WhatsApp-Image-2025-02-12-at-17.00.27-1-768x576.jpeg 768w, https:\/\/agora.xtec.cat\/ies-seros\/wp-content\/uploads\/usu323\/2025\/02\/WhatsApp-Image-2025-02-12-at-17.00.27-1-1536x1152.jpeg 1536w, https:\/\/agora.xtec.cat\/ies-seros\/wp-content\/uploads\/usu323\/2025\/02\/WhatsApp-Image-2025-02-12-at-17.00.27-1-200x150.jpeg 200w, https:\/\/agora.xtec.cat\/ies-seros\/wp-content\/uploads\/usu323\/2025\/02\/WhatsApp-Image-2025-02-12-at-17.00.27-1.jpeg 2048w\" sizes=\"auto, (max-width: 1024px) 100vw, 1024px\" \/> <img loading=\"lazy\" decoding=\"async\" class=\"aligncenter size-large wp-image-10846\" src=\"https:\/\/agora.xtec.cat\/ies-seros\/wp-content\/uploads\/usu323\/2025\/02\/WhatsApp-Image-2025-02-12-at-17.00.27-1024x768.jpeg\" alt=\"\" width=\"1024\" height=\"768\" srcset=\"https:\/\/agora.xtec.cat\/ies-seros\/wp-content\/uploads\/usu323\/2025\/02\/WhatsApp-Image-2025-02-12-at-17.00.27-1024x768.jpeg 1024w, https:\/\/agora.xtec.cat\/ies-seros\/wp-content\/uploads\/usu323\/2025\/02\/WhatsApp-Image-2025-02-12-at-17.00.27-300x225.jpeg 300w, https:\/\/agora.xtec.cat\/ies-seros\/wp-content\/uploads\/usu323\/2025\/02\/WhatsApp-Image-2025-02-12-at-17.00.27-768x576.jpeg 768w, https:\/\/agora.xtec.cat\/ies-seros\/wp-content\/uploads\/usu323\/2025\/02\/WhatsApp-Image-2025-02-12-at-17.00.27-1536x1152.jpeg 1536w, https:\/\/agora.xtec.cat\/ies-seros\/wp-content\/uploads\/usu323\/2025\/02\/WhatsApp-Image-2025-02-12-at-17.00.27-200x150.jpeg 200w, https:\/\/agora.xtec.cat\/ies-seros\/wp-content\/uploads\/usu323\/2025\/02\/WhatsApp-Image-2025-02-12-at-17.00.27.jpeg 2048w\" sizes=\"auto, (max-width: 1024px) 100vw, 1024px\" \/> <img loading=\"lazy\" decoding=\"async\" class=\"aligncenter size-large wp-image-10847\" src=\"https:\/\/agora.xtec.cat\/ies-seros\/wp-content\/uploads\/usu323\/2025\/02\/WhatsApp-Image-2025-02-12-at-17.00.28-1024x768.jpeg\" alt=\"\" width=\"1024\" height=\"768\" srcset=\"https:\/\/agora.xtec.cat\/ies-seros\/wp-content\/uploads\/usu323\/2025\/02\/WhatsApp-Image-2025-02-12-at-17.00.28-1024x768.jpeg 1024w, https:\/\/agora.xtec.cat\/ies-seros\/wp-content\/uploads\/usu323\/2025\/02\/WhatsApp-Image-2025-02-12-at-17.00.28-300x225.jpeg 300w, https:\/\/agora.xtec.cat\/ies-seros\/wp-content\/uploads\/usu323\/2025\/02\/WhatsApp-Image-2025-02-12-at-17.00.28-768x576.jpeg 768w, https:\/\/agora.xtec.cat\/ies-seros\/wp-content\/uploads\/usu323\/2025\/02\/WhatsApp-Image-2025-02-12-at-17.00.28-1536x1152.jpeg 1536w, https:\/\/agora.xtec.cat\/ies-seros\/wp-content\/uploads\/usu323\/2025\/02\/WhatsApp-Image-2025-02-12-at-17.00.28-200x150.jpeg 200w, https:\/\/agora.xtec.cat\/ies-seros\/wp-content\/uploads\/usu323\/2025\/02\/WhatsApp-Image-2025-02-12-at-17.00.28.jpeg 2048w\" sizes=\"auto, (max-width: 1024px) 100vw, 1024px\" \/> <img loading=\"lazy\" decoding=\"async\" class=\"aligncenter size-large wp-image-10848\" src=\"https:\/\/agora.xtec.cat\/ies-seros\/wp-content\/uploads\/usu323\/2025\/02\/WhatsApp-Image-2025-02-12-at-17.00.29-1024x768.jpeg\" alt=\"\" width=\"1024\" height=\"768\" srcset=\"https:\/\/agora.xtec.cat\/ies-seros\/wp-content\/uploads\/usu323\/2025\/02\/WhatsApp-Image-2025-02-12-at-17.00.29-1024x768.jpeg 1024w, https:\/\/agora.xtec.cat\/ies-seros\/wp-content\/uploads\/usu323\/2025\/02\/WhatsApp-Image-2025-02-12-at-17.00.29-300x225.jpeg 300w, https:\/\/agora.xtec.cat\/ies-seros\/wp-content\/uploads\/usu323\/2025\/02\/WhatsApp-Image-2025-02-12-at-17.00.29-768x576.jpeg 768w, https:\/\/agora.xtec.cat\/ies-seros\/wp-content\/uploads\/usu323\/2025\/02\/WhatsApp-Image-2025-02-12-at-17.00.29-1536x1152.jpeg 1536w, https:\/\/agora.xtec.cat\/ies-seros\/wp-content\/uploads\/usu323\/2025\/02\/WhatsApp-Image-2025-02-12-at-17.00.29-200x150.jpeg 200w, https:\/\/agora.xtec.cat\/ies-seros\/wp-content\/uploads\/usu323\/2025\/02\/WhatsApp-Image-2025-02-12-at-17.00.29.jpeg 2048w\" sizes=\"auto, (max-width: 1024px) 100vw, 1024px\" \/><\/p>\n<p>&nbsp;<\/p>\n","protected":false},"excerpt":{"rendered":"<p>Avui els Instituts del Baix Segri\u00e0 han organitzat una trobada esportiva a Alcarr\u00e0s. L\u2019alumnat de 2n ESO ha estat jugant i gaudint del datchball durant el mati. Enfortim els lla\u00e7os entre les comunitats educatives a Alcarr\u00e0s. Seguim&#8230;<\/p>\n<p>&nbsp;<\/p>\n","protected":false},"author":1,"featured_media":10845,"comment_status":"open","ping_status":"closed","sticky":true,"template":"","format":"standard","meta":{"_bbp_topic_count":0,"_bbp_reply_count":0,"_bbp_total_topic_count":0,"_bbp_total_reply_count":0,"_bbp_voice_count":0,"_bbp_anonymous_reply_count":0,"_bbp_topic_count_hidden":0,"_bbp_reply_count_hidden":0,"_bbp_forum_subforum_count":0,"footnotes":""},"categories":[382,5,29],"tags":[456,455],"class_list":["post-10844","post","type-post","status-publish","format-standard","has-post-thumbnail","hentry","category-departament-deducacio-fisica","category-eso-2","category-portada","tag-datchball","tag-educaciofisica"],"post_mailing_queue_ids":[],"_links":{"self":[{"href":"https:\/\/agora.xtec.cat\/ies-seros\/wp-json\/wp\/v2\/posts\/10844","targetHints":{"allow":["GET"]}}],"collection":[{"href":"https:\/\/agora.xtec.cat\/ies-seros\/wp-json\/wp\/v2\/posts"}],"about":[{"href":"https:\/\/agora.xtec.cat\/ies-seros\/wp-json\/wp\/v2\/types\/post"}],"author":[{"embeddable":true,"href":"https:\/\/agora.xtec.cat\/ies-seros\/wp-json\/wp\/v2\/users\/1"}],"replies":[{"embeddable":true,"href":"https:\/\/agora.xtec.cat\/ies-seros\/wp-json\/wp\/v2\/comments?post=10844"}],"version-history":[{"count":1,"href":"https:\/\/agora.xtec.cat\/ies-seros\/wp-json\/wp\/v2\/posts\/10844\/revisions"}],"predecessor-version":[{"id":10849,"href":"https:\/\/agora.xtec.cat\/ies-seros\/wp-json\/wp\/v2\/posts\/10844\/revisions\/10849"}],"wp:featuredmedia":[{"embeddable":true,"href":"https:\/\/agora.xtec.cat\/ies-seros\/wp-json\/wp\/v2\/media\/10845"}],"wp:attachment":[{"href":"https:\/\/agora.xtec.cat\/ies-seros\/wp-json\/wp\/v2\/media?parent=10844"}],"wp:term":[{"taxonomy":"category","embeddable":true,"href":"https:\/\/agora.xtec.cat\/ies-seros\/wp-json\/wp\/v2\/categories?post=10844"},{"taxonomy":"post_tag","embeddable":true,"href":"https:\/\/agora.xtec.cat\/ies-seros\/wp-json\/wp\/v2\/tags?post=10844"}],"curies":[{"name":"wp","href":"https:\/\/api.w.org\/{rel}","templated":true}]}}