{"id":10748,"date":"2025-02-03T11:32:10","date_gmt":"2025-02-03T10:32:10","guid":{"rendered":"https:\/\/agora.xtec.cat\/ies-seros\/?p=10748"},"modified":"2025-02-03T13:59:10","modified_gmt":"2025-02-03T12:59:10","slug":"visita-al-salo-de-la-formacio-i-ocupacio-de-lleida","status":"publish","type":"post","link":"https:\/\/agora.xtec.cat\/ies-seros\/general\/visita-al-salo-de-la-formacio-i-ocupacio-de-lleida\/","title":{"rendered":"Visita al Sal\u00f3 de la Formaci\u00f3 i Ocupaci\u00f3 de Lleida"},"content":{"rendered":"<p>El proper dijous dia 13 de febrer alguns alumnes de 4t d&#8217;ESO tindran l&#8217;oportunitat de visitar el Sal\u00f3 de la Formaci\u00f3 i Ocupaci\u00f3 de Lleida al recinte de la Fira. En els diferents expositors trobaran informaci\u00f3 de l&#8217;<strong>oferta formativa i laboral<\/strong> de la prov\u00edncia. Podran conversar amb estudiants i professors i aix\u00ed resoldre els dubtes que puguin tenir. El sal\u00f3 t\u00e9 lloc els dies 13 i 14 al mat\u00ed i a la tarda, i el 15 al mat\u00ed, per tant, teniu opci\u00f3 d&#8217;anar-hi<strong> en fam\u00edlia.<\/strong><\/p>\n<p>L&#8217;activitat forma part del <strong>pla d&#8217;acci\u00f3 tutorial<\/strong> i del programa d&#8217;<strong>orientaci\u00f3<\/strong> acad\u00e8mica i professional de l&#8217;Ins Ser\u00f2s per acompanyar als i les alumnes en el proc\u00e9s de tria. La recerca d&#8217;informaci\u00f3 \u00e9s un dels pilars fonamentals del proc\u00e9s.<\/p>\n<p>Teniu l&#8217;enlla\u00e7 a la p\u00e0gina web de la fira fent clic sobre la imatge.<\/p>\n<p><img loading=\"lazy\" decoding=\"async\" class=\"\" src=\"https:\/\/formaocupa.com\/wp-content\/uploads\/2022\/04\/hero-laptop-image.jpeg\" width=\"230\" height=\"236\" \/><\/p>\n","protected":false},"excerpt":{"rendered":"<p>El proper dijous dia 13 de febrer alguns alumnes de 4t d&#8217;ESO tindran l&#8217;oportunitat de visitar el Sal\u00f3 de la Formaci\u00f3 i Ocupaci\u00f3 de Lleida al recinte de la Fira. En els diferents expositors trobaran informaci\u00f3 de l&#8217;oferta formativa i laboral de la prov\u00edncia. Podran&hellip;  <a href=\"https:\/\/agora.xtec.cat\/ies-seros\/general\/visita-al-salo-de-la-formacio-i-ocupacio-de-lleida\/\" title=\"Read Visita al Sal\u00f3 de la Formaci\u00f3 i Ocupaci\u00f3 de Lleida\">Llegeix m\u00e9s\u00bb<\/a><\/p>\n","protected":false},"author":68,"featured_media":10752,"comment_status":"open","ping_status":"closed","sticky":true,"template":"","format":"standard","meta":{"_bbp_topic_count":0,"_bbp_reply_count":0,"_bbp_total_topic_count":0,"_bbp_total_reply_count":0,"_bbp_voice_count":0,"_bbp_anonymous_reply_count":0,"_bbp_topic_count_hidden":0,"_bbp_reply_count_hidden":0,"_bbp_forum_subforum_count":0,"footnotes":""},"categories":[385,7,1,29],"tags":[452,453,451],"class_list":["post-10748","post","type-post","status-publish","format-standard","has-post-thumbnail","hentry","category-departament-dorientacio","category-eso-4","category-general","category-portada","tag-accio-tutorial","tag-construint-futurs","tag-orientacio-academica-i-professional"],"post_mailing_queue_ids":[],"_links":{"self":[{"href":"https:\/\/agora.xtec.cat\/ies-seros\/wp-json\/wp\/v2\/posts\/10748","targetHints":{"allow":["GET"]}}],"collection":[{"href":"https:\/\/agora.xtec.cat\/ies-seros\/wp-json\/wp\/v2\/posts"}],"about":[{"href":"https:\/\/agora.xtec.cat\/ies-seros\/wp-json\/wp\/v2\/types\/post"}],"author":[{"embeddable":true,"href":"https:\/\/agora.xtec.cat\/ies-seros\/wp-json\/wp\/v2\/users\/68"}],"replies":[{"embeddable":true,"href":"https:\/\/agora.xtec.cat\/ies-seros\/wp-json\/wp\/v2\/comments?post=10748"}],"version-history":[{"count":4,"href":"https:\/\/agora.xtec.cat\/ies-seros\/wp-json\/wp\/v2\/posts\/10748\/revisions"}],"predecessor-version":[{"id":10754,"href":"https:\/\/agora.xtec.cat\/ies-seros\/wp-json\/wp\/v2\/posts\/10748\/revisions\/10754"}],"wp:featuredmedia":[{"embeddable":true,"href":"https:\/\/agora.xtec.cat\/ies-seros\/wp-json\/wp\/v2\/media\/10752"}],"wp:attachment":[{"href":"https:\/\/agora.xtec.cat\/ies-seros\/wp-json\/wp\/v2\/media?parent=10748"}],"wp:term":[{"taxonomy":"category","embeddable":true,"href":"https:\/\/agora.xtec.cat\/ies-seros\/wp-json\/wp\/v2\/categories?post=10748"},{"taxonomy":"post_tag","embeddable":true,"href":"https:\/\/agora.xtec.cat\/ies-seros\/wp-json\/wp\/v2\/tags?post=10748"}],"curies":[{"name":"wp","href":"https:\/\/api.w.org\/{rel}","templated":true}]}}