{"id":10650,"date":"2025-01-09T18:07:34","date_gmt":"2025-01-09T17:07:34","guid":{"rendered":"https:\/\/agora.xtec.cat\/ies-seros\/?p=10650"},"modified":"2025-01-09T18:07:34","modified_gmt":"2025-01-09T17:07:34","slug":"tallers-de-convivencia-a-1r-i-2n-eso","status":"publish","type":"post","link":"https:\/\/agora.xtec.cat\/ies-seros\/eso-1\/tallers-de-convivencia-a-1r-i-2n-eso\/","title":{"rendered":"TALLERS DE CONVIV\u00c8NCIA A 1R I 2N ESO"},"content":{"rendered":"<p>Els alumnes de 1r i 2n d\u2019ESO ens hem divertit for\u00e7a treballant els valors de la conviv\u00e8ncia a trav\u00e9s dels tallers que ens han impartit l\u2019\u00d2scar i la Maria de T\u00e0ctica 360.<\/p>\n<p><img loading=\"lazy\" decoding=\"async\" class=\"aligncenter size-large wp-image-10651\" src=\"https:\/\/agora.xtec.cat\/ies-seros\/wp-content\/uploads\/usu323\/2025\/01\/WhatsApp-Image-2025-01-09-at-14.13.05-1-1024x749.jpeg\" alt=\"\" width=\"1024\" height=\"749\" srcset=\"https:\/\/agora.xtec.cat\/ies-seros\/wp-content\/uploads\/usu323\/2025\/01\/WhatsApp-Image-2025-01-09-at-14.13.05-1-1024x749.jpeg 1024w, https:\/\/agora.xtec.cat\/ies-seros\/wp-content\/uploads\/usu323\/2025\/01\/WhatsApp-Image-2025-01-09-at-14.13.05-1-300x219.jpeg 300w, https:\/\/agora.xtec.cat\/ies-seros\/wp-content\/uploads\/usu323\/2025\/01\/WhatsApp-Image-2025-01-09-at-14.13.05-1-768x562.jpeg 768w, https:\/\/agora.xtec.cat\/ies-seros\/wp-content\/uploads\/usu323\/2025\/01\/WhatsApp-Image-2025-01-09-at-14.13.05-1-1536x1123.jpeg 1536w, https:\/\/agora.xtec.cat\/ies-seros\/wp-content\/uploads\/usu323\/2025\/01\/WhatsApp-Image-2025-01-09-at-14.13.05-1.jpeg 1600w\" sizes=\"auto, (max-width: 1024px) 100vw, 1024px\" \/> <img loading=\"lazy\" decoding=\"async\" class=\"aligncenter size-large wp-image-10652\" src=\"https:\/\/agora.xtec.cat\/ies-seros\/wp-content\/uploads\/usu323\/2025\/01\/WhatsApp-Image-2025-01-09-at-14.13.05-2-1024x768.jpeg\" alt=\"\" width=\"1024\" height=\"768\" srcset=\"https:\/\/agora.xtec.cat\/ies-seros\/wp-content\/uploads\/usu323\/2025\/01\/WhatsApp-Image-2025-01-09-at-14.13.05-2-1024x768.jpeg 1024w, https:\/\/agora.xtec.cat\/ies-seros\/wp-content\/uploads\/usu323\/2025\/01\/WhatsApp-Image-2025-01-09-at-14.13.05-2-300x225.jpeg 300w, https:\/\/agora.xtec.cat\/ies-seros\/wp-content\/uploads\/usu323\/2025\/01\/WhatsApp-Image-2025-01-09-at-14.13.05-2-768x576.jpeg 768w, https:\/\/agora.xtec.cat\/ies-seros\/wp-content\/uploads\/usu323\/2025\/01\/WhatsApp-Image-2025-01-09-at-14.13.05-2-1536x1152.jpeg 1536w, https:\/\/agora.xtec.cat\/ies-seros\/wp-content\/uploads\/usu323\/2025\/01\/WhatsApp-Image-2025-01-09-at-14.13.05-2-200x150.jpeg 200w, https:\/\/agora.xtec.cat\/ies-seros\/wp-content\/uploads\/usu323\/2025\/01\/WhatsApp-Image-2025-01-09-at-14.13.05-2.jpeg 1600w\" sizes=\"auto, (max-width: 1024px) 100vw, 1024px\" \/> <img loading=\"lazy\" decoding=\"async\" class=\"aligncenter size-large wp-image-10653\" src=\"https:\/\/agora.xtec.cat\/ies-seros\/wp-content\/uploads\/usu323\/2025\/01\/WhatsApp-Image-2025-01-09-at-14.13.05-1024x576.jpeg\" alt=\"\" width=\"1024\" height=\"576\" srcset=\"https:\/\/agora.xtec.cat\/ies-seros\/wp-content\/uploads\/usu323\/2025\/01\/WhatsApp-Image-2025-01-09-at-14.13.05-1024x576.jpeg 1024w, https:\/\/agora.xtec.cat\/ies-seros\/wp-content\/uploads\/usu323\/2025\/01\/WhatsApp-Image-2025-01-09-at-14.13.05-300x169.jpeg 300w, https:\/\/agora.xtec.cat\/ies-seros\/wp-content\/uploads\/usu323\/2025\/01\/WhatsApp-Image-2025-01-09-at-14.13.05-768x432.jpeg 768w, https:\/\/agora.xtec.cat\/ies-seros\/wp-content\/uploads\/usu323\/2025\/01\/WhatsApp-Image-2025-01-09-at-14.13.05-1536x864.jpeg 1536w, https:\/\/agora.xtec.cat\/ies-seros\/wp-content\/uploads\/usu323\/2025\/01\/WhatsApp-Image-2025-01-09-at-14.13.05.jpeg 1600w\" sizes=\"auto, (max-width: 1024px) 100vw, 1024px\" \/> <img loading=\"lazy\" decoding=\"async\" class=\"aligncenter size-large wp-image-10654\" src=\"https:\/\/agora.xtec.cat\/ies-seros\/wp-content\/uploads\/usu323\/2025\/01\/WhatsApp-Image-2025-01-09-at-14.13.28-1-765x1024.jpeg\" alt=\"\" width=\"765\" height=\"1024\" srcset=\"https:\/\/agora.xtec.cat\/ies-seros\/wp-content\/uploads\/usu323\/2025\/01\/WhatsApp-Image-2025-01-09-at-14.13.28-1-765x1024.jpeg 765w, https:\/\/agora.xtec.cat\/ies-seros\/wp-content\/uploads\/usu323\/2025\/01\/WhatsApp-Image-2025-01-09-at-14.13.28-1-224x300.jpeg 224w, https:\/\/agora.xtec.cat\/ies-seros\/wp-content\/uploads\/usu323\/2025\/01\/WhatsApp-Image-2025-01-09-at-14.13.28-1-768x1027.jpeg 768w, https:\/\/agora.xtec.cat\/ies-seros\/wp-content\/uploads\/usu323\/2025\/01\/WhatsApp-Image-2025-01-09-at-14.13.28-1-1148x1536.jpeg 1148w, https:\/\/agora.xtec.cat\/ies-seros\/wp-content\/uploads\/usu323\/2025\/01\/WhatsApp-Image-2025-01-09-at-14.13.28-1.jpeg 1196w\" sizes=\"auto, (max-width: 765px) 100vw, 765px\" \/> <img loading=\"lazy\" decoding=\"async\" class=\"aligncenter size-large wp-image-10655\" src=\"https:\/\/agora.xtec.cat\/ies-seros\/wp-content\/uploads\/usu323\/2025\/01\/WhatsApp-Image-2025-01-09-at-14.13.28-1024x768.jpeg\" alt=\"\" width=\"1024\" height=\"768\" srcset=\"https:\/\/agora.xtec.cat\/ies-seros\/wp-content\/uploads\/usu323\/2025\/01\/WhatsApp-Image-2025-01-09-at-14.13.28-1024x768.jpeg 1024w, https:\/\/agora.xtec.cat\/ies-seros\/wp-content\/uploads\/usu323\/2025\/01\/WhatsApp-Image-2025-01-09-at-14.13.28-300x225.jpeg 300w, https:\/\/agora.xtec.cat\/ies-seros\/wp-content\/uploads\/usu323\/2025\/01\/WhatsApp-Image-2025-01-09-at-14.13.28-768x576.jpeg 768w, https:\/\/agora.xtec.cat\/ies-seros\/wp-content\/uploads\/usu323\/2025\/01\/WhatsApp-Image-2025-01-09-at-14.13.28-1536x1152.jpeg 1536w, https:\/\/agora.xtec.cat\/ies-seros\/wp-content\/uploads\/usu323\/2025\/01\/WhatsApp-Image-2025-01-09-at-14.13.28-200x150.jpeg 200w, https:\/\/agora.xtec.cat\/ies-seros\/wp-content\/uploads\/usu323\/2025\/01\/WhatsApp-Image-2025-01-09-at-14.13.28.jpeg 2048w\" sizes=\"auto, (max-width: 1024px) 100vw, 1024px\" \/><\/p>\n","protected":false},"excerpt":{"rendered":"<p>Els alumnes de 1r i 2n d\u2019ESO ens hem divertit for\u00e7a treballant els valors de la conviv\u00e8ncia a trav\u00e9s dels tallers que ens han impartit l\u2019\u00d2scar i la Maria de T\u00e0ctica 360.<\/p>\n","protected":false},"author":1,"featured_media":10652,"comment_status":"open","ping_status":"closed","sticky":true,"template":"","format":"standard","meta":{"_bbp_topic_count":0,"_bbp_reply_count":0,"_bbp_total_topic_count":0,"_bbp_total_reply_count":0,"_bbp_voice_count":0,"_bbp_anonymous_reply_count":0,"_bbp_topic_count_hidden":0,"_bbp_reply_count_hidden":0,"_bbp_forum_subforum_count":0,"footnotes":""},"categories":[4,5,29],"tags":[],"class_list":["post-10650","post","type-post","status-publish","format-standard","has-post-thumbnail","hentry","category-eso-1","category-eso-2","category-portada"],"post_mailing_queue_ids":[],"_links":{"self":[{"href":"https:\/\/agora.xtec.cat\/ies-seros\/wp-json\/wp\/v2\/posts\/10650","targetHints":{"allow":["GET"]}}],"collection":[{"href":"https:\/\/agora.xtec.cat\/ies-seros\/wp-json\/wp\/v2\/posts"}],"about":[{"href":"https:\/\/agora.xtec.cat\/ies-seros\/wp-json\/wp\/v2\/types\/post"}],"author":[{"embeddable":true,"href":"https:\/\/agora.xtec.cat\/ies-seros\/wp-json\/wp\/v2\/users\/1"}],"replies":[{"embeddable":true,"href":"https:\/\/agora.xtec.cat\/ies-seros\/wp-json\/wp\/v2\/comments?post=10650"}],"version-history":[{"count":1,"href":"https:\/\/agora.xtec.cat\/ies-seros\/wp-json\/wp\/v2\/posts\/10650\/revisions"}],"predecessor-version":[{"id":10656,"href":"https:\/\/agora.xtec.cat\/ies-seros\/wp-json\/wp\/v2\/posts\/10650\/revisions\/10656"}],"wp:featuredmedia":[{"embeddable":true,"href":"https:\/\/agora.xtec.cat\/ies-seros\/wp-json\/wp\/v2\/media\/10652"}],"wp:attachment":[{"href":"https:\/\/agora.xtec.cat\/ies-seros\/wp-json\/wp\/v2\/media?parent=10650"}],"wp:term":[{"taxonomy":"category","embeddable":true,"href":"https:\/\/agora.xtec.cat\/ies-seros\/wp-json\/wp\/v2\/categories?post=10650"},{"taxonomy":"post_tag","embeddable":true,"href":"https:\/\/agora.xtec.cat\/ies-seros\/wp-json\/wp\/v2\/tags?post=10650"}],"curies":[{"name":"wp","href":"https:\/\/api.w.org\/{rel}","templated":true}]}}