{"id":10639,"date":"2025-01-09T17:49:36","date_gmt":"2025-01-09T16:49:36","guid":{"rendered":"https:\/\/agora.xtec.cat\/ies-seros\/?p=10639"},"modified":"2025-01-09T18:19:28","modified_gmt":"2025-01-09T17:19:28","slug":"en-breu-la-revista-montmaneu-10","status":"publish","type":"post","link":"https:\/\/agora.xtec.cat\/ies-seros\/general\/en-breu-la-revista-montmaneu-10\/","title":{"rendered":"Arriba la Revista Montmaneu&#8230; 10!"},"content":{"rendered":"<p>&nbsp;<\/p>\n<p><a href=\"https:\/\/agora.xtec.cat\/ies-seros\/wp-content\/uploads\/usu323\/2024\/06\/REVISTA-MONTMANEU-N.-8-724x1024-1.jpg\"><img loading=\"lazy\" decoding=\"async\" class=\"wp-image-9953 aligncenter\" src=\"https:\/\/agora.xtec.cat\/ies-seros\/wp-content\/uploads\/usu323\/2024\/06\/REVISTA-MONTMANEU-N.-8-724x1024-1.jpg\" alt=\"\" width=\"913\" height=\"164\" srcset=\"https:\/\/agora.xtec.cat\/ies-seros\/wp-content\/uploads\/usu323\/2024\/06\/REVISTA-MONTMANEU-N.-8-724x1024-1.jpg 724w, https:\/\/agora.xtec.cat\/ies-seros\/wp-content\/uploads\/usu323\/2024\/06\/REVISTA-MONTMANEU-N.-8-724x1024-1-300x54.jpg 300w\" sizes=\"auto, (max-width: 913px) 100vw, 913px\" \/><\/a><\/p>\n<p>Hola a tothom i molt bon any,<\/p>\n<p>segur que us heu preguntat com \u00e9s que no ha sortit el nou n\u00famero abans de les festes nadalenques, doncs, perqu\u00e8 la inform\u00e0tica de vegades&#8230; i revisar-la b\u00e9 costa, tanmateix, ara ja la podeu llegir.<\/p>\n<p>Com clama el proverbi, m\u00e9s val tard que mai. Aix\u00ed que no patiu. Ja est\u00e0 aqu\u00ed. Esperem que us encanti!<\/p>\n<p>Estar\u00e0 penjada dins de la p\u00e0gina amb la resta de revistes del centre per a consulta:<\/p>\n<p><a href=\"https:\/\/agora.xtec.cat\/ies-seros\/general\/revistes-antigues\/\">https:\/\/agora.xtec.cat\/ies-seros\/general\/revistes-antigues\/<\/a><\/p>\n<p>Moltes gr\u00e0cies a tothom que la fa possible i aprofitem per convidar-vos a col\u00b7laborar als que no ho feu.<\/p>\n<p>&nbsp;<\/p>\n<p>&nbsp;<\/p>\n","protected":false},"excerpt":{"rendered":"<p>&nbsp;<br \/>\n<a href=\"https:\/\/agora.xtec.cat\/ies-seros\/wp-content\/uploads\/usu323\/2024\/06\/REVISTA-MONTMANEU-N.-8-724x1024-1.jpg\"><\/a><br \/>\nHola a tothom i molt bon any,<br \/>\nsegur que us heu preguntat com \u00e9s que no ha sortit el nou n\u00famero abans de les festes nadalenques, doncs, perqu\u00e8 la inform\u00e0tica de vegades&#8230; i revisar-la b\u00e9 costa, tanmateix, ara ja la podeu llegir.<br \/>\nCom clama el proverbi,&hellip;  <a href=\"https:\/\/agora.xtec.cat\/ies-seros\/general\/en-breu-la-revista-montmaneu-10\/\" title=\"Read Arriba la Revista Montmaneu&#8230; 10!\">Llegeix m\u00e9s\u00bb<\/a><\/p>\n","protected":false},"author":37,"featured_media":9953,"comment_status":"open","ping_status":"closed","sticky":true,"template":"","format":"standard","meta":{"_bbp_topic_count":0,"_bbp_reply_count":0,"_bbp_total_topic_count":0,"_bbp_total_reply_count":0,"_bbp_voice_count":0,"_bbp_anonymous_reply_count":0,"_bbp_topic_count_hidden":0,"_bbp_reply_count_hidden":0,"_bbp_forum_subforum_count":0,"footnotes":""},"categories":[201,1,29],"tags":[400],"class_list":["post-10639","post","type-post","status-publish","format-standard","has-post-thumbnail","hentry","category-biblioseros","category-general","category-portada","tag-activitats"],"post_mailing_queue_ids":[],"_links":{"self":[{"href":"https:\/\/agora.xtec.cat\/ies-seros\/wp-json\/wp\/v2\/posts\/10639","targetHints":{"allow":["GET"]}}],"collection":[{"href":"https:\/\/agora.xtec.cat\/ies-seros\/wp-json\/wp\/v2\/posts"}],"about":[{"href":"https:\/\/agora.xtec.cat\/ies-seros\/wp-json\/wp\/v2\/types\/post"}],"author":[{"embeddable":true,"href":"https:\/\/agora.xtec.cat\/ies-seros\/wp-json\/wp\/v2\/users\/37"}],"replies":[{"embeddable":true,"href":"https:\/\/agora.xtec.cat\/ies-seros\/wp-json\/wp\/v2\/comments?post=10639"}],"version-history":[{"count":6,"href":"https:\/\/agora.xtec.cat\/ies-seros\/wp-json\/wp\/v2\/posts\/10639\/revisions"}],"predecessor-version":[{"id":10659,"href":"https:\/\/agora.xtec.cat\/ies-seros\/wp-json\/wp\/v2\/posts\/10639\/revisions\/10659"}],"wp:featuredmedia":[{"embeddable":true,"href":"https:\/\/agora.xtec.cat\/ies-seros\/wp-json\/wp\/v2\/media\/9953"}],"wp:attachment":[{"href":"https:\/\/agora.xtec.cat\/ies-seros\/wp-json\/wp\/v2\/media?parent=10639"}],"wp:term":[{"taxonomy":"category","embeddable":true,"href":"https:\/\/agora.xtec.cat\/ies-seros\/wp-json\/wp\/v2\/categories?post=10639"},{"taxonomy":"post_tag","embeddable":true,"href":"https:\/\/agora.xtec.cat\/ies-seros\/wp-json\/wp\/v2\/tags?post=10639"}],"curies":[{"name":"wp","href":"https:\/\/api.w.org\/{rel}","templated":true}]}}