{"id":10569,"date":"2024-12-19T09:40:06","date_gmt":"2024-12-19T08:40:06","guid":{"rendered":"https:\/\/agora.xtec.cat\/ies-seros\/?p=10569"},"modified":"2024-12-19T11:53:18","modified_gmt":"2024-12-19T10:53:18","slug":"exposicio-de-fotografies-antigues-de-lleida","status":"publish","type":"post","link":"https:\/\/agora.xtec.cat\/ies-seros\/general\/exposicio-de-fotografies-antigues-de-lleida\/","title":{"rendered":"Exposici\u00f3 de fotografies antigues de Lleida"},"content":{"rendered":"<p>Durant un mes podreu visitar la magn\u00edfica exposici\u00f3 de fotografies antigues de Lleida a la nostra biblioteca. D&#8217;aquesta manera, veureu els canvis que s&#8217;han esdevingut fins als nostres dies. Tamb\u00e9 podeu intentar esbrinar on estan aquests llocs. Aquesta exposici\u00f3 ha estat possible gr\u00e0cies a la professora Carme Gair\u00ed.<\/p>\n<p>Molt bones festes a tothom i sobretot, molta lectura!!!!!!!!!!!<\/p>\n<p><a href=\"https:\/\/agora.xtec.cat\/ies-seros\/wp-content\/uploads\/usu323\/2024\/12\/20241219_092252-2-scaled.jpg\"><img loading=\"lazy\" decoding=\"async\" class=\" wp-image-10570 aligncenter\" src=\"https:\/\/agora.xtec.cat\/ies-seros\/wp-content\/uploads\/usu323\/2024\/12\/20241219_092252-2-1024x576.jpg\" alt=\"\" width=\"736\" height=\"414\" srcset=\"https:\/\/agora.xtec.cat\/ies-seros\/wp-content\/uploads\/usu323\/2024\/12\/20241219_092252-2-1024x576.jpg 1024w, https:\/\/agora.xtec.cat\/ies-seros\/wp-content\/uploads\/usu323\/2024\/12\/20241219_092252-2-300x169.jpg 300w, https:\/\/agora.xtec.cat\/ies-seros\/wp-content\/uploads\/usu323\/2024\/12\/20241219_092252-2-768x432.jpg 768w, https:\/\/agora.xtec.cat\/ies-seros\/wp-content\/uploads\/usu323\/2024\/12\/20241219_092252-2-1536x864.jpg 1536w, https:\/\/agora.xtec.cat\/ies-seros\/wp-content\/uploads\/usu323\/2024\/12\/20241219_092252-2-2048x1152.jpg 2048w\" sizes=\"auto, (max-width: 736px) 100vw, 736px\" \/><\/a><\/p>\n<p style=\"text-align: center;\">[Cr\u00e8dit fotogr\u00e0fic: JMCO]<\/p>\n","protected":false},"excerpt":{"rendered":"<p>Durant un mes podreu visitar la magn\u00edfica exposici\u00f3 de fotografies antigues de Lleida a la nostra biblioteca. D&#8217;aquesta manera, veureu els canvis que s&#8217;han esdevingut fins als nostres dies. Tamb\u00e9 podeu intentar esbrinar on estan aquests llocs. Aquesta exposici\u00f3 ha estat possible gr\u00e0cies a la&hellip;  <a href=\"https:\/\/agora.xtec.cat\/ies-seros\/general\/exposicio-de-fotografies-antigues-de-lleida\/\" title=\"Read Exposici\u00f3 de fotografies antigues de Lleida\">Llegeix m\u00e9s\u00bb<\/a><\/p>\n","protected":false},"author":37,"featured_media":10570,"comment_status":"open","ping_status":"closed","sticky":true,"template":"","format":"standard","meta":{"_bbp_topic_count":0,"_bbp_reply_count":0,"_bbp_total_topic_count":0,"_bbp_total_reply_count":0,"_bbp_voice_count":0,"_bbp_anonymous_reply_count":0,"_bbp_topic_count_hidden":0,"_bbp_reply_count_hidden":0,"_bbp_forum_subforum_count":0,"footnotes":""},"categories":[201,1,29],"tags":[400],"class_list":["post-10569","post","type-post","status-publish","format-standard","has-post-thumbnail","hentry","category-biblioseros","category-general","category-portada","tag-activitats"],"post_mailing_queue_ids":[],"_links":{"self":[{"href":"https:\/\/agora.xtec.cat\/ies-seros\/wp-json\/wp\/v2\/posts\/10569","targetHints":{"allow":["GET"]}}],"collection":[{"href":"https:\/\/agora.xtec.cat\/ies-seros\/wp-json\/wp\/v2\/posts"}],"about":[{"href":"https:\/\/agora.xtec.cat\/ies-seros\/wp-json\/wp\/v2\/types\/post"}],"author":[{"embeddable":true,"href":"https:\/\/agora.xtec.cat\/ies-seros\/wp-json\/wp\/v2\/users\/37"}],"replies":[{"embeddable":true,"href":"https:\/\/agora.xtec.cat\/ies-seros\/wp-json\/wp\/v2\/comments?post=10569"}],"version-history":[{"count":2,"href":"https:\/\/agora.xtec.cat\/ies-seros\/wp-json\/wp\/v2\/posts\/10569\/revisions"}],"predecessor-version":[{"id":10572,"href":"https:\/\/agora.xtec.cat\/ies-seros\/wp-json\/wp\/v2\/posts\/10569\/revisions\/10572"}],"wp:featuredmedia":[{"embeddable":true,"href":"https:\/\/agora.xtec.cat\/ies-seros\/wp-json\/wp\/v2\/media\/10570"}],"wp:attachment":[{"href":"https:\/\/agora.xtec.cat\/ies-seros\/wp-json\/wp\/v2\/media?parent=10569"}],"wp:term":[{"taxonomy":"category","embeddable":true,"href":"https:\/\/agora.xtec.cat\/ies-seros\/wp-json\/wp\/v2\/categories?post=10569"},{"taxonomy":"post_tag","embeddable":true,"href":"https:\/\/agora.xtec.cat\/ies-seros\/wp-json\/wp\/v2\/tags?post=10569"}],"curies":[{"name":"wp","href":"https:\/\/api.w.org\/{rel}","templated":true}]}}