{"id":10482,"date":"2024-12-04T14:47:46","date_gmt":"2024-12-04T13:47:46","guid":{"rendered":"https:\/\/agora.xtec.cat\/ies-seros\/?p=10482"},"modified":"2024-12-04T14:47:46","modified_gmt":"2024-12-04T13:47:46","slug":"calendari-de-desembre-escoles-verdes-24-25","status":"publish","type":"post","link":"https:\/\/agora.xtec.cat\/ies-seros\/eso\/calendari-de-desembre-escoles-verdes-24-25\/","title":{"rendered":"Calendari de desembre Escoles Verdes 24-25"},"content":{"rendered":"<p><a href=\"https:\/\/agora.xtec.cat\/ies-seros\/wp-content\/uploads\/usu323\/2024\/12\/1733311974319-7a5e0e29-2de7-49f3-aa59-e794816856c1_1-rotated.jpg\"><img loading=\"lazy\" decoding=\"async\" class=\"wp-image-10491 aligncenter\" src=\"https:\/\/agora.xtec.cat\/ies-seros\/wp-content\/uploads\/usu323\/2024\/12\/1733311974319-7a5e0e29-2de7-49f3-aa59-e794816856c1_1-300x212.jpg\" alt=\"\" width=\"409\" height=\"289\" srcset=\"https:\/\/agora.xtec.cat\/ies-seros\/wp-content\/uploads\/usu323\/2024\/12\/1733311974319-7a5e0e29-2de7-49f3-aa59-e794816856c1_1-300x212.jpg 300w, https:\/\/agora.xtec.cat\/ies-seros\/wp-content\/uploads\/usu323\/2024\/12\/1733311974319-7a5e0e29-2de7-49f3-aa59-e794816856c1_1-768x543.jpg 768w, https:\/\/agora.xtec.cat\/ies-seros\/wp-content\/uploads\/usu323\/2024\/12\/1733311974319-7a5e0e29-2de7-49f3-aa59-e794816856c1_1-rotated.jpg 1024w\" sizes=\"auto, (max-width: 409px) 100vw, 409px\" \/><\/a><\/p>\n<p>Us fem arribar el calendari de desembre amb les activitats relacionades. En volem destacar la <strong>Setmana de la Marat\u00f3 del 9 al 13 <\/strong>en qu\u00e8 es portaran a terme activitats per col\u00b7laborar amb la Marat\u00f3 de tv3 que es celebrar\u00e0 el dia 13, i que aquest any es centra amb les malalties respirat\u00f2ries.<\/p>\n","protected":false},"excerpt":{"rendered":"<p><a href=\"https:\/\/agora.xtec.cat\/ies-seros\/wp-content\/uploads\/usu323\/2024\/12\/1733311974319-7a5e0e29-2de7-49f3-aa59-e794816856c1_1-rotated.jpg\"><\/a><br \/>\nUs fem arribar el calendari de desembre amb les activitats relacionades. En volem destacar la Setmana de la Marat\u00f3 del 9 al 13 en qu\u00e8 es portaran a terme activitats per col\u00b7laborar amb la Marat\u00f3 de tv3 que es celebrar\u00e0 el dia 13, i&hellip;  <a href=\"https:\/\/agora.xtec.cat\/ies-seros\/eso\/calendari-de-desembre-escoles-verdes-24-25\/\" title=\"Read Calendari de desembre Escoles Verdes 24-25\">Llegeix m\u00e9s\u00bb<\/a><\/p>\n","protected":false},"author":87,"featured_media":10491,"comment_status":"open","ping_status":"closed","sticky":true,"template":"","format":"standard","meta":{"_bbp_topic_count":0,"_bbp_reply_count":0,"_bbp_total_topic_count":0,"_bbp_total_reply_count":0,"_bbp_voice_count":0,"_bbp_anonymous_reply_count":0,"_bbp_topic_count_hidden":0,"_bbp_reply_count_hidden":0,"_bbp_forum_subforum_count":0,"footnotes":""},"categories":[116,3,29],"tags":[415,400,94,152],"class_list":["post-10482","post","type-post","status-publish","format-standard","has-post-thumbnail","hentry","category-escola-verda","category-eso","category-portada","tag-escolesverdes25","tag-activitats","tag-eso","tag-maratotv3"],"post_mailing_queue_ids":[],"_links":{"self":[{"href":"https:\/\/agora.xtec.cat\/ies-seros\/wp-json\/wp\/v2\/posts\/10482","targetHints":{"allow":["GET"]}}],"collection":[{"href":"https:\/\/agora.xtec.cat\/ies-seros\/wp-json\/wp\/v2\/posts"}],"about":[{"href":"https:\/\/agora.xtec.cat\/ies-seros\/wp-json\/wp\/v2\/types\/post"}],"author":[{"embeddable":true,"href":"https:\/\/agora.xtec.cat\/ies-seros\/wp-json\/wp\/v2\/users\/87"}],"replies":[{"embeddable":true,"href":"https:\/\/agora.xtec.cat\/ies-seros\/wp-json\/wp\/v2\/comments?post=10482"}],"version-history":[{"count":4,"href":"https:\/\/agora.xtec.cat\/ies-seros\/wp-json\/wp\/v2\/posts\/10482\/revisions"}],"predecessor-version":[{"id":10492,"href":"https:\/\/agora.xtec.cat\/ies-seros\/wp-json\/wp\/v2\/posts\/10482\/revisions\/10492"}],"wp:featuredmedia":[{"embeddable":true,"href":"https:\/\/agora.xtec.cat\/ies-seros\/wp-json\/wp\/v2\/media\/10491"}],"wp:attachment":[{"href":"https:\/\/agora.xtec.cat\/ies-seros\/wp-json\/wp\/v2\/media?parent=10482"}],"wp:term":[{"taxonomy":"category","embeddable":true,"href":"https:\/\/agora.xtec.cat\/ies-seros\/wp-json\/wp\/v2\/categories?post=10482"},{"taxonomy":"post_tag","embeddable":true,"href":"https:\/\/agora.xtec.cat\/ies-seros\/wp-json\/wp\/v2\/tags?post=10482"}],"curies":[{"name":"wp","href":"https:\/\/api.w.org\/{rel}","templated":true}]}}