{"id":10414,"date":"2024-11-13T10:00:56","date_gmt":"2024-11-13T09:00:56","guid":{"rendered":"https:\/\/agora.xtec.cat\/ies-seros\/?p=10414"},"modified":"2025-01-06T22:19:09","modified_gmt":"2025-01-06T21:19:09","slug":"segell-de-qualitat-europeu-etwinning","status":"publish","type":"post","link":"https:\/\/agora.xtec.cat\/ies-seros\/portada\/segell-de-qualitat-europeu-etwinning\/","title":{"rendered":"Segell eTwinning de qualitat europeu"},"content":{"rendered":"<p>El projecte eTwinning sobre &#8220;Intercomprensi\u00f3 entre lleng\u00fces rom\u00e0niques&#8221;, desenvolupat el curs passat per les professores Carme Gair\u00ed i Carme Messeguer amb els seus alumnes de Traducci\u00f3n de textos de 1r de Batxillerat i de Llat\u00ed de 4t d&#8217;ESO en col\u00b7laboraci\u00f3 amb altres instituts d&#8217;Europa, despr\u00e9s d&#8217;obtenir el segell de qualitat nacional, ha estat reconegut ara amb un segell de qualitat europea. Els alumnes participants podran obtenir en breu el diploma acreditatiu.<\/p>\n<p><a href=\"https:\/\/agora.xtec.cat\/ies-seros\/wp-content\/uploads\/usu323\/2024\/11\/EL-eTwinning-per-a-web-1.png\"><img loading=\"lazy\" decoding=\"async\" class=\"alignnone size-large wp-image-10415\" src=\"https:\/\/agora.xtec.cat\/ies-seros\/wp-content\/uploads\/usu323\/2024\/11\/EL-eTwinning-per-a-web-1-1024x823.png\" alt=\"\" width=\"1024\" height=\"823\" srcset=\"https:\/\/agora.xtec.cat\/ies-seros\/wp-content\/uploads\/usu323\/2024\/11\/EL-eTwinning-per-a-web-1-1024x823.png 1024w, https:\/\/agora.xtec.cat\/ies-seros\/wp-content\/uploads\/usu323\/2024\/11\/EL-eTwinning-per-a-web-1-300x241.png 300w, https:\/\/agora.xtec.cat\/ies-seros\/wp-content\/uploads\/usu323\/2024\/11\/EL-eTwinning-per-a-web-1-768x617.png 768w, https:\/\/agora.xtec.cat\/ies-seros\/wp-content\/uploads\/usu323\/2024\/11\/EL-eTwinning-per-a-web-1-1536x1235.png 1536w, https:\/\/agora.xtec.cat\/ies-seros\/wp-content\/uploads\/usu323\/2024\/11\/EL-eTwinning-per-a-web-1-2048x1646.png 2048w\" sizes=\"auto, (max-width: 1024px) 100vw, 1024px\" \/><\/a><\/p>\n<p><a href=\"https:\/\/agora.xtec.cat\/ies-seros\/wp-content\/uploads\/usu323\/2024\/11\/alumnes-4t.jpg\"><img loading=\"lazy\" decoding=\"async\" class=\"alignnone size-large wp-image-10608\" src=\"https:\/\/agora.xtec.cat\/ies-seros\/wp-content\/uploads\/usu323\/2024\/11\/alumnes-4t-1024x768.jpg\" alt=\"\" width=\"1024\" height=\"768\" srcset=\"https:\/\/agora.xtec.cat\/ies-seros\/wp-content\/uploads\/usu323\/2024\/11\/alumnes-4t-1024x768.jpg 1024w, https:\/\/agora.xtec.cat\/ies-seros\/wp-content\/uploads\/usu323\/2024\/11\/alumnes-4t-300x225.jpg 300w, https:\/\/agora.xtec.cat\/ies-seros\/wp-content\/uploads\/usu323\/2024\/11\/alumnes-4t-768x576.jpg 768w, https:\/\/agora.xtec.cat\/ies-seros\/wp-content\/uploads\/usu323\/2024\/11\/alumnes-4t-1536x1152.jpg 1536w, https:\/\/agora.xtec.cat\/ies-seros\/wp-content\/uploads\/usu323\/2024\/11\/alumnes-4t-200x150.jpg 200w, https:\/\/agora.xtec.cat\/ies-seros\/wp-content\/uploads\/usu323\/2024\/11\/alumnes-4t.jpg 1600w\" sizes=\"auto, (max-width: 1024px) 100vw, 1024px\" \/><\/a><\/p>\n","protected":false},"excerpt":{"rendered":"<p>El projecte eTwinning sobre &#8220;Intercomprensi\u00f3 entre lleng\u00fces rom\u00e0niques&#8221;, desenvolupat el curs passat per les professores Carme Gair\u00ed i Carme Messeguer amb els seus alumnes de Traducci\u00f3n de textos de 1r de Batxillerat i de Llat\u00ed de 4t d&#8217;ESO en col\u00b7laboraci\u00f3 amb altres instituts d&#8217;Europa, despr\u00e9s&hellip;  <a href=\"https:\/\/agora.xtec.cat\/ies-seros\/portada\/segell-de-qualitat-europeu-etwinning\/\" title=\"Read Segell eTwinning de qualitat europeu\">Llegeix m\u00e9s\u00bb<\/a><\/p>\n","protected":false},"author":20,"featured_media":10415,"comment_status":"open","ping_status":"closed","sticky":true,"template":"","format":"standard","meta":{"_bbp_topic_count":0,"_bbp_reply_count":0,"_bbp_total_topic_count":0,"_bbp_total_reply_count":0,"_bbp_voice_count":0,"_bbp_anonymous_reply_count":0,"_bbp_topic_count_hidden":0,"_bbp_reply_count_hidden":0,"_bbp_forum_subforum_count":0,"footnotes":""},"categories":[216,380,29,409],"tags":[447],"class_list":["post-10414","post","type-post","status-publish","format-standard","has-post-thumbnail","hentry","category-1batx","category-classiques","category-portada","category-projectes-internacionals","tag-etwinning-ins-seros"],"post_mailing_queue_ids":[],"_links":{"self":[{"href":"https:\/\/agora.xtec.cat\/ies-seros\/wp-json\/wp\/v2\/posts\/10414","targetHints":{"allow":["GET"]}}],"collection":[{"href":"https:\/\/agora.xtec.cat\/ies-seros\/wp-json\/wp\/v2\/posts"}],"about":[{"href":"https:\/\/agora.xtec.cat\/ies-seros\/wp-json\/wp\/v2\/types\/post"}],"author":[{"embeddable":true,"href":"https:\/\/agora.xtec.cat\/ies-seros\/wp-json\/wp\/v2\/users\/20"}],"replies":[{"embeddable":true,"href":"https:\/\/agora.xtec.cat\/ies-seros\/wp-json\/wp\/v2\/comments?post=10414"}],"version-history":[{"count":5,"href":"https:\/\/agora.xtec.cat\/ies-seros\/wp-json\/wp\/v2\/posts\/10414\/revisions"}],"predecessor-version":[{"id":10610,"href":"https:\/\/agora.xtec.cat\/ies-seros\/wp-json\/wp\/v2\/posts\/10414\/revisions\/10610"}],"wp:featuredmedia":[{"embeddable":true,"href":"https:\/\/agora.xtec.cat\/ies-seros\/wp-json\/wp\/v2\/media\/10415"}],"wp:attachment":[{"href":"https:\/\/agora.xtec.cat\/ies-seros\/wp-json\/wp\/v2\/media?parent=10414"}],"wp:term":[{"taxonomy":"category","embeddable":true,"href":"https:\/\/agora.xtec.cat\/ies-seros\/wp-json\/wp\/v2\/categories?post=10414"},{"taxonomy":"post_tag","embeddable":true,"href":"https:\/\/agora.xtec.cat\/ies-seros\/wp-json\/wp\/v2\/tags?post=10414"}],"curies":[{"name":"wp","href":"https:\/\/api.w.org\/{rel}","templated":true}]}}