{"id":10244,"date":"2024-10-15T11:15:08","date_gmt":"2024-10-15T09:15:08","guid":{"rendered":"https:\/\/agora.xtec.cat\/ies-seros\/?p=10244"},"modified":"2024-10-15T11:53:15","modified_gmt":"2024-10-15T09:53:15","slug":"arriben-les-2es-trobades-intermunicipals-descacs-al-segria","status":"publish","type":"post","link":"https:\/\/agora.xtec.cat\/ies-seros\/general\/arriben-les-2es-trobades-intermunicipals-descacs-al-segria\/","title":{"rendered":"Arriben les 2es Trobades Intermunicipals d\u2019Escacs al Segri\u00e0"},"content":{"rendered":"<p>Organitzades per l\u2019ADEJO, el Consell Esportiu del Segri\u00e0, el Club Flanc de Dama i el Departament d\u2019Esports de la Generalitat de Catalunya.<\/p>\n<p><strong>S\u00f3n 7 jornades de car\u00e0cter amist\u00f3s<\/strong> a les quals es pot participar de manera volunt\u00e0ria, i a les quals es desitgi.<\/p>\n<p><strong>Les inscripcions s\u00f3n gratu\u00eftes i<\/strong>\u00a0es poden fer<strong> fins dimecres 16 d\u2019octubre<\/strong> a:<\/p>\n<p><a href=\"https:\/\/cesegria.cat\/inscripcio\/rossello-trobades-intermunicipals\/?fbclid=IwZXh0bgNhZW0CMTAAAR03X5fadLCQa1cYldM6TLqN-aHwtyiFkv0d-PhQT-pShmcTmZgyOfpnteo_aem_Chw02OuxVMF6yRLDlCeBFA\">https:\/\/cesegria.cat\/\u2026\/rossello-trobades-intermunicipals\/<\/a><\/p>\n<p>&nbsp;<\/p>\n<p><strong>Qu\u00e8 se t\u2019ofereix:<\/strong><\/p>\n<p>.Gaudir dels escacs de car\u00e0cter afable.<\/p>\n<p>.Fer amistats.<\/p>\n<p>.Esmorzar per a tots els participants.<\/p>\n<p>.Oferiment de la targeta verda en acabar la jornada.<\/p>\n<p>.En assistir a tres jornades i tenir tres targetes verdes, bescanviar-les a la coordinadora del torneig per una meravellosa medalla.<\/p>\n<p>&nbsp;<\/p>\n<p><strong>Organitzaci\u00f3 de cada jornada:<\/strong><\/p>\n<p>.Cal estar present al lloc a les 9:45 per a revisar la inscripci\u00f3.<\/p>\n<p>.L\u2019inici \u00e9s a les 10:00 i es clou a les 12:00.<\/p>\n<p>.Es disputaran 6 partides per categories d\u2019edat.<\/p>\n<p>.Cada partida t\u00e9 una durada de catorze minuts.<\/p>\n<p>.A mig mat\u00ed breu aturada per esmorzar.<\/p>\n<p>&nbsp;<\/p>\n<p><strong>La resta de dates s\u00f3n les seg\u00fcents, sempre en dissabte:<\/strong><\/p>\n<p>Dates:<\/p>\n<p>19 d\u2019octubre de 2024: Rossell\u00f3.<\/p>\n<p>30 de novembre de 2024: Corbins.<\/p>\n<p>25 de gener de 2025: Almenar.<\/p>\n<p>22 de febrer de 2025: Albat\u00e0rrec.<\/p>\n<p>29 de mar\u00e7 de 2025: Torres de Segre.<\/p>\n<p>26 d\u2019abril de 2025: Montoliu de Lleida.<\/p>\n<p>31 de maig de 2025: La Granja d\u2019Escarp<\/p>\n<p>&nbsp;<\/p>\n<p><strong>N.B<\/strong>. El despla\u00e7ament va a c\u00e0rrec de cadasc\u00fa. Us haur\u00e0 d&#8217;acompanyar algun adult.<\/p>\n<p style=\"text-align: center;\"><a href=\"https:\/\/agora.xtec.cat\/ies-seros\/wp-content\/uploads\/usu323\/2024\/10\/II-Trobades-Intermunicipals-1.jpg\"><img loading=\"lazy\" decoding=\"async\" class=\"alignnone size-full wp-image-10245\" src=\"https:\/\/agora.xtec.cat\/ies-seros\/wp-content\/uploads\/usu323\/2024\/10\/II-Trobades-Intermunicipals-1.jpg\" alt=\"\" width=\"600\" height=\"849\" srcset=\"https:\/\/agora.xtec.cat\/ies-seros\/wp-content\/uploads\/usu323\/2024\/10\/II-Trobades-Intermunicipals-1.jpg 600w, https:\/\/agora.xtec.cat\/ies-seros\/wp-content\/uploads\/usu323\/2024\/10\/II-Trobades-Intermunicipals-1-212x300.jpg 212w\" sizes=\"auto, (max-width: 600px) 100vw, 600px\" \/><\/a><\/p>\n<p style=\"text-align: center;\">[Infografia: ADEJO]<\/p>\n","protected":false},"excerpt":{"rendered":"<p>Organitzades per l\u2019ADEJO, el Consell Esportiu del Segri\u00e0, el Club Flanc de Dama i el Departament d\u2019Esports de la Generalitat de Catalunya.<br \/>\nS\u00f3n 7 jornades de car\u00e0cter amist\u00f3s a les quals es pot participar de manera volunt\u00e0ria, i a les quals es desitgi.<br \/>\nLes inscripcions s\u00f3n gratu\u00eftes&hellip;  <a href=\"https:\/\/agora.xtec.cat\/ies-seros\/general\/arriben-les-2es-trobades-intermunicipals-descacs-al-segria\/\" title=\"Read Arriben les 2es Trobades Intermunicipals d\u2019Escacs al Segri\u00e0\">Llegeix m\u00e9s\u00bb<\/a><\/p>\n","protected":false},"author":37,"featured_media":10245,"comment_status":"open","ping_status":"closed","sticky":true,"template":"","format":"standard","meta":{"_bbp_topic_count":0,"_bbp_reply_count":0,"_bbp_total_topic_count":0,"_bbp_total_reply_count":0,"_bbp_voice_count":0,"_bbp_anonymous_reply_count":0,"_bbp_topic_count_hidden":0,"_bbp_reply_count_hidden":0,"_bbp_forum_subforum_count":0,"footnotes":""},"categories":[201,1,29],"tags":[400],"class_list":["post-10244","post","type-post","status-publish","format-standard","has-post-thumbnail","hentry","category-biblioseros","category-general","category-portada","tag-activitats"],"post_mailing_queue_ids":[],"_links":{"self":[{"href":"https:\/\/agora.xtec.cat\/ies-seros\/wp-json\/wp\/v2\/posts\/10244","targetHints":{"allow":["GET"]}}],"collection":[{"href":"https:\/\/agora.xtec.cat\/ies-seros\/wp-json\/wp\/v2\/posts"}],"about":[{"href":"https:\/\/agora.xtec.cat\/ies-seros\/wp-json\/wp\/v2\/types\/post"}],"author":[{"embeddable":true,"href":"https:\/\/agora.xtec.cat\/ies-seros\/wp-json\/wp\/v2\/users\/37"}],"replies":[{"embeddable":true,"href":"https:\/\/agora.xtec.cat\/ies-seros\/wp-json\/wp\/v2\/comments?post=10244"}],"version-history":[{"count":3,"href":"https:\/\/agora.xtec.cat\/ies-seros\/wp-json\/wp\/v2\/posts\/10244\/revisions"}],"predecessor-version":[{"id":10248,"href":"https:\/\/agora.xtec.cat\/ies-seros\/wp-json\/wp\/v2\/posts\/10244\/revisions\/10248"}],"wp:featuredmedia":[{"embeddable":true,"href":"https:\/\/agora.xtec.cat\/ies-seros\/wp-json\/wp\/v2\/media\/10245"}],"wp:attachment":[{"href":"https:\/\/agora.xtec.cat\/ies-seros\/wp-json\/wp\/v2\/media?parent=10244"}],"wp:term":[{"taxonomy":"category","embeddable":true,"href":"https:\/\/agora.xtec.cat\/ies-seros\/wp-json\/wp\/v2\/categories?post=10244"},{"taxonomy":"post_tag","embeddable":true,"href":"https:\/\/agora.xtec.cat\/ies-seros\/wp-json\/wp\/v2\/tags?post=10244"}],"curies":[{"name":"wp","href":"https:\/\/api.w.org\/{rel}","templated":true}]}}