{"id":10141,"date":"2024-10-03T11:35:53","date_gmt":"2024-10-03T09:35:53","guid":{"rendered":"https:\/\/agora.xtec.cat\/ies-seros\/?p=10141"},"modified":"2024-10-03T11:36:26","modified_gmt":"2024-10-03T09:36:26","slug":"octubre-mes-de-la-ciberseguretat","status":"publish","type":"post","link":"https:\/\/agora.xtec.cat\/ies-seros\/portada\/octubre-mes-de-la-ciberseguretat\/","title":{"rendered":"Octubre, mes de la ciberseguretat"},"content":{"rendered":"<p>Des del 2012, l&#8217;octubre \u00e9s el mes europeu\u00a0de la ciberseguretat.<\/p>\n<p>Des de l<a title=\"Ves a la p\u00e0gina\" href=\"https:\/\/ciberseguretat.gencat.cat\/ca\/inici\/\" target=\"_blank\" rel=\"noopener\">&#8216;Ag\u00e8ncia de Ci\u200bberseguretat de Catalunya<\/a>\u00a0es du\u00a0a terme una tasca de sensibilitzaci\u00f3 vers la seguretat digital per promoure les bones pr\u00e0ctiques en aquest \u00e0mbit a trav\u00e8s de les seves xarxes socials i del programa\u00a0<a href=\"https:\/\/internetsegura.cat\/\">Internet Segura\u200b<\/a>.<\/p>\n<p>Enguany, des d\u2019Internet Segura i l\u2019Ag\u00e8ncia de Ciberseguretat de Catalunya volen fer difusi\u00f3 de\u00a0quatre temes clau que fonamenten la protecci\u00f3 personal a Internet i a les xarxes:<\/p>\n<ul>\n<li>L\u2019actualitzaci\u00f3 de navegadors: com actualitzar Safari, Firefox, Chrome.<\/li>\n<li>El phishing<\/li>\n<li>El ransomware<\/li>\n<li>El robatori de dades\u200b<\/li>\n<\/ul>\n<p><strong>\u200bM\u00e9s informaci\u00f3<\/strong><\/p>\n<p><a title=\"Ves a la p\u00e0gina\" href=\"https:\/\/internetsegura.cat\/consells-ciberhigiene\/\" target=\"_blank\" rel=\"noopener\">\u200b<\/a><a title=\"Ves a la p\u00e0gina\" href=\"https:\/\/ciberseguretat.gencat.cat\/ca\/detalls\/noticia\/Octubre-el-mes-de-la-ciberseguretat-a-Europa\" target=\"_blank\" rel=\"noopener\">Octubre, el mes de la ciberseguretat a Europa<\/a>\u00a0(Ag\u00e8ncia de Ciberseguretat de Catalunya)<\/p>\n<p><a href=\"https:\/\/cybersecuritymonth.eu\/\">European Cybersecurity Month<\/a><\/p>\n<p><a href=\"https:\/\/cybersecuritymonth.eu\/activities?containsDate=&amp;endDate=&amp;perPage=10&amp;reqPage=1&amp;searchText=&amp;sortOrder=descending&amp;startDate=October%203%2c%202023\">Activitats<\/a>\u00a0(podeu filtrar per pais i per \u00e0mbit, entre d&#8217;altres)\u200b<\/p>\n<p>&nbsp;<\/p>\n","protected":false},"excerpt":{"rendered":"<p>Des del 2012, l&#8217;octubre \u00e9s el mes europeu\u00a0de la ciberseguretat.<br \/>\nDes de l<a title=\"Ves a la p\u00e0gina\" href=\"https:\/\/ciberseguretat.gencat.cat\/ca\/inici\/\" target=\"_blank\" rel=\"noopener\">&#8216;Ag\u00e8ncia de Ci\u200bberseguretat de Catalunya<\/a>\u00a0es du\u00a0a terme una tasca de sensibilitzaci\u00f3 vers la seguretat digital per promoure les bones pr\u00e0ctiques en aquest \u00e0mbit a trav\u00e8s de les&hellip;  <a href=\"https:\/\/agora.xtec.cat\/ies-seros\/portada\/octubre-mes-de-la-ciberseguretat\/\" title=\"Read Octubre, mes de la ciberseguretat\">Llegeix m\u00e9s\u00bb<\/a><\/p>\n","protected":false},"author":1,"featured_media":10142,"comment_status":"open","ping_status":"closed","sticky":true,"template":"","format":"standard","meta":{"_bbp_topic_count":0,"_bbp_reply_count":0,"_bbp_total_topic_count":0,"_bbp_total_reply_count":0,"_bbp_voice_count":0,"_bbp_anonymous_reply_count":0,"_bbp_topic_count_hidden":0,"_bbp_reply_count_hidden":0,"_bbp_forum_subforum_count":0,"footnotes":""},"categories":[29],"tags":[],"class_list":["post-10141","post","type-post","status-publish","format-standard","has-post-thumbnail","hentry","category-portada"],"post_mailing_queue_ids":[],"_links":{"self":[{"href":"https:\/\/agora.xtec.cat\/ies-seros\/wp-json\/wp\/v2\/posts\/10141","targetHints":{"allow":["GET"]}}],"collection":[{"href":"https:\/\/agora.xtec.cat\/ies-seros\/wp-json\/wp\/v2\/posts"}],"about":[{"href":"https:\/\/agora.xtec.cat\/ies-seros\/wp-json\/wp\/v2\/types\/post"}],"author":[{"embeddable":true,"href":"https:\/\/agora.xtec.cat\/ies-seros\/wp-json\/wp\/v2\/users\/1"}],"replies":[{"embeddable":true,"href":"https:\/\/agora.xtec.cat\/ies-seros\/wp-json\/wp\/v2\/comments?post=10141"}],"version-history":[{"count":2,"href":"https:\/\/agora.xtec.cat\/ies-seros\/wp-json\/wp\/v2\/posts\/10141\/revisions"}],"predecessor-version":[{"id":10144,"href":"https:\/\/agora.xtec.cat\/ies-seros\/wp-json\/wp\/v2\/posts\/10141\/revisions\/10144"}],"wp:featuredmedia":[{"embeddable":true,"href":"https:\/\/agora.xtec.cat\/ies-seros\/wp-json\/wp\/v2\/media\/10142"}],"wp:attachment":[{"href":"https:\/\/agora.xtec.cat\/ies-seros\/wp-json\/wp\/v2\/media?parent=10141"}],"wp:term":[{"taxonomy":"category","embeddable":true,"href":"https:\/\/agora.xtec.cat\/ies-seros\/wp-json\/wp\/v2\/categories?post=10141"},{"taxonomy":"post_tag","embeddable":true,"href":"https:\/\/agora.xtec.cat\/ies-seros\/wp-json\/wp\/v2\/tags?post=10141"}],"curies":[{"name":"wp","href":"https:\/\/api.w.org\/{rel}","templated":true}]}}