{"id":893,"date":"2017-03-06T20:03:15","date_gmt":"2017-03-06T19:03:15","guid":{"rendered":"http:\/\/agora.xtec.cat\/ies-santelm\/?p=893"},"modified":"2017-03-06T20:03:15","modified_gmt":"2017-03-06T19:03:15","slug":"la-vida-en-un-monestir","status":"publish","type":"post","link":"https:\/\/agora.xtec.cat\/ies-santelm\/eso\/la-vida-en-un-monestir\/","title":{"rendered":"La vida en un monestir"},"content":{"rendered":"<p><span style=\"font-weight: 400;\">Com \u00e9s la \u00a0vida en un monestir? quan s\u2019aixequen i quan se\u2019n van a dormir els monjos i les monges ? que fan durant tot el dia ? com esta organitzat el treball i l\u2019oraci\u00f3? que mengen? <\/span><\/p>\n<p><span style=\"font-weight: 400;\">Aquestes preguntes i moltes m\u00e9s s\u00f3n les que ha respost l\u2019abadessa del monestir de Sant Feliu de Gu\u00edxols a tots els novicis de 2n d\u2019ESO que els dijous 23 de febrer i 2 de mar\u00e7 varen fer la visitat teatralitzada al monestir de la seva poblaci\u00f3, on a part de con\u00e8ixer amb m\u00e9s profunditat com era la vida monacal \u00a0varen poder veure l\u2019interior del monestir i pujar a dalt de les torres. <\/span><span style=\"font-weight: 400;\">Una experi\u00e8ncia d\u2019all\u00f2 m\u00e9s interessant!!!!<\/span><\/p>\n<p><img loading=\"lazy\" decoding=\"async\" class=\" wp-image-894 aligncenter\" src=\"http:\/\/agora.xtec.cat\/ies-santelm\/wp-content\/uploads\/usu1365\/2017\/03\/monestir-300x225.jpg\" alt=\"monestir\" width=\"522\" height=\"391\" srcset=\"https:\/\/agora.xtec.cat\/ies-santelm\/wp-content\/uploads\/usu1365\/2017\/03\/monestir-300x225.jpg 300w, https:\/\/agora.xtec.cat\/ies-santelm\/wp-content\/uploads\/usu1365\/2017\/03\/monestir-768x576.jpg 768w, https:\/\/agora.xtec.cat\/ies-santelm\/wp-content\/uploads\/usu1365\/2017\/03\/monestir-200x150.jpg 200w, https:\/\/agora.xtec.cat\/ies-santelm\/wp-content\/uploads\/usu1365\/2017\/03\/monestir.jpg 960w\" sizes=\"auto, (max-width: 522px) 100vw, 522px\" \/><\/p>\n","protected":false},"excerpt":{"rendered":"<p>Com \u00e9s la \u00a0vida en un monestir? quan s\u2019aixequen i quan se\u2019n van a dormir els monjos i les monges ? que fan durant tot el dia ? com esta organitzat el treball i l\u2019oraci\u00f3? que mengen? Aquestes preguntes i moltes m\u00e9s s\u00f3n les que ha respost l\u2019abadessa del monestir de Sant Feliu de Gu\u00edxols [&hellip;]<\/p>\n","protected":false},"author":1,"featured_media":894,"comment_status":"open","ping_status":"open","sticky":false,"template":"","format":"standard","meta":{"_bbp_topic_count":0,"_bbp_reply_count":0,"_bbp_total_topic_count":0,"_bbp_total_reply_count":0,"_bbp_voice_count":0,"_bbp_anonymous_reply_count":0,"_bbp_topic_count_hidden":0,"_bbp_reply_count_hidden":0,"_bbp_forum_subforum_count":0,"site-sidebar-layout":"default","site-content-layout":"","ast-site-content-layout":"","site-content-style":"default","site-sidebar-style":"default","ast-global-header-display":"","ast-banner-title-visibility":"","ast-main-header-display":"","ast-hfb-above-header-display":"","ast-hfb-below-header-display":"","ast-hfb-mobile-header-display":"","site-post-title":"","ast-breadcrumbs-content":"","ast-featured-img":"","footer-sml-layout":"","theme-transparent-header-meta":"","adv-header-id-meta":"","stick-header-meta":"","header-above-stick-meta":"","header-main-stick-meta":"","header-below-stick-meta":"","astra-migrate-meta-layouts":"default","ast-page-background-enabled":"default","ast-page-background-meta":{"desktop":{"background-color":"var(--ast-global-color-4)","background-image":"","background-repeat":"repeat","background-position":"center center","background-size":"auto","background-attachment":"scroll","background-type":"","background-media":"","overlay-type":"","overlay-color":"","overlay-opacity":"","overlay-gradient":""},"tablet":{"background-color":"","background-image":"","background-repeat":"repeat","background-position":"center center","background-size":"auto","background-attachment":"scroll","background-type":"","background-media":"","overlay-type":"","overlay-color":"","overlay-opacity":"","overlay-gradient":""},"mobile":{"background-color":"","background-image":"","background-repeat":"repeat","background-position":"center center","background-size":"auto","background-attachment":"scroll","background-type":"","background-media":"","overlay-type":"","overlay-color":"","overlay-opacity":"","overlay-gradient":""}},"ast-content-background-meta":{"desktop":{"background-color":"var(--ast-global-color-5)","background-image":"","background-repeat":"repeat","background-position":"center center","background-size":"auto","background-attachment":"scroll","background-type":"","background-media":"","overlay-type":"","overlay-color":"","overlay-opacity":"","overlay-gradient":""},"tablet":{"background-color":"var(--ast-global-color-5)","background-image":"","background-repeat":"repeat","background-position":"center center","background-size":"auto","background-attachment":"scroll","background-type":"","background-media":"","overlay-type":"","overlay-color":"","overlay-opacity":"","overlay-gradient":""},"mobile":{"background-color":"var(--ast-global-color-5)","background-image":"","background-repeat":"repeat","background-position":"center center","background-size":"auto","background-attachment":"scroll","background-type":"","background-media":"","overlay-type":"","overlay-color":"","overlay-opacity":"","overlay-gradient":""}},"footnotes":""},"categories":[3,29],"tags":[],"class_list":["post-893","post","type-post","status-publish","format-standard","has-post-thumbnail","hentry","category-eso","category-portada"],"post_mailing_queue_ids":[],"_links":{"self":[{"href":"https:\/\/agora.xtec.cat\/ies-santelm\/wp-json\/wp\/v2\/posts\/893","targetHints":{"allow":["GET"]}}],"collection":[{"href":"https:\/\/agora.xtec.cat\/ies-santelm\/wp-json\/wp\/v2\/posts"}],"about":[{"href":"https:\/\/agora.xtec.cat\/ies-santelm\/wp-json\/wp\/v2\/types\/post"}],"author":[{"embeddable":true,"href":"https:\/\/agora.xtec.cat\/ies-santelm\/wp-json\/wp\/v2\/users\/1"}],"replies":[{"embeddable":true,"href":"https:\/\/agora.xtec.cat\/ies-santelm\/wp-json\/wp\/v2\/comments?post=893"}],"version-history":[{"count":2,"href":"https:\/\/agora.xtec.cat\/ies-santelm\/wp-json\/wp\/v2\/posts\/893\/revisions"}],"predecessor-version":[{"id":896,"href":"https:\/\/agora.xtec.cat\/ies-santelm\/wp-json\/wp\/v2\/posts\/893\/revisions\/896"}],"wp:featuredmedia":[{"embeddable":true,"href":"https:\/\/agora.xtec.cat\/ies-santelm\/wp-json\/wp\/v2\/media\/894"}],"wp:attachment":[{"href":"https:\/\/agora.xtec.cat\/ies-santelm\/wp-json\/wp\/v2\/media?parent=893"}],"wp:term":[{"taxonomy":"category","embeddable":true,"href":"https:\/\/agora.xtec.cat\/ies-santelm\/wp-json\/wp\/v2\/categories?post=893"},{"taxonomy":"post_tag","embeddable":true,"href":"https:\/\/agora.xtec.cat\/ies-santelm\/wp-json\/wp\/v2\/tags?post=893"}],"curies":[{"name":"wp","href":"https:\/\/api.w.org\/{rel}","templated":true}]}}