{"id":874,"date":"2017-02-09T22:30:16","date_gmt":"2017-02-09T21:30:16","guid":{"rendered":"http:\/\/agora.xtec.cat\/ies-santelm\/?p=874"},"modified":"2017-02-09T22:31:41","modified_gmt":"2017-02-09T21:31:41","slug":"clara-de-blas-al-forum","status":"publish","type":"post","link":"https:\/\/agora.xtec.cat\/ies-santelm\/general\/clara-de-blas-al-forum\/","title":{"rendered":"Clara de Blas al F\u00f2rum"},"content":{"rendered":"<p><img loading=\"lazy\" decoding=\"async\" class=\"size-medium wp-image-875 alignnone\" src=\"http:\/\/agora.xtec.cat\/ies-santelm\/wp-content\/uploads\/usu1365\/2017\/02\/Clara-de-Blas-225x300.jpg\" alt=\"clara-de-blas\" width=\"225\" height=\"300\" srcset=\"https:\/\/agora.xtec.cat\/ies-santelm\/wp-content\/uploads\/usu1365\/2017\/02\/Clara-de-Blas-225x300.jpg 225w, https:\/\/agora.xtec.cat\/ies-santelm\/wp-content\/uploads\/usu1365\/2017\/02\/Clara-de-Blas-768x1024.jpg 768w, https:\/\/agora.xtec.cat\/ies-santelm\/wp-content\/uploads\/usu1365\/2017\/02\/Clara-de-Blas.jpg 960w\" sizes=\"auto, (max-width: 225px) 100vw, 225px\" \/><img loading=\"lazy\" decoding=\"async\" class=\"size-medium wp-image-853 alignleft\" src=\"http:\/\/agora.xtec.cat\/ies-santelm\/wp-content\/uploads\/usu1365\/2017\/02\/deBlasportada-page-001-212x300.jpg\" alt=\"deblasportada-page-001\" width=\"212\" height=\"300\" srcset=\"https:\/\/agora.xtec.cat\/ies-santelm\/wp-content\/uploads\/usu1365\/2017\/02\/deBlasportada-page-001-212x300.jpg 212w, https:\/\/agora.xtec.cat\/ies-santelm\/wp-content\/uploads\/usu1365\/2017\/02\/deBlasportada-page-001-768x1086.jpg 768w, https:\/\/agora.xtec.cat\/ies-santelm\/wp-content\/uploads\/usu1365\/2017\/02\/deBlasportada-page-001-724x1024.jpg 724w, https:\/\/agora.xtec.cat\/ies-santelm\/wp-content\/uploads\/usu1365\/2017\/02\/deBlasportada-page-001.jpg 1240w\" sizes=\"auto, (max-width: 212px) 100vw, 212px\" \/><\/p>\n<p>El Centre participa anualment en el F\u00f2rum de Treballs de Recerca del Baix Empord\u00e0 que aquest curs arriba a la sisena edici\u00f3 i que tindr\u00e0 lloc a l\u2019Espai Ridaura, de Santa Cristina d\u2019Aro, el proper dijous 30 de mar\u00e7.<\/p>\n<p>La selecci\u00f3 s\u2019ha fet entre e\u00a0ls treballs que han assolit la qualificaci\u00f3 d\u2019Excel\u00b7lent a l\u2019avaluaci\u00f3 que va tenir lloc el passat mes de gener i, despr\u00e9s d\u2019una molt ajustada votaci\u00f3 entre el professorat ha resultat seleccionat el treball del qual n\u2019\u00e9s autora la Clara de Blas Llobet.<\/p>\n<p>Sota el t\u00edtol de \u201c <strong>Deixa que t\u2019ajudi. Com ajudar a un adolescent a superar una p\u00e8rdua<\/strong>\u201d la Clara es planteja que <em>\u201cla mort \u00e9s potser l\u2019\u00fanica cosa que pot donar valor a la vida; aix\u00ed doncs, perqu\u00e8 l\u2019evitem?\u201d<\/em><\/p>\n<p>No defuig les complicacions d\u2019un tema on \u201c<em>el tab\u00fa de la mort est\u00e0 molt present en la nostra societat, i m\u00e9s en el moment de superar una p\u00e8rdua durant l\u2019adolesc\u00e8ncia. Per aix\u00f2 he volgut entrar dins el tema i comprendre la ment adolescent, el proc\u00e9s de dol i el perqu\u00e8 d\u2019aquest tab\u00fa en el m\u00f3n occidental. Per aix\u00f2 en la meva part te\u00f2rica \u00e9s el que he recercat. En canvi, a la part pr\u00e0ctica he fet un pas m\u00e9s, he realitzat un curtmetratge acompanyat d\u2019un blog amb tot el coneixement que he adquirit de la recerca, d\u2019entrevistes, enquestes i relats d\u2019adolescents.<\/em>\u201d<\/p>\n<p>I acaba reconeixent que \u201c<em>ara estic massa implicada en aquest m\u00f3n com per deixar que s\u2019acabi aqu\u00ed. Vull seguir endavant amb el que he comen\u00e7at i aportar el m\u00e0xim que pugui, a persones com jo que estan patint o patiran p\u00e8rdues intentant que no els costi deixar-se ajudar.<\/em>\u201d<\/p>\n<p>Un Treball que ha comptat amb la tutoria de la professora Eva D\u00edaz i que ha estat incl\u00f2s en el programa Arg\u00f3 de la Universitat Aut\u00f2noma de Barcelona.<\/p>\n<p>Felicitem a la Clara, i a la resta de participants en el proc\u00e9s selectiu, i li desitgem una brillant exposici\u00f3 el dia del F\u00f2rum.<\/p>\n","protected":false},"excerpt":{"rendered":"<p>El Centre participa anualment en el F\u00f2rum de Treballs de Recerca del Baix Empord\u00e0 que aquest curs arriba a la sisena edici\u00f3 i que tindr\u00e0 lloc a l\u2019Espai Ridaura, de Santa Cristina d\u2019Aro, el proper dijous 30 de mar\u00e7. La selecci\u00f3 s\u2019ha fet entre e\u00a0ls treballs que han assolit la qualificaci\u00f3 d\u2019Excel\u00b7lent a l\u2019avaluaci\u00f3 que [&hellip;]<\/p>\n","protected":false},"author":1,"featured_media":866,"comment_status":"open","ping_status":"open","sticky":false,"template":"","format":"standard","meta":{"_bbp_topic_count":0,"_bbp_reply_count":0,"_bbp_total_topic_count":0,"_bbp_total_reply_count":0,"_bbp_voice_count":0,"_bbp_anonymous_reply_count":0,"_bbp_topic_count_hidden":0,"_bbp_reply_count_hidden":0,"_bbp_forum_subforum_count":0,"site-sidebar-layout":"default","site-content-layout":"","ast-site-content-layout":"","site-content-style":"default","site-sidebar-style":"default","ast-global-header-display":"","ast-banner-title-visibility":"","ast-main-header-display":"","ast-hfb-above-header-display":"","ast-hfb-below-header-display":"","ast-hfb-mobile-header-display":"","site-post-title":"","ast-breadcrumbs-content":"","ast-featured-img":"","footer-sml-layout":"","theme-transparent-header-meta":"","adv-header-id-meta":"","stick-header-meta":"","header-above-stick-meta":"","header-main-stick-meta":"","header-below-stick-meta":"","astra-migrate-meta-layouts":"default","ast-page-background-enabled":"default","ast-page-background-meta":{"desktop":{"background-color":"var(--ast-global-color-4)","background-image":"","background-repeat":"repeat","background-position":"center center","background-size":"auto","background-attachment":"scroll","background-type":"","background-media":"","overlay-type":"","overlay-color":"","overlay-opacity":"","overlay-gradient":""},"tablet":{"background-color":"","background-image":"","background-repeat":"repeat","background-position":"center center","background-size":"auto","background-attachment":"scroll","background-type":"","background-media":"","overlay-type":"","overlay-color":"","overlay-opacity":"","overlay-gradient":""},"mobile":{"background-color":"","background-image":"","background-repeat":"repeat","background-position":"center center","background-size":"auto","background-attachment":"scroll","background-type":"","background-media":"","overlay-type":"","overlay-color":"","overlay-opacity":"","overlay-gradient":""}},"ast-content-background-meta":{"desktop":{"background-color":"var(--ast-global-color-5)","background-image":"","background-repeat":"repeat","background-position":"center center","background-size":"auto","background-attachment":"scroll","background-type":"","background-media":"","overlay-type":"","overlay-color":"","overlay-opacity":"","overlay-gradient":""},"tablet":{"background-color":"var(--ast-global-color-5)","background-image":"","background-repeat":"repeat","background-position":"center center","background-size":"auto","background-attachment":"scroll","background-type":"","background-media":"","overlay-type":"","overlay-color":"","overlay-opacity":"","overlay-gradient":""},"mobile":{"background-color":"var(--ast-global-color-5)","background-image":"","background-repeat":"repeat","background-position":"center center","background-size":"auto","background-attachment":"scroll","background-type":"","background-media":"","overlay-type":"","overlay-color":"","overlay-opacity":"","overlay-gradient":""}},"footnotes":""},"categories":[8,1,29],"tags":[],"class_list":["post-874","post","type-post","status-publish","format-standard","has-post-thumbnail","hentry","category-batxillerat","category-general","category-portada"],"post_mailing_queue_ids":[],"_links":{"self":[{"href":"https:\/\/agora.xtec.cat\/ies-santelm\/wp-json\/wp\/v2\/posts\/874","targetHints":{"allow":["GET"]}}],"collection":[{"href":"https:\/\/agora.xtec.cat\/ies-santelm\/wp-json\/wp\/v2\/posts"}],"about":[{"href":"https:\/\/agora.xtec.cat\/ies-santelm\/wp-json\/wp\/v2\/types\/post"}],"author":[{"embeddable":true,"href":"https:\/\/agora.xtec.cat\/ies-santelm\/wp-json\/wp\/v2\/users\/1"}],"replies":[{"embeddable":true,"href":"https:\/\/agora.xtec.cat\/ies-santelm\/wp-json\/wp\/v2\/comments?post=874"}],"version-history":[{"count":1,"href":"https:\/\/agora.xtec.cat\/ies-santelm\/wp-json\/wp\/v2\/posts\/874\/revisions"}],"predecessor-version":[{"id":876,"href":"https:\/\/agora.xtec.cat\/ies-santelm\/wp-json\/wp\/v2\/posts\/874\/revisions\/876"}],"wp:featuredmedia":[{"embeddable":true,"href":"https:\/\/agora.xtec.cat\/ies-santelm\/wp-json\/wp\/v2\/media\/866"}],"wp:attachment":[{"href":"https:\/\/agora.xtec.cat\/ies-santelm\/wp-json\/wp\/v2\/media?parent=874"}],"wp:term":[{"taxonomy":"category","embeddable":true,"href":"https:\/\/agora.xtec.cat\/ies-santelm\/wp-json\/wp\/v2\/categories?post=874"},{"taxonomy":"post_tag","embeddable":true,"href":"https:\/\/agora.xtec.cat\/ies-santelm\/wp-json\/wp\/v2\/tags?post=874"}],"curies":[{"name":"wp","href":"https:\/\/api.w.org\/{rel}","templated":true}]}}