{"id":760,"date":"2016-12-21T22:52:06","date_gmt":"2016-12-21T21:52:06","guid":{"rendered":"http:\/\/agora.xtec.cat\/ies-santelm\/?p=760"},"modified":"2016-12-26T11:35:35","modified_gmt":"2016-12-26T10:35:35","slug":"dia-de-la-gent-gran","status":"publish","type":"post","link":"https:\/\/agora.xtec.cat\/ies-santelm\/general\/dia-de-la-gent-gran\/","title":{"rendered":"Dia de la gent gran"},"content":{"rendered":"<h6><b>Alumnes de batxillerat art\u00edstic de l\u2019Institut Sant Elm (COR JUNY) col\u00b7laboren amb la Festa de la Gent Gran<\/b><\/h6>\n<p>El diumenge 27 de novembre del 2016, els alumnes de batxillerat art\u00edstic de l\u2019institut Sant Elm, acompanyats dels professors Jordi Perales i Monti Galdon, vam col\u00b7laborar en la <b>Festa de la Gent Gran <\/b>que es va fer al Pavell\u00f3 de la Corxera.<\/p>\n<p>Primer vam realitzar una perfomance de teatre interactuant amb els avis i \u00e0vies, i despr\u00e9s vam cantar tres can\u00e7ons a l\u2019escenari amb el <b>Cor Juny, <\/b>que va ser: <i>Hey brother, Cheap thrills i Burn<\/i>. Quan l\u2019actuaci\u00f3 es va acabar, ens van convidar a dinar. \u00a0L\u2019experi\u00e8ncia va ser molt positiva, hi havia 950 persones grans de p\u00fablic.<\/p>\n<p>text: Aida Cornell\u00e0 i M\u00f2nica Tivda. \u00a0\u00a0Fotos: Estel Garcia i Pere Carreras<\/p>\n<p>Podeu trobar m\u00e9s fotografies a continuaci\u00f3:<\/p>\n<p><a href=\"http:\/\/www.guixols.cat\/\">www.guixols.cat<\/a><\/p>\n<p><img loading=\"lazy\" decoding=\"async\" class=\"alignnone size-thumbnail wp-image-784\" src=\"http:\/\/agora.xtec.cat\/ies-santelm\/wp-content\/uploads\/usu1365\/2016\/12\/Dibuix-sense-t\u00edtol-1-150x150.jpg\" alt=\"dibuix-sense-titol\" width=\"150\" height=\"150\" \/>\u00a0\u00a0\u00a0\u00a0 <img loading=\"lazy\" decoding=\"async\" class=\"alignnone size-thumbnail wp-image-785\" src=\"http:\/\/agora.xtec.cat\/ies-santelm\/wp-content\/uploads\/usu1365\/2016\/12\/Dibuix-sense-t\u00edtol-2-150x150.jpg\" alt=\"dibuix-sense-titol\" width=\"150\" height=\"150\" \/>\u00a0\u00a0\u00a0\u00a0 <img loading=\"lazy\" decoding=\"async\" class=\"alignnone wp-image-787\" src=\"http:\/\/agora.xtec.cat\/ies-santelm\/wp-content\/uploads\/usu1365\/2016\/12\/Dibuix-sense-t\u00edtol-4.jpg\" alt=\"dibuix-sense-titol\" width=\"139\" height=\"139\" \/><\/p>\n<p>&nbsp;<\/p>\n<p>&nbsp;<\/p>\n","protected":false},"excerpt":{"rendered":"<p>Alumnes de batxillerat art\u00edstic de l\u2019Institut Sant Elm (COR JUNY) col\u00b7laboren amb la Festa de la Gent Gran El diumenge 27 de novembre del 2016, els alumnes de batxillerat art\u00edstic de l\u2019institut Sant Elm, acompanyats dels professors Jordi Perales i Monti Galdon, vam col\u00b7laborar en la Festa de la Gent Gran que es va fer [&hellip;]<\/p>\n","protected":false},"author":1,"featured_media":0,"comment_status":"open","ping_status":"open","sticky":false,"template":"","format":"standard","meta":{"_bbp_topic_count":0,"_bbp_reply_count":0,"_bbp_total_topic_count":0,"_bbp_total_reply_count":0,"_bbp_voice_count":0,"_bbp_anonymous_reply_count":0,"_bbp_topic_count_hidden":0,"_bbp_reply_count_hidden":0,"_bbp_forum_subforum_count":0,"site-sidebar-layout":"default","site-content-layout":"","ast-site-content-layout":"","site-content-style":"default","site-sidebar-style":"default","ast-global-header-display":"","ast-banner-title-visibility":"","ast-main-header-display":"","ast-hfb-above-header-display":"","ast-hfb-below-header-display":"","ast-hfb-mobile-header-display":"","site-post-title":"","ast-breadcrumbs-content":"","ast-featured-img":"","footer-sml-layout":"","theme-transparent-header-meta":"","adv-header-id-meta":"","stick-header-meta":"","header-above-stick-meta":"","header-main-stick-meta":"","header-below-stick-meta":"","astra-migrate-meta-layouts":"default","ast-page-background-enabled":"default","ast-page-background-meta":{"desktop":{"background-color":"var(--ast-global-color-4)","background-image":"","background-repeat":"repeat","background-position":"center center","background-size":"auto","background-attachment":"scroll","background-type":"","background-media":"","overlay-type":"","overlay-color":"","overlay-opacity":"","overlay-gradient":""},"tablet":{"background-color":"","background-image":"","background-repeat":"repeat","background-position":"center center","background-size":"auto","background-attachment":"scroll","background-type":"","background-media":"","overlay-type":"","overlay-color":"","overlay-opacity":"","overlay-gradient":""},"mobile":{"background-color":"","background-image":"","background-repeat":"repeat","background-position":"center center","background-size":"auto","background-attachment":"scroll","background-type":"","background-media":"","overlay-type":"","overlay-color":"","overlay-opacity":"","overlay-gradient":""}},"ast-content-background-meta":{"desktop":{"background-color":"var(--ast-global-color-5)","background-image":"","background-repeat":"repeat","background-position":"center center","background-size":"auto","background-attachment":"scroll","background-type":"","background-media":"","overlay-type":"","overlay-color":"","overlay-opacity":"","overlay-gradient":""},"tablet":{"background-color":"var(--ast-global-color-5)","background-image":"","background-repeat":"repeat","background-position":"center center","background-size":"auto","background-attachment":"scroll","background-type":"","background-media":"","overlay-type":"","overlay-color":"","overlay-opacity":"","overlay-gradient":""},"mobile":{"background-color":"var(--ast-global-color-5)","background-image":"","background-repeat":"repeat","background-position":"center center","background-size":"auto","background-attachment":"scroll","background-type":"","background-media":"","overlay-type":"","overlay-color":"","overlay-opacity":"","overlay-gradient":""}},"footnotes":""},"categories":[8,1,29],"tags":[],"class_list":["post-760","post","type-post","status-publish","format-standard","hentry","category-batxillerat","category-general","category-portada"],"post_mailing_queue_ids":[],"_links":{"self":[{"href":"https:\/\/agora.xtec.cat\/ies-santelm\/wp-json\/wp\/v2\/posts\/760","targetHints":{"allow":["GET"]}}],"collection":[{"href":"https:\/\/agora.xtec.cat\/ies-santelm\/wp-json\/wp\/v2\/posts"}],"about":[{"href":"https:\/\/agora.xtec.cat\/ies-santelm\/wp-json\/wp\/v2\/types\/post"}],"author":[{"embeddable":true,"href":"https:\/\/agora.xtec.cat\/ies-santelm\/wp-json\/wp\/v2\/users\/1"}],"replies":[{"embeddable":true,"href":"https:\/\/agora.xtec.cat\/ies-santelm\/wp-json\/wp\/v2\/comments?post=760"}],"version-history":[{"count":3,"href":"https:\/\/agora.xtec.cat\/ies-santelm\/wp-json\/wp\/v2\/posts\/760\/revisions"}],"predecessor-version":[{"id":788,"href":"https:\/\/agora.xtec.cat\/ies-santelm\/wp-json\/wp\/v2\/posts\/760\/revisions\/788"}],"wp:attachment":[{"href":"https:\/\/agora.xtec.cat\/ies-santelm\/wp-json\/wp\/v2\/media?parent=760"}],"wp:term":[{"taxonomy":"category","embeddable":true,"href":"https:\/\/agora.xtec.cat\/ies-santelm\/wp-json\/wp\/v2\/categories?post=760"},{"taxonomy":"post_tag","embeddable":true,"href":"https:\/\/agora.xtec.cat\/ies-santelm\/wp-json\/wp\/v2\/tags?post=760"}],"curies":[{"name":"wp","href":"https:\/\/api.w.org\/{rel}","templated":true}]}}