{"id":749,"date":"2016-12-21T07:36:05","date_gmt":"2016-12-21T06:36:05","guid":{"rendered":"http:\/\/agora.xtec.cat\/ies-santelm\/?p=749"},"modified":"2016-12-22T11:27:18","modified_gmt":"2016-12-22T10:27:18","slug":"marato-de-donacio-de-sang","status":"publish","type":"post","link":"https:\/\/agora.xtec.cat\/ies-santelm\/general\/marato-de-donacio-de-sang\/","title":{"rendered":"Marat\u00f3 de donaci\u00f3 de sang"},"content":{"rendered":"<p><b>Marat\u00f3 de donaci\u00f3 de sang<\/b><br \/>\nText: Sergi Alem\u00e1n, Ona Rocosa i Miquel Maspons<\/p>\n<p>El Dissabte dia 10 de desembre, els alumnes de batxillerat Art\u00edstic de l\u2019INS Sant Elm, vam participar actuant a La Marat\u00f3 de Sang; un acte solidari on la gent d\u00f3na sang i dura des de les 10h fins les 15h, i despr\u00e9s des de les 16h fins les 21h. Aquesta actuaci\u00f3, consistia en anar interpretant \u00a0temes, per recolzar l\u2019activitat.<\/p>\n<p><img loading=\"lazy\" decoding=\"async\" class=\"alignnone size-full wp-image-766\" src=\"http:\/\/agora.xtec.cat\/ies-santelm\/wp-content\/uploads\/usu1365\/2016\/12\/Dibujo-sin-t\u00edtulo-1.jpg\" alt=\"dibujo-sin-titulo-1\" width=\"230\" height=\"221\" \/><\/p>\n<p><img loading=\"lazy\" decoding=\"async\" src=\"http:\/\/agora.xtec.cat\/ies-santelm\/wp-content\/uploads\/usu1365\/2016\/12\/Dibujo-sin-t\u00edtulo-2.jpg\" alt=\"dibujo-sin-titulo-2\" width=\"230\" height=\"221\" class=\"alignnone size-full wp-image-769\" \/><\/p>\n<p><img loading=\"lazy\" decoding=\"async\" src=\"http:\/\/agora.xtec.cat\/ies-santelm\/wp-content\/uploads\/usu1365\/2016\/12\/Dibujo-sin-t\u00edtulo-3.jpg\" alt=\"dibujo-sin-titulo-3\" width=\"230\" height=\"221\" class=\"alignnone size-full wp-image-771\" \/><\/p>\n<p>Podeu veure la not\u00edcia al seg\u00fcent link:<\/p>\n<p><a href=\"http:\/\/www.elpuntavui.cat\/societat\/article\/14-salut\/1029430-marato-de-donants-de-sang-dissabte-a-sant-feliu-de-guixols.html\">http:\/\/www.elpuntavui.cat\/societat\/article\/14-salut\/1029430-marato-de-donants-de-sang-dissabte-a-sant-feliu-de-guixols.html<\/a><\/p>\n","protected":false},"excerpt":{"rendered":"<p>Marat\u00f3 de donaci\u00f3 de sang Text: Sergi Alem\u00e1n, Ona Rocosa i Miquel Maspons El Dissabte dia 10 de desembre, els alumnes de batxillerat Art\u00edstic de l\u2019INS Sant Elm, vam participar actuant a La Marat\u00f3 de Sang; un acte solidari on la gent d\u00f3na sang i dura des de les 10h fins les 15h, i despr\u00e9s [&hellip;]<\/p>\n","protected":false},"author":1,"featured_media":0,"comment_status":"open","ping_status":"open","sticky":false,"template":"","format":"standard","meta":{"_bbp_topic_count":0,"_bbp_reply_count":0,"_bbp_total_topic_count":0,"_bbp_total_reply_count":0,"_bbp_voice_count":0,"_bbp_anonymous_reply_count":0,"_bbp_topic_count_hidden":0,"_bbp_reply_count_hidden":0,"_bbp_forum_subforum_count":0,"site-sidebar-layout":"default","site-content-layout":"","ast-site-content-layout":"","site-content-style":"default","site-sidebar-style":"default","ast-global-header-display":"","ast-banner-title-visibility":"","ast-main-header-display":"","ast-hfb-above-header-display":"","ast-hfb-below-header-display":"","ast-hfb-mobile-header-display":"","site-post-title":"","ast-breadcrumbs-content":"","ast-featured-img":"","footer-sml-layout":"","theme-transparent-header-meta":"","adv-header-id-meta":"","stick-header-meta":"","header-above-stick-meta":"","header-main-stick-meta":"","header-below-stick-meta":"","astra-migrate-meta-layouts":"default","ast-page-background-enabled":"default","ast-page-background-meta":{"desktop":{"background-color":"var(--ast-global-color-4)","background-image":"","background-repeat":"repeat","background-position":"center center","background-size":"auto","background-attachment":"scroll","background-type":"","background-media":"","overlay-type":"","overlay-color":"","overlay-opacity":"","overlay-gradient":""},"tablet":{"background-color":"","background-image":"","background-repeat":"repeat","background-position":"center center","background-size":"auto","background-attachment":"scroll","background-type":"","background-media":"","overlay-type":"","overlay-color":"","overlay-opacity":"","overlay-gradient":""},"mobile":{"background-color":"","background-image":"","background-repeat":"repeat","background-position":"center center","background-size":"auto","background-attachment":"scroll","background-type":"","background-media":"","overlay-type":"","overlay-color":"","overlay-opacity":"","overlay-gradient":""}},"ast-content-background-meta":{"desktop":{"background-color":"var(--ast-global-color-5)","background-image":"","background-repeat":"repeat","background-position":"center center","background-size":"auto","background-attachment":"scroll","background-type":"","background-media":"","overlay-type":"","overlay-color":"","overlay-opacity":"","overlay-gradient":""},"tablet":{"background-color":"var(--ast-global-color-5)","background-image":"","background-repeat":"repeat","background-position":"center center","background-size":"auto","background-attachment":"scroll","background-type":"","background-media":"","overlay-type":"","overlay-color":"","overlay-opacity":"","overlay-gradient":""},"mobile":{"background-color":"var(--ast-global-color-5)","background-image":"","background-repeat":"repeat","background-position":"center center","background-size":"auto","background-attachment":"scroll","background-type":"","background-media":"","overlay-type":"","overlay-color":"","overlay-opacity":"","overlay-gradient":""}},"footnotes":""},"categories":[8,1,29],"tags":[],"class_list":["post-749","post","type-post","status-publish","format-standard","hentry","category-batxillerat","category-general","category-portada"],"post_mailing_queue_ids":[],"_links":{"self":[{"href":"https:\/\/agora.xtec.cat\/ies-santelm\/wp-json\/wp\/v2\/posts\/749","targetHints":{"allow":["GET"]}}],"collection":[{"href":"https:\/\/agora.xtec.cat\/ies-santelm\/wp-json\/wp\/v2\/posts"}],"about":[{"href":"https:\/\/agora.xtec.cat\/ies-santelm\/wp-json\/wp\/v2\/types\/post"}],"author":[{"embeddable":true,"href":"https:\/\/agora.xtec.cat\/ies-santelm\/wp-json\/wp\/v2\/users\/1"}],"replies":[{"embeddable":true,"href":"https:\/\/agora.xtec.cat\/ies-santelm\/wp-json\/wp\/v2\/comments?post=749"}],"version-history":[{"count":4,"href":"https:\/\/agora.xtec.cat\/ies-santelm\/wp-json\/wp\/v2\/posts\/749\/revisions"}],"predecessor-version":[{"id":772,"href":"https:\/\/agora.xtec.cat\/ies-santelm\/wp-json\/wp\/v2\/posts\/749\/revisions\/772"}],"wp:attachment":[{"href":"https:\/\/agora.xtec.cat\/ies-santelm\/wp-json\/wp\/v2\/media?parent=749"}],"wp:term":[{"taxonomy":"category","embeddable":true,"href":"https:\/\/agora.xtec.cat\/ies-santelm\/wp-json\/wp\/v2\/categories?post=749"},{"taxonomy":"post_tag","embeddable":true,"href":"https:\/\/agora.xtec.cat\/ies-santelm\/wp-json\/wp\/v2\/tags?post=749"}],"curies":[{"name":"wp","href":"https:\/\/api.w.org\/{rel}","templated":true}]}}