{"id":683,"date":"2016-11-16T14:12:17","date_gmt":"2016-11-16T13:12:17","guid":{"rendered":"http:\/\/agora.xtec.cat\/ies-santelm\/?p=683"},"modified":"2016-11-16T19:49:46","modified_gmt":"2016-11-16T18:49:46","slug":"sortida-a-la-depuradora-3r-eso","status":"publish","type":"post","link":"https:\/\/agora.xtec.cat\/ies-santelm\/general\/sortida-a-la-depuradora-3r-eso\/","title":{"rendered":"Sortida a la depuradora 3r ESO"},"content":{"rendered":"<p><a href=\"https:\/\/goo.gl\/photos\/JGbDcDxtvVsxeK3o8\"><img loading=\"lazy\" decoding=\"async\" class=\"alignnone wp-image-685 size-medium\" src=\"http:\/\/agora.xtec.cat\/ies-santelm\/wp-content\/uploads\/usu1365\/2016\/11\/DSCF1627-300x225.jpg\" alt=\"dscf1627\" width=\"300\" height=\"225\" srcset=\"https:\/\/agora.xtec.cat\/ies-santelm\/wp-content\/uploads\/usu1365\/2016\/11\/DSCF1627-300x225.jpg 300w, https:\/\/agora.xtec.cat\/ies-santelm\/wp-content\/uploads\/usu1365\/2016\/11\/DSCF1627-768x576.jpg 768w, https:\/\/agora.xtec.cat\/ies-santelm\/wp-content\/uploads\/usu1365\/2016\/11\/DSCF1627-1024x768.jpg 1024w, https:\/\/agora.xtec.cat\/ies-santelm\/wp-content\/uploads\/usu1365\/2016\/11\/DSCF1627-200x150.jpg 200w, https:\/\/agora.xtec.cat\/ies-santelm\/wp-content\/uploads\/usu1365\/2016\/11\/DSCF1627.jpg 1080w\" sizes=\"auto, (max-width: 300px) 100vw, 300px\" \/><\/a><\/p>\n<p><span style=\"font-size: large;\">Emmarcada dins de\u00a0la Setmana de la Ci\u00e8ncia i la T\u00e8cnica, els alumnes de 3 d&#8217;ESO de l&#8217;INS Sant Elm\u00a0van realitzar una visita a la Depuradora d&#8217;aigua de Castell-Platja d&#8217;Aro ahir dia 15 de novembre. El trajecte\u00a0el vam\u00a0realitzar caminant, aprofitant la via verda que va fins a Girona-Olot, durant\u00a0el trajecte el professorat\u00a0va aprofitar\u00a0per comentar diferents aspectes sobre el cicle de l&#8217;aigua. Un cop a la depuradora, mentre es feia l&#8217;hora de la visita, els alumnes i el professorat acompanyat van gaudir d&#8217;un bon esmorzar. El dia va ser radiant, la qual cosa va fer que els alumnes gaudissin m\u00e9s de la sortida. El nostre guia, l&#8217;Edgar, en va mostrar les diferents etapes del proc\u00e9s de depuraci\u00f3 de l&#8217;aigua, filtre de part s\u00f2lida, eliminaci\u00f3 de greixos, decantaci\u00f3 per eliminar fangs, etc. Va fer molt \u00e8mfasi en la necessitat de reduir al m\u00e0xim la quantitat de residus que aboquem per l&#8217;aig\u00fcera. <\/span><\/p>\n<p><span style=\"font-size: large;\">Visita molt interessant i profitosa que de ben segur tindr\u00e0 continu\u00eftat &#8230;<\/span><\/p>\n","protected":false},"excerpt":{"rendered":"<p>Emmarcada dins de\u00a0la Setmana de la Ci\u00e8ncia i la T\u00e8cnica, els alumnes de 3 d&#8217;ESO de l&#8217;INS Sant Elm\u00a0van realitzar una visita a la Depuradora d&#8217;aigua de Castell-Platja d&#8217;Aro ahir dia 15 de novembre. El trajecte\u00a0el vam\u00a0realitzar caminant, aprofitant la via verda que va fins a Girona-Olot, durant\u00a0el trajecte el professorat\u00a0va aprofitar\u00a0per comentar diferents aspectes [&hellip;]<\/p>\n","protected":false},"author":1,"featured_media":685,"comment_status":"open","ping_status":"open","sticky":false,"template":"","format":"standard","meta":{"_bbp_topic_count":0,"_bbp_reply_count":0,"_bbp_total_topic_count":0,"_bbp_total_reply_count":0,"_bbp_voice_count":0,"_bbp_anonymous_reply_count":0,"_bbp_topic_count_hidden":0,"_bbp_reply_count_hidden":0,"_bbp_forum_subforum_count":0,"site-sidebar-layout":"default","site-content-layout":"","ast-site-content-layout":"","site-content-style":"default","site-sidebar-style":"default","ast-global-header-display":"","ast-banner-title-visibility":"","ast-main-header-display":"","ast-hfb-above-header-display":"","ast-hfb-below-header-display":"","ast-hfb-mobile-header-display":"","site-post-title":"","ast-breadcrumbs-content":"","ast-featured-img":"","footer-sml-layout":"","theme-transparent-header-meta":"","adv-header-id-meta":"","stick-header-meta":"","header-above-stick-meta":"","header-main-stick-meta":"","header-below-stick-meta":"","astra-migrate-meta-layouts":"default","ast-page-background-enabled":"default","ast-page-background-meta":{"desktop":{"background-color":"var(--ast-global-color-4)","background-image":"","background-repeat":"repeat","background-position":"center center","background-size":"auto","background-attachment":"scroll","background-type":"","background-media":"","overlay-type":"","overlay-color":"","overlay-opacity":"","overlay-gradient":""},"tablet":{"background-color":"","background-image":"","background-repeat":"repeat","background-position":"center center","background-size":"auto","background-attachment":"scroll","background-type":"","background-media":"","overlay-type":"","overlay-color":"","overlay-opacity":"","overlay-gradient":""},"mobile":{"background-color":"","background-image":"","background-repeat":"repeat","background-position":"center center","background-size":"auto","background-attachment":"scroll","background-type":"","background-media":"","overlay-type":"","overlay-color":"","overlay-opacity":"","overlay-gradient":""}},"ast-content-background-meta":{"desktop":{"background-color":"var(--ast-global-color-5)","background-image":"","background-repeat":"repeat","background-position":"center center","background-size":"auto","background-attachment":"scroll","background-type":"","background-media":"","overlay-type":"","overlay-color":"","overlay-opacity":"","overlay-gradient":""},"tablet":{"background-color":"var(--ast-global-color-5)","background-image":"","background-repeat":"repeat","background-position":"center center","background-size":"auto","background-attachment":"scroll","background-type":"","background-media":"","overlay-type":"","overlay-color":"","overlay-opacity":"","overlay-gradient":""},"mobile":{"background-color":"var(--ast-global-color-5)","background-image":"","background-repeat":"repeat","background-position":"center center","background-size":"auto","background-attachment":"scroll","background-type":"","background-media":"","overlay-type":"","overlay-color":"","overlay-opacity":"","overlay-gradient":""}},"footnotes":""},"categories":[3,1,29],"tags":[99,100],"class_list":["post-683","post","type-post","status-publish","format-standard","has-post-thumbnail","hentry","category-eso","category-general","category-portada","tag-ciencia","tag-setmana-de-la-ciencia"],"post_mailing_queue_ids":[],"_links":{"self":[{"href":"https:\/\/agora.xtec.cat\/ies-santelm\/wp-json\/wp\/v2\/posts\/683","targetHints":{"allow":["GET"]}}],"collection":[{"href":"https:\/\/agora.xtec.cat\/ies-santelm\/wp-json\/wp\/v2\/posts"}],"about":[{"href":"https:\/\/agora.xtec.cat\/ies-santelm\/wp-json\/wp\/v2\/types\/post"}],"author":[{"embeddable":true,"href":"https:\/\/agora.xtec.cat\/ies-santelm\/wp-json\/wp\/v2\/users\/1"}],"replies":[{"embeddable":true,"href":"https:\/\/agora.xtec.cat\/ies-santelm\/wp-json\/wp\/v2\/comments?post=683"}],"version-history":[{"count":3,"href":"https:\/\/agora.xtec.cat\/ies-santelm\/wp-json\/wp\/v2\/posts\/683\/revisions"}],"predecessor-version":[{"id":695,"href":"https:\/\/agora.xtec.cat\/ies-santelm\/wp-json\/wp\/v2\/posts\/683\/revisions\/695"}],"wp:featuredmedia":[{"embeddable":true,"href":"https:\/\/agora.xtec.cat\/ies-santelm\/wp-json\/wp\/v2\/media\/685"}],"wp:attachment":[{"href":"https:\/\/agora.xtec.cat\/ies-santelm\/wp-json\/wp\/v2\/media?parent=683"}],"wp:term":[{"taxonomy":"category","embeddable":true,"href":"https:\/\/agora.xtec.cat\/ies-santelm\/wp-json\/wp\/v2\/categories?post=683"},{"taxonomy":"post_tag","embeddable":true,"href":"https:\/\/agora.xtec.cat\/ies-santelm\/wp-json\/wp\/v2\/tags?post=683"}],"curies":[{"name":"wp","href":"https:\/\/api.w.org\/{rel}","templated":true}]}}