{"id":659,"date":"2016-11-15T15:15:43","date_gmt":"2016-11-15T14:15:43","guid":{"rendered":"http:\/\/agora.xtec.cat\/ies-santelm\/?p=659"},"modified":"2016-11-15T15:16:14","modified_gmt":"2016-11-15T14:16:14","slug":"laire-que-respirem","status":"publish","type":"post","link":"https:\/\/agora.xtec.cat\/ies-santelm\/general\/laire-que-respirem\/","title":{"rendered":"L&#8217;aire que respirem"},"content":{"rendered":"<p>Aquest dilluns 14 de novembre l\u2019alumnat de 1r ESO ha participat activament en la Setmana de<\/p>\n<p>la Ci\u00e8ncia, assistint a la xerrada oferta pel divulgador, investigador i doctor de la Universitat de<\/p>\n<p>Barcelona, Xavier Gim\u00e9nez.<\/p>\n<p><img loading=\"lazy\" decoding=\"async\" class=\"alignnone size-medium wp-image-660\" src=\"http:\/\/agora.xtec.cat\/ies-santelm\/wp-content\/uploads\/usu1365\/2016\/11\/20161114_113112-300x169.jpg\" alt=\"20161114_113112\" width=\"300\" height=\"169\" srcset=\"https:\/\/agora.xtec.cat\/ies-santelm\/wp-content\/uploads\/usu1365\/2016\/11\/20161114_113112-300x169.jpg 300w, https:\/\/agora.xtec.cat\/ies-santelm\/wp-content\/uploads\/usu1365\/2016\/11\/20161114_113112-768x432.jpg 768w, https:\/\/agora.xtec.cat\/ies-santelm\/wp-content\/uploads\/usu1365\/2016\/11\/20161114_113112-1024x576.jpg 1024w, https:\/\/agora.xtec.cat\/ies-santelm\/wp-content\/uploads\/usu1365\/2016\/11\/20161114_113112.jpg 1032w\" sizes=\"auto, (max-width: 300px) 100vw, 300px\" \/><\/p>\n<p>La xerrada ha anat desgranant la composici\u00f3 de l\u2019aire, analitzant els gasos i part\u00edcules que el<\/p>\n<p>formen i ha tingut suport visual amb imatges espectaculars, i en moviment, que han perm\u00e8s<\/p>\n<p>entendre alguns dels fen\u00f2mens meteorol\u00f2gics i d\u2019altres tipus que tenen lloc a l\u2019atmosfera.<\/p>\n<p>Com \u00e9s inevitable en xerrades d\u2019aquesta mena s\u00f3n les preguntes dels assistents les que<\/p>\n<p>marquen el ritme i l\u2019orientaci\u00f3. Aix\u00ed han sorgit respostes, entre altres, a les preguntes de qu\u00e8<\/p>\n<p>s\u00f3n les aurores boreals o per qu\u00e8 les persones que practiquen submarinisme no poden pujar<\/p>\n<p>r\u00e0pidament despr\u00e9s de fer una profunda immersi\u00f3.<\/p>\n<p>Una hora abans, el mateix ponent ha informat de l\u2019oferta pedag\u00f2gica que ofereix la Universitat<\/p>\n<p>de Barcelona a l\u2019alumnat de 2n Batxillerat. Aquesta ha estat la primera de les quatre xerrades<\/p>\n<p>d\u2019orientaci\u00f3 universit\u00e0ria previstes durant els propers dies. La UPF, la UdG i la UVIC seran les<\/p>\n<p>properes.<\/p>\n","protected":false},"excerpt":{"rendered":"<p>Aquest dilluns 14 de novembre l\u2019alumnat de 1r ESO ha participat activament en la Setmana de la Ci\u00e8ncia, assistint a la xerrada oferta pel divulgador, investigador i doctor de la Universitat de Barcelona, Xavier Gim\u00e9nez. La xerrada ha anat desgranant la composici\u00f3 de l\u2019aire, analitzant els gasos i part\u00edcules que el formen i ha tingut [&hellip;]<\/p>\n","protected":false},"author":1,"featured_media":660,"comment_status":"open","ping_status":"open","sticky":false,"template":"","format":"standard","meta":{"_bbp_topic_count":0,"_bbp_reply_count":0,"_bbp_total_topic_count":0,"_bbp_total_reply_count":0,"_bbp_voice_count":0,"_bbp_anonymous_reply_count":0,"_bbp_topic_count_hidden":0,"_bbp_reply_count_hidden":0,"_bbp_forum_subforum_count":0,"site-sidebar-layout":"default","site-content-layout":"","ast-site-content-layout":"","site-content-style":"default","site-sidebar-style":"default","ast-global-header-display":"","ast-banner-title-visibility":"","ast-main-header-display":"","ast-hfb-above-header-display":"","ast-hfb-below-header-display":"","ast-hfb-mobile-header-display":"","site-post-title":"","ast-breadcrumbs-content":"","ast-featured-img":"","footer-sml-layout":"","theme-transparent-header-meta":"","adv-header-id-meta":"","stick-header-meta":"","header-above-stick-meta":"","header-main-stick-meta":"","header-below-stick-meta":"","astra-migrate-meta-layouts":"default","ast-page-background-enabled":"default","ast-page-background-meta":{"desktop":{"background-color":"var(--ast-global-color-4)","background-image":"","background-repeat":"repeat","background-position":"center center","background-size":"auto","background-attachment":"scroll","background-type":"","background-media":"","overlay-type":"","overlay-color":"","overlay-opacity":"","overlay-gradient":""},"tablet":{"background-color":"","background-image":"","background-repeat":"repeat","background-position":"center center","background-size":"auto","background-attachment":"scroll","background-type":"","background-media":"","overlay-type":"","overlay-color":"","overlay-opacity":"","overlay-gradient":""},"mobile":{"background-color":"","background-image":"","background-repeat":"repeat","background-position":"center center","background-size":"auto","background-attachment":"scroll","background-type":"","background-media":"","overlay-type":"","overlay-color":"","overlay-opacity":"","overlay-gradient":""}},"ast-content-background-meta":{"desktop":{"background-color":"var(--ast-global-color-5)","background-image":"","background-repeat":"repeat","background-position":"center center","background-size":"auto","background-attachment":"scroll","background-type":"","background-media":"","overlay-type":"","overlay-color":"","overlay-opacity":"","overlay-gradient":""},"tablet":{"background-color":"var(--ast-global-color-5)","background-image":"","background-repeat":"repeat","background-position":"center center","background-size":"auto","background-attachment":"scroll","background-type":"","background-media":"","overlay-type":"","overlay-color":"","overlay-opacity":"","overlay-gradient":""},"mobile":{"background-color":"var(--ast-global-color-5)","background-image":"","background-repeat":"repeat","background-position":"center center","background-size":"auto","background-attachment":"scroll","background-type":"","background-media":"","overlay-type":"","overlay-color":"","overlay-opacity":"","overlay-gradient":""}},"footnotes":""},"categories":[3,1,29],"tags":[99,100],"class_list":["post-659","post","type-post","status-publish","format-standard","has-post-thumbnail","hentry","category-eso","category-general","category-portada","tag-ciencia","tag-setmana-de-la-ciencia"],"post_mailing_queue_ids":[],"_links":{"self":[{"href":"https:\/\/agora.xtec.cat\/ies-santelm\/wp-json\/wp\/v2\/posts\/659","targetHints":{"allow":["GET"]}}],"collection":[{"href":"https:\/\/agora.xtec.cat\/ies-santelm\/wp-json\/wp\/v2\/posts"}],"about":[{"href":"https:\/\/agora.xtec.cat\/ies-santelm\/wp-json\/wp\/v2\/types\/post"}],"author":[{"embeddable":true,"href":"https:\/\/agora.xtec.cat\/ies-santelm\/wp-json\/wp\/v2\/users\/1"}],"replies":[{"embeddable":true,"href":"https:\/\/agora.xtec.cat\/ies-santelm\/wp-json\/wp\/v2\/comments?post=659"}],"version-history":[{"count":1,"href":"https:\/\/agora.xtec.cat\/ies-santelm\/wp-json\/wp\/v2\/posts\/659\/revisions"}],"predecessor-version":[{"id":661,"href":"https:\/\/agora.xtec.cat\/ies-santelm\/wp-json\/wp\/v2\/posts\/659\/revisions\/661"}],"wp:featuredmedia":[{"embeddable":true,"href":"https:\/\/agora.xtec.cat\/ies-santelm\/wp-json\/wp\/v2\/media\/660"}],"wp:attachment":[{"href":"https:\/\/agora.xtec.cat\/ies-santelm\/wp-json\/wp\/v2\/media?parent=659"}],"wp:term":[{"taxonomy":"category","embeddable":true,"href":"https:\/\/agora.xtec.cat\/ies-santelm\/wp-json\/wp\/v2\/categories?post=659"},{"taxonomy":"post_tag","embeddable":true,"href":"https:\/\/agora.xtec.cat\/ies-santelm\/wp-json\/wp\/v2\/tags?post=659"}],"curies":[{"name":"wp","href":"https:\/\/api.w.org\/{rel}","templated":true}]}}