{"id":564,"date":"2016-11-08T21:08:46","date_gmt":"2016-11-08T20:08:46","guid":{"rendered":"http:\/\/agora.xtec.cat\/ies-santelm\/?p=564"},"modified":"2016-11-15T15:09:37","modified_gmt":"2016-11-15T14:09:37","slug":"setmana-de-la-ciencia","status":"publish","type":"post","link":"https:\/\/agora.xtec.cat\/ies-santelm\/general\/setmana-de-la-ciencia\/","title":{"rendered":"Setmana de la ci\u00e8ncia"},"content":{"rendered":"<p><a href=\"http:\/\/agora.xtec.cat\/ies-santelm\/wp-content\/uploads\/usu1365\/2016\/11\/HORARI2-page-001.jpg\"><img loading=\"lazy\" decoding=\"async\" class=\"alignnone wp-image-572 size-large\" src=\"http:\/\/agora.xtec.cat\/ies-santelm\/wp-content\/uploads\/usu1365\/2016\/11\/HORARI2-page-001-1024x724.jpg\" alt=\"horari2-page-001\" width=\"1024\" height=\"724\" srcset=\"https:\/\/agora.xtec.cat\/ies-santelm\/wp-content\/uploads\/usu1365\/2016\/11\/HORARI2-page-001-1024x724.jpg 1024w, https:\/\/agora.xtec.cat\/ies-santelm\/wp-content\/uploads\/usu1365\/2016\/11\/HORARI2-page-001-300x212.jpg 300w, https:\/\/agora.xtec.cat\/ies-santelm\/wp-content\/uploads\/usu1365\/2016\/11\/HORARI2-page-001-768x543.jpg 768w, https:\/\/agora.xtec.cat\/ies-santelm\/wp-content\/uploads\/usu1365\/2016\/11\/HORARI2-page-001.jpg 1754w\" sizes=\"auto, (max-width: 1024px) 100vw, 1024px\" \/><\/a><\/p>\n<p>Per tercera vegada consecutiva, el nostre Centre s\u2019adhereix a la Setmana de la Ci\u00e8ncia que se<\/p>\n<p>celebra a tot Catalunya entre el divendres 11 de novembre i el diumenge dia 20. Enguany els<\/p>\n<p>temes centrals de l\u2019edici\u00f3 s\u00f3n, d\u2019una banda, els llegums, amb motiu de la celebraci\u00f3 de\u00a0l\u2019Any<\/p>\n<p>Internacional\u00a0dels Llegums;\u00a0la cartografia,\u00a0amb motiu de la celebraci\u00f3 de\u00a0l\u2019Any Internacional<\/p>\n<p>del Mapa;\u00a0i la relaci\u00f3 global\/local amb motiu de la celebraci\u00f3 de\u00a0l\u2019Any Internacional de l\u2019Entesa<\/p>\n<p>Mundial.<\/p>\n<p>Els Departaments de Ci\u00e8ncies de la naturalesa i Tecnologia han programat un conjunt<\/p>\n<p>d\u2019activitats que afecten a tot l\u2019alumnat del Centre, amb xerrades, experi\u00e8ncies, visites i<\/p>\n<p>demostracions que esperem resultin d\u2019inter\u00e8s.<\/p>\n<p>Les activitats s\u2019allarguen fins al dijous 24 de novembre i comptaran amb la participaci\u00f3 com a<\/p>\n<p>ponents de persones reconegudes en el camp de la recerca i que, d\u2019una manera o altra, estan<\/p>\n<p>relacionades amb el nostre Centre, la majoria com a ex-alumnes.<\/p>\n<p>A tots ells els agra\u00efm la seva participaci\u00f3 desinteressada en aquesta activitat.<\/p>\n<p>Podeu trobar tota la informaci\u00f3 sobre les diferents activitats al seg\u00fcent enlla\u00e7:<\/p>\n<p><a href=\"https:\/\/drive.google.com\/drive\/folders\/0B6ubBODOPadEOWM5RUc5ek44RVU?usp=sharing\">Calendari i detalls de les activitats<\/a>\u00a0i\u00a0<a href=\"http:\/\/agora.xtec.cat\/ies-santelm\/wp-content\/uploads\/usu1365\/bp-attachments\/567\/HORARI2-.pdf\">horari<\/a><\/p>\n<p>&nbsp;<\/p>\n","protected":false},"excerpt":{"rendered":"<p>Per tercera vegada consecutiva, el nostre Centre s\u2019adhereix a la Setmana de la Ci\u00e8ncia que se celebra a tot Catalunya entre el divendres 11 de novembre i el diumenge dia 20. Enguany els temes centrals de l\u2019edici\u00f3 s\u00f3n, d\u2019una banda, els llegums, amb motiu de la celebraci\u00f3 de\u00a0l\u2019Any Internacional\u00a0dels Llegums;\u00a0la cartografia,\u00a0amb motiu de la celebraci\u00f3 [&hellip;]<\/p>\n","protected":false},"author":1,"featured_media":0,"comment_status":"open","ping_status":"open","sticky":false,"template":"","format":"standard","meta":{"_bbp_topic_count":0,"_bbp_reply_count":0,"_bbp_total_topic_count":0,"_bbp_total_reply_count":0,"_bbp_voice_count":0,"_bbp_anonymous_reply_count":0,"_bbp_topic_count_hidden":0,"_bbp_reply_count_hidden":0,"_bbp_forum_subforum_count":0,"site-sidebar-layout":"default","site-content-layout":"","ast-site-content-layout":"","site-content-style":"default","site-sidebar-style":"default","ast-global-header-display":"","ast-banner-title-visibility":"","ast-main-header-display":"","ast-hfb-above-header-display":"","ast-hfb-below-header-display":"","ast-hfb-mobile-header-display":"","site-post-title":"","ast-breadcrumbs-content":"","ast-featured-img":"","footer-sml-layout":"","theme-transparent-header-meta":"","adv-header-id-meta":"","stick-header-meta":"","header-above-stick-meta":"","header-main-stick-meta":"","header-below-stick-meta":"","astra-migrate-meta-layouts":"default","ast-page-background-enabled":"default","ast-page-background-meta":{"desktop":{"background-color":"var(--ast-global-color-4)","background-image":"","background-repeat":"repeat","background-position":"center center","background-size":"auto","background-attachment":"scroll","background-type":"","background-media":"","overlay-type":"","overlay-color":"","overlay-opacity":"","overlay-gradient":""},"tablet":{"background-color":"","background-image":"","background-repeat":"repeat","background-position":"center center","background-size":"auto","background-attachment":"scroll","background-type":"","background-media":"","overlay-type":"","overlay-color":"","overlay-opacity":"","overlay-gradient":""},"mobile":{"background-color":"","background-image":"","background-repeat":"repeat","background-position":"center center","background-size":"auto","background-attachment":"scroll","background-type":"","background-media":"","overlay-type":"","overlay-color":"","overlay-opacity":"","overlay-gradient":""}},"ast-content-background-meta":{"desktop":{"background-color":"var(--ast-global-color-5)","background-image":"","background-repeat":"repeat","background-position":"center center","background-size":"auto","background-attachment":"scroll","background-type":"","background-media":"","overlay-type":"","overlay-color":"","overlay-opacity":"","overlay-gradient":""},"tablet":{"background-color":"var(--ast-global-color-5)","background-image":"","background-repeat":"repeat","background-position":"center center","background-size":"auto","background-attachment":"scroll","background-type":"","background-media":"","overlay-type":"","overlay-color":"","overlay-opacity":"","overlay-gradient":""},"mobile":{"background-color":"var(--ast-global-color-5)","background-image":"","background-repeat":"repeat","background-position":"center center","background-size":"auto","background-attachment":"scroll","background-type":"","background-media":"","overlay-type":"","overlay-color":"","overlay-opacity":"","overlay-gradient":""}},"footnotes":""},"categories":[3,1,29],"tags":[99,100],"class_list":["post-564","post","type-post","status-publish","format-standard","hentry","category-eso","category-general","category-portada","tag-ciencia","tag-setmana-de-la-ciencia"],"post_mailing_queue_ids":[],"_links":{"self":[{"href":"https:\/\/agora.xtec.cat\/ies-santelm\/wp-json\/wp\/v2\/posts\/564","targetHints":{"allow":["GET"]}}],"collection":[{"href":"https:\/\/agora.xtec.cat\/ies-santelm\/wp-json\/wp\/v2\/posts"}],"about":[{"href":"https:\/\/agora.xtec.cat\/ies-santelm\/wp-json\/wp\/v2\/types\/post"}],"author":[{"embeddable":true,"href":"https:\/\/agora.xtec.cat\/ies-santelm\/wp-json\/wp\/v2\/users\/1"}],"replies":[{"embeddable":true,"href":"https:\/\/agora.xtec.cat\/ies-santelm\/wp-json\/wp\/v2\/comments?post=564"}],"version-history":[{"count":3,"href":"https:\/\/agora.xtec.cat\/ies-santelm\/wp-json\/wp\/v2\/posts\/564\/revisions"}],"predecessor-version":[{"id":573,"href":"https:\/\/agora.xtec.cat\/ies-santelm\/wp-json\/wp\/v2\/posts\/564\/revisions\/573"}],"wp:attachment":[{"href":"https:\/\/agora.xtec.cat\/ies-santelm\/wp-json\/wp\/v2\/media?parent=564"}],"wp:term":[{"taxonomy":"category","embeddable":true,"href":"https:\/\/agora.xtec.cat\/ies-santelm\/wp-json\/wp\/v2\/categories?post=564"},{"taxonomy":"post_tag","embeddable":true,"href":"https:\/\/agora.xtec.cat\/ies-santelm\/wp-json\/wp\/v2\/tags?post=564"}],"curies":[{"name":"wp","href":"https:\/\/api.w.org\/{rel}","templated":true}]}}