{"id":4966,"date":"2026-04-08T19:38:50","date_gmt":"2026-04-08T17:38:50","guid":{"rendered":"https:\/\/agora.xtec.cat\/ies-santelm\/?p=4966"},"modified":"2026-04-08T19:53:47","modified_gmt":"2026-04-08T17:53:47","slug":"obert-el-termini-de-sollicitud-de-beques-per-a-estudis-postobligatoris-universitaris-i-no-universitaris-per-al-curs-2026-2027","status":"publish","type":"post","link":"https:\/\/agora.xtec.cat\/ies-santelm\/general\/obert-el-termini-de-sollicitud-de-beques-per-a-estudis-postobligatoris-universitaris-i-no-universitaris-per-al-curs-2026-2027\/","title":{"rendered":"Obert el termini de sol\u00b7licitud de beques per a estudis postobligatoris universitaris i no universitaris per al curs 2026-2027"},"content":{"rendered":"<p><span style=\"font-size: 16px;\">Per\u00edode de sol\u00b7licitud de la beca general per a estudis universitaris i la beca per a estudis postobligatoris no universitaris<\/span><\/p>\n<div id=\"viewlet-above-content-body\"><\/div>\n<div id=\"content-core\" class=\"clearfix\">\n<div class=\"pull-right col-xs-12 col-sm-6 col-lg-5 px-0 ml-sm-4 mb-4\">\n<div>\n<div id=\"leadImage\" class=\"leadImage\">\n<figure class=\"\"><a class=\"swipebox hover-effect hover-effect--view\" title=\"Obert el termini de sol\u00b7licitud de beques per a estudis postobligatoris universitaris i no universitaris per al curs 2026-2027\" href=\"https:\/\/www.pallarssobira.cat\/actualitat\/noticies\/obert-el-termini-de-sol-licitud-de-beques-per-a-estudis-postobligatoris-universitaris-i-no-universitaris\/@@images\/ae862d22-ca3e-4374-a2a4-ee5db7c4c5d3.png\" data-rel=\"noGallery\" data-href=\"https:\/\/www.pallarssobira.cat\/actualitat\/noticies\/obert-el-termini-de-sol-licitud-de-beques-per-a-estudis-postobligatoris-universitaris-i-no-universitaris\/@@images\/image\"><img loading=\"lazy\" decoding=\"async\" class=\"img-responsive aligncenter\" title=\"Obert el termini de sol\u00b7licitud de beques per a estudis postobligatoris universitaris i no universitaris per al curs 2026-2027\" src=\"https:\/\/www.pallarssobira.cat\/actualitat\/noticies\/obert-el-termini-de-sol-licitud-de-beques-per-a-estudis-postobligatoris-universitaris-i-no-universitaris\/@@images\/40deb887-e9a4-4bec-b65c-5e783b5f9733.png\" alt=\"Obert el termini de sol\u00b7licitud de beques per a estudis postobligatoris universitaris i no universitaris per al curs 2026-2027\" width=\"600\" height=\"300\" \/><\/a><\/figure>\n<\/div>\n<\/div>\n<\/div>\n<div id=\"parent-fieldname-text\" class=\"\">\n<p>Ja es poden tramitar les sol\u00b7licituds per a les beques d\u2019estudis postobligatoris, tant per a ensenyaments\u00a0<strong>universitaris<\/strong>\u00a0com\u00a0<strong>no universitaris<\/strong>, per al curs acad\u00e8mic 2026-2027. Enguany, totes les persones sol\u00b7licitants amb resid\u00e8ncia familiar a Catalunya, independentment de la localitzaci\u00f3 del centre d&#8217;estudis al qual volen accedir, hauran de tramitar la beca a trav\u00e9s del web de la Generalitat.<\/p>\n<p><strong>Calendari de tramitaci\u00f3<\/strong><br \/>\nEl termini per presentar les sol\u00b7licituds \u00e9s el mateix per a ambdues convocat\u00f2ries:<\/p>\n<ul>\n<li>Inici:\u00a0<strong>7 d&#8217;abril<\/strong>\u00a0de 2026 a les 8:00 hores<\/li>\n<li>Finalitzaci\u00f3:\u00a0<strong>18 de maig<\/strong>\u00a0de 2026 a les 15:00 hores<\/li>\n<\/ul>\n<p><strong>Cal una identificaci\u00f3 digital v\u00e0lida<\/strong><\/p>\n<ul>\n<li>IdCAT M\u00f2bil, Cl@ve, DNI electr\u00f2nic, idCAT Certificat, FNMT, T-CAT, Camefirma<\/li>\n<\/ul>\n<p><strong>Qui pot demanar la beca?<\/strong><\/p>\n<ul>\n<li>Estudiants no universitaris: alumnat de batxillerat, Cicles Formatius de Grau Mitj\u00e0 i Superior, FP B\u00e0sica, ensenyaments art\u00edstics (professionals i superiors), esportius i d&#8217;idiomes en escoles oficials.<\/li>\n<li>Estudiants universitaris: alumnat de Grau, m\u00e0ster universitari, complements de formaci\u00f3 i cursos d&#8217;acc\u00e9s a la universitat per a majors de 25 anys.<\/li>\n<\/ul>\n<p><strong>Com es fa la sol\u00b7licitud?<\/strong><br \/>\nLa tramitaci\u00f3 es realitza exclusivament per via telem\u00e0tica a trav\u00e9s del portal de Tr\u00e0mits de la Generalitat de Catalunya:<\/p>\n<ul>\n<li>Per a estudis postobligatoris\u00a0<strong>no universitaris<\/strong>:\u00a0<a href=\"https:\/\/tramits.gencat.cat\/ca\/tramits\/tramits-temes\/beques-estudis-no-universitaris?moda=1\" data-linktype=\"external\" data-val=\"https:\/\/tramits.gencat.cat\/ca\/tramits\/tramits-temes\/Beca-general-de-la-Generalitat-GRAL\">aqu\u00ed<\/a><\/li>\n<li><a href=\"https:\/\/web.gencat.cat\/ca\/ciutadania\/serveis\/educacio-formacio\/beques-estudis-no-universitaris\">https:\/\/web.gencat.cat\/ca\/ciutadania\/serveis\/educacio-formacio\/beques-estudis-no-universitaris<\/a><\/li>\n<li>Per a estudis\u00a0<strong>universitaris<\/strong>:\u00a0<a href=\"https:\/\/tramits.gencat.cat\/ca\/tramits\/tramits-temes\/Beca-general-de-la-Generalitat-GRAL\" data-linktype=\"external\" data-val=\"https:\/\/tramits.gencat.cat\/ca\/tramits\/tramits-temes\/beques-estudis-no-universitaris?moda=1\">aqu\u00ed<\/a><\/li>\n<li><a href=\"https:\/\/www.educacionfpydeportes.gob.es\/servicios-al-ciudadano\/catalogo\/general\/05\/050130\/ficha\/050130-2026.html\">https:\/\/www.educacionfpydeportes.gob.es\/servicios-al-ciudadano\/catalogo\/general\/05\/050130\/ficha\/050130-2026.html<\/a><\/li>\n<\/ul>\n<p>&nbsp;<\/p>\n<\/div>\n<\/div>\n","protected":false},"excerpt":{"rendered":"<p>Per\u00edode de sol\u00b7licitud de la beca general per a estudis universitaris i la beca per a estudis postobligatoris no universitaris Ja es poden tramitar les sol\u00b7licituds per a les beques d\u2019estudis postobligatoris, tant per a ensenyaments\u00a0universitaris\u00a0com\u00a0no universitaris, per al curs acad\u00e8mic 2026-2027. Enguany, totes les persones sol\u00b7licitants amb resid\u00e8ncia familiar a Catalunya, independentment de la [&hellip;]<\/p>\n","protected":false},"author":43,"featured_media":4965,"comment_status":"closed","ping_status":"open","sticky":false,"template":"","format":"standard","meta":{"_bbp_topic_count":0,"_bbp_reply_count":0,"_bbp_total_topic_count":0,"_bbp_total_reply_count":0,"_bbp_voice_count":0,"_bbp_anonymous_reply_count":0,"_bbp_topic_count_hidden":0,"_bbp_reply_count_hidden":0,"_bbp_forum_subforum_count":0,"site-sidebar-layout":"default","site-content-layout":"","ast-site-content-layout":"default","site-content-style":"default","site-sidebar-style":"default","ast-global-header-display":"","ast-banner-title-visibility":"","ast-main-header-display":"","ast-hfb-above-header-display":"","ast-hfb-below-header-display":"","ast-hfb-mobile-header-display":"","site-post-title":"","ast-breadcrumbs-content":"","ast-featured-img":"","footer-sml-layout":"","theme-transparent-header-meta":"default","adv-header-id-meta":"","stick-header-meta":"","header-above-stick-meta":"","header-main-stick-meta":"","header-below-stick-meta":"","astra-migrate-meta-layouts":"set","ast-page-background-enabled":"default","ast-page-background-meta":{"desktop":{"background-color":"var(--ast-global-color-4)","background-image":"","background-repeat":"repeat","background-position":"center center","background-size":"auto","background-attachment":"scroll","background-type":"","background-media":"","overlay-type":"","overlay-color":"","overlay-opacity":"","overlay-gradient":""},"tablet":{"background-color":"","background-image":"","background-repeat":"repeat","background-position":"center center","background-size":"auto","background-attachment":"scroll","background-type":"","background-media":"","overlay-type":"","overlay-color":"","overlay-opacity":"","overlay-gradient":""},"mobile":{"background-color":"","background-image":"","background-repeat":"repeat","background-position":"center center","background-size":"auto","background-attachment":"scroll","background-type":"","background-media":"","overlay-type":"","overlay-color":"","overlay-opacity":"","overlay-gradient":""}},"ast-content-background-meta":{"desktop":{"background-color":"var(--ast-global-color-5)","background-image":"","background-repeat":"repeat","background-position":"center center","background-size":"auto","background-attachment":"scroll","background-type":"","background-media":"","overlay-type":"","overlay-color":"","overlay-opacity":"","overlay-gradient":""},"tablet":{"background-color":"var(--ast-global-color-5)","background-image":"","background-repeat":"repeat","background-position":"center center","background-size":"auto","background-attachment":"scroll","background-type":"","background-media":"","overlay-type":"","overlay-color":"","overlay-opacity":"","overlay-gradient":""},"mobile":{"background-color":"var(--ast-global-color-5)","background-image":"","background-repeat":"repeat","background-position":"center center","background-size":"auto","background-attachment":"scroll","background-type":"","background-media":"","overlay-type":"","overlay-color":"","overlay-opacity":"","overlay-gradient":""}},"footnotes":""},"categories":[1,29],"tags":[],"class_list":["post-4966","post","type-post","status-publish","format-standard","has-post-thumbnail","hentry","category-general","category-portada"],"post_mailing_queue_ids":[],"_links":{"self":[{"href":"https:\/\/agora.xtec.cat\/ies-santelm\/wp-json\/wp\/v2\/posts\/4966","targetHints":{"allow":["GET"]}}],"collection":[{"href":"https:\/\/agora.xtec.cat\/ies-santelm\/wp-json\/wp\/v2\/posts"}],"about":[{"href":"https:\/\/agora.xtec.cat\/ies-santelm\/wp-json\/wp\/v2\/types\/post"}],"author":[{"embeddable":true,"href":"https:\/\/agora.xtec.cat\/ies-santelm\/wp-json\/wp\/v2\/users\/43"}],"replies":[{"embeddable":true,"href":"https:\/\/agora.xtec.cat\/ies-santelm\/wp-json\/wp\/v2\/comments?post=4966"}],"version-history":[{"count":4,"href":"https:\/\/agora.xtec.cat\/ies-santelm\/wp-json\/wp\/v2\/posts\/4966\/revisions"}],"predecessor-version":[{"id":4970,"href":"https:\/\/agora.xtec.cat\/ies-santelm\/wp-json\/wp\/v2\/posts\/4966\/revisions\/4970"}],"wp:featuredmedia":[{"embeddable":true,"href":"https:\/\/agora.xtec.cat\/ies-santelm\/wp-json\/wp\/v2\/media\/4965"}],"wp:attachment":[{"href":"https:\/\/agora.xtec.cat\/ies-santelm\/wp-json\/wp\/v2\/media?parent=4966"}],"wp:term":[{"taxonomy":"category","embeddable":true,"href":"https:\/\/agora.xtec.cat\/ies-santelm\/wp-json\/wp\/v2\/categories?post=4966"},{"taxonomy":"post_tag","embeddable":true,"href":"https:\/\/agora.xtec.cat\/ies-santelm\/wp-json\/wp\/v2\/tags?post=4966"}],"curies":[{"name":"wp","href":"https:\/\/api.w.org\/{rel}","templated":true}]}}