{"id":4894,"date":"2026-02-17T18:29:23","date_gmt":"2026-02-17T17:29:23","guid":{"rendered":"https:\/\/agora.xtec.cat\/ies-santelm\/?p=4894"},"modified":"2026-02-19T18:36:11","modified_gmt":"2026-02-19T17:36:11","slug":"ajuts-economics-individuals-de-desplacament-2","status":"publish","type":"post","link":"https:\/\/agora.xtec.cat\/ies-santelm\/general\/ajuts-economics-individuals-de-desplacament-2\/","title":{"rendered":"Ajuts econ\u00f2mics individuals de despla\u00e7ament"},"content":{"rendered":"<p><img loading=\"lazy\" decoding=\"async\" class=\"wp-image-4897 size-large aligncenter\" src=\"https:\/\/agora.xtec.cat\/ies-santelm\/wp-content\/uploads\/usu1365\/2026\/02\/ajut-transport-1024x682.jpg\" alt=\"\" width=\"1024\" height=\"682\" srcset=\"https:\/\/agora.xtec.cat\/ies-santelm\/wp-content\/uploads\/usu1365\/2026\/02\/ajut-transport-1024x682.jpg 1024w, https:\/\/agora.xtec.cat\/ies-santelm\/wp-content\/uploads\/usu1365\/2026\/02\/ajut-transport-300x200.jpg 300w, https:\/\/agora.xtec.cat\/ies-santelm\/wp-content\/uploads\/usu1365\/2026\/02\/ajut-transport-768x512.jpg 768w, https:\/\/agora.xtec.cat\/ies-santelm\/wp-content\/uploads\/usu1365\/2026\/02\/ajut-transport.jpg 1100w\" sizes=\"auto, (max-width: 1024px) 100vw, 1024px\" \/><\/p>\n<div id=\"section-228528\" class=\"widget-section py-large py-md-large py-sm-large px-small px-md-small px-sm-small background-size-cover background-position-center-center gy-small gx-small flex-row\">\n<div class=\"widget-section-content\">\n<div class=\"widget-section-content-content background-size-cover background-position-center-center\">\n<div id=\"column-551312\" class=\"widget-column flex-large-12 flex-medium-12 flex-small-12 py-none py-md-none py-sm-none px-none px-md-none px-sm-none flex-justify-top gy-medium\">\n<div class=\"widget-column-content flex-row\">\n<div id=\"widget-1142302\" class=\" widget-item widget-type-title\">\n<h1 class=\"title1 text-center\">AJUTS ECON\u00d2MICS INDIVIDUALS DE DESPLA\u00c7AMENT<\/h1>\n<\/div>\n<div id=\"widget-1142303\" class=\" widget-item widget-type-title\">\n<h2 class=\"title2 text-center\">CURS 2025-2026<\/h2>\n<\/div>\n<\/div>\n<\/div>\n<\/div>\n<\/div>\n<\/div>\n<div id=\"section-228552\" class=\"widget-section mt-large mb-small px-small px-md-small px-sm-small gy-small gx-small flex-row\">\n<div class=\"widget-section-content\">\n<div class=\"widget-section-content-content background-size-cover background-position-center-center\">\n<div id=\"column-551379\" class=\"widget-column flex-large-12 flex-medium-12 flex-small-12 py-none py-md-none py-sm-none px-none px-md-none px-sm-none flex-justify-top gy-medium\">\n<div class=\"widget-column-content flex-row\">\n<div id=\"widget-1142404\" class=\" widget-item widget-type-title\">\n<h2 class=\"title2 text-left\">Termini de presentaci\u00f3<\/h2>\n<div id=\"section-228552\" class=\"widget-section mt-large mb-small px-small px-md-small px-sm-small gy-small gx-small flex-row\">\n<div class=\"widget-section-content\">\n<div class=\"widget-section-content-content background-size-cover background-position-center-center\">\n<div id=\"column-551379\" class=\"widget-column flex-large-12 flex-medium-12 flex-small-12 py-none py-md-none py-sm-none px-none px-md-none px-sm-none flex-justify-top gy-medium\">\n<div class=\"widget-column-content flex-row\">\n<div id=\"widget-1142405\" class=\" widget-item widget-type-text\">\n<div class=\"text text-columns-1 text-left\">\n<p><strong>Del 9 de febrer, a les 9 h, al 27 de febrer de 2026, a les 14h<\/strong><\/p>\n<\/div>\n<\/div>\n<\/div>\n<\/div>\n<\/div>\n<\/div>\n<\/div>\n<div id=\"section-228576\" class=\"widget-section mt-large mb-small px-small px-md-small px-sm-small gy-medium gx-small flex-row\">\n<div class=\"widget-section-content\">\n<div class=\"widget-section-content-content background-size-cover background-position-center-center\">\n<div id=\"column-551437\" class=\"widget-column flex-large-12 flex-medium-12 flex-small-12 py-none py-md-none py-sm-none px-none px-md-none px-sm-none flex-justify-top gy-medium\">\n<div class=\"widget-column-content flex-row\">\n<div id=\"widget-1142488\" class=\" widget-item widget-type-title\">\n<h2 class=\"title2 text-left\">On i com podeu sol\u00b7licitar l&#8217;Ajut telem\u00e0ticament<\/h2>\n<\/div>\n<div id=\"widget-1142489\" class=\" widget-item widget-type-text\">\n<div class=\"text text-columns-1 text-left\">\n<p><strong>A la Seu electr\u00f2nica del Consell Comarcal del Baix Empord\u00e0<\/strong><\/p>\n<p>\u00c9s necessari que us identifiqueu. Ho podeu fer amb:<\/p>\n<ul>\n<li>IdCAT M\u00f2bil<\/li>\n<li>IdCAT Certificat<\/li>\n<li><a href=\"mailto:-Cl@ve\">Cl@ve<\/a><\/li>\n<li>DNI electr\u00f2nic<\/li>\n<\/ul>\n<\/div>\n<\/div>\n<\/div>\n<\/div>\n<\/div>\n<\/div>\n<\/div>\n<div id=\"section-228571\" class=\"widget-section mt-large px-small px-md-small px-sm-small gy-small gx-small flex-row\">\n<div class=\"widget-section-content\">\n<div class=\"widget-section-content-content background-size-cover background-position-center-center\">\n<div id=\"column-551426\" class=\"widget-column flex-large-12 flex-medium-12 flex-small-12 py-large py-md-large py-sm-large px-large px-md-large px-sm-large flex-justify-top gy-medium\">\n<div class=\"widget-column-overlay\"><\/div>\n<div class=\"widget-column-content flex-row\">\n<div id=\"widget-1142472\" class=\" widget-item widget-type-title\">\n<h3 class=\"title1 text-left\">Accediu al tr\u00e0mit \u201cSol\u00b7licitud d\u2019ajut econ\u00f2mic individual de despla\u00e7ament&#8221;<\/h3>\n<\/div>\n<div id=\"widget-1142473\" class=\" widget-item widget-type-text\">\n<div class=\"text text-columns-1 text-left\">\n<p><strong><sub>Ajut destinat a l&#8217;alumnat de segon cicle d&#8217;educaci\u00f3 infantil, prim\u00e0ria, secund\u00e0ria obligat\u00f2ria o educaci\u00f3 especial, matriculat a un centre del Baix Empord\u00e0 durant el curs 2025-2026, i que compleix els requisits de les bases de la convocat\u00f2ria.<\/sub><\/strong><\/p>\n<p><sub><strong>\u00a0<\/strong><\/sub><\/p>\n<\/div>\n<\/div>\n<div id=\"widget-1142474\" class=\" widget-item widget-type-button\">\n<div class=\"text-left\"><a class=\"btn btn--icon-left\" href=\"https:\/\/baixemporda.eadministracio.cat\/?x=l6TtbDPKdaebJEbzN0pRn4dnnrf-MJGusKmeHAmUSJsXfSu6jZFzcIcnSpZOv5n1oLZPXCsQk-uC5YeL6cBMixL7Eg-HTPl51lXToICgYAmUuhRBVKUt35I3Or6JzHduUyE6VyBhPofhuVA2LOEGMJaYczTMsjoBeG2nZfWZ9gdIICgMXLI72NwIf1vl2Bj3EBpWyo-If-AG6bhCTVFz*g\">Sol\u00b7licitud<\/a><\/div>\n<\/div>\n<\/div>\n<\/div>\n<\/div>\n<\/div>\n<\/div>\n<div id=\"section-228603\" class=\"widget-section mt-medium mb-small px-small px-md-small px-sm-small gy-small gx-small flex-row\">\n<div class=\"widget-section-content\">\n<div class=\"widget-section-content-content background-size-cover background-position-center-center\">\n<div id=\"column-551507\" class=\"widget-column flex-large-12 flex-medium-12 flex-small-12 py-medium py-md-medium py-sm-medium px-none px-md-none px-sm-none flex-justify-top gy-medium\">\n<div class=\"widget-column-content flex-row\">\n<div id=\"widget-1142593\" class=\" widget-item widget-type-title\">\n<h2 class=\"title2 text-left\">Com podeu sol\u00b7licitar l&#8217;Ajut presencialment<\/h2>\n<\/div>\n<div id=\"widget-1142594\" class=\" widget-item widget-type-text\">\n<div class=\"text text-columns-1 text-left\">\n<p>Si preferiu fer el tr\u00e0mit de manera presencial, podeu adre\u00e7ar-vos a<strong>\u00a0l\u2019Oficina d\u2019Assist\u00e8ncia en Mat\u00e8ria de Registre (OAMR) del Consell Comarcal del Baix Empord\u00e0.<\/strong><\/p>\n<p>De Dilluns a divendres, de les 9 a les 14 hores.<\/p>\n<p>C.Tarongers. N\u00fam.12<\/p>\n<p>17100 La Bisbal d\u2019Empord\u00e0<\/p>\n<p>Tel. 972 64 23 10<\/p>\n<p>&nbsp;<\/p>\n<\/div>\n<\/div>\n<\/div>\n<\/div>\n<\/div>\n<\/div>\n<\/div>\n<\/div>\n<\/div>\n<\/div>\n<\/div>\n<\/div>\n<\/div>\n<p><a href=\"https:\/\/www.baixemporda.cat\/ca\/arees\/ensenyament\/ajuts-economics\/ajuts-economics-individuals-de-desplacament\/\">https:\/\/www.baixemporda.cat\/ca\/arees\/ensenyament\/ajuts-economics\/ajuts-economics-individuals-de-desplacament\/<\/a><\/p>\n","protected":false},"excerpt":{"rendered":"<p>AJUTS ECON\u00d2MICS INDIVIDUALS DE DESPLA\u00c7AMENT CURS 2025-2026 Termini de presentaci\u00f3 Del 9 de febrer, a les 9 h, al 27 de febrer de 2026, a les 14h On i com podeu sol\u00b7licitar l&#8217;Ajut telem\u00e0ticament A la Seu electr\u00f2nica del Consell Comarcal del Baix Empord\u00e0 \u00c9s necessari que us identifiqueu. Ho podeu fer amb: IdCAT M\u00f2bil [&hellip;]<\/p>\n","protected":false},"author":43,"featured_media":4897,"comment_status":"closed","ping_status":"open","sticky":false,"template":"","format":"standard","meta":{"_bbp_topic_count":0,"_bbp_reply_count":0,"_bbp_total_topic_count":0,"_bbp_total_reply_count":0,"_bbp_voice_count":0,"_bbp_anonymous_reply_count":0,"_bbp_topic_count_hidden":0,"_bbp_reply_count_hidden":0,"_bbp_forum_subforum_count":0,"site-sidebar-layout":"default","site-content-layout":"","ast-site-content-layout":"default","site-content-style":"default","site-sidebar-style":"default","ast-global-header-display":"","ast-banner-title-visibility":"","ast-main-header-display":"","ast-hfb-above-header-display":"","ast-hfb-below-header-display":"","ast-hfb-mobile-header-display":"","site-post-title":"","ast-breadcrumbs-content":"","ast-featured-img":"","footer-sml-layout":"","theme-transparent-header-meta":"default","adv-header-id-meta":"","stick-header-meta":"","header-above-stick-meta":"","header-main-stick-meta":"","header-below-stick-meta":"","astra-migrate-meta-layouts":"set","ast-page-background-enabled":"default","ast-page-background-meta":{"desktop":{"background-color":"var(--ast-global-color-4)","background-image":"","background-repeat":"repeat","background-position":"center center","background-size":"auto","background-attachment":"scroll","background-type":"","background-media":"","overlay-type":"","overlay-color":"","overlay-opacity":"","overlay-gradient":""},"tablet":{"background-color":"","background-image":"","background-repeat":"repeat","background-position":"center center","background-size":"auto","background-attachment":"scroll","background-type":"","background-media":"","overlay-type":"","overlay-color":"","overlay-opacity":"","overlay-gradient":""},"mobile":{"background-color":"","background-image":"","background-repeat":"repeat","background-position":"center center","background-size":"auto","background-attachment":"scroll","background-type":"","background-media":"","overlay-type":"","overlay-color":"","overlay-opacity":"","overlay-gradient":""}},"ast-content-background-meta":{"desktop":{"background-color":"var(--ast-global-color-5)","background-image":"","background-repeat":"repeat","background-position":"center center","background-size":"auto","background-attachment":"scroll","background-type":"","background-media":"","overlay-type":"","overlay-color":"","overlay-opacity":"","overlay-gradient":""},"tablet":{"background-color":"var(--ast-global-color-5)","background-image":"","background-repeat":"repeat","background-position":"center center","background-size":"auto","background-attachment":"scroll","background-type":"","background-media":"","overlay-type":"","overlay-color":"","overlay-opacity":"","overlay-gradient":""},"mobile":{"background-color":"var(--ast-global-color-5)","background-image":"","background-repeat":"repeat","background-position":"center center","background-size":"auto","background-attachment":"scroll","background-type":"","background-media":"","overlay-type":"","overlay-color":"","overlay-opacity":"","overlay-gradient":""}},"footnotes":""},"categories":[1,29],"tags":[],"class_list":["post-4894","post","type-post","status-publish","format-standard","has-post-thumbnail","hentry","category-general","category-portada"],"post_mailing_queue_ids":[],"_links":{"self":[{"href":"https:\/\/agora.xtec.cat\/ies-santelm\/wp-json\/wp\/v2\/posts\/4894","targetHints":{"allow":["GET"]}}],"collection":[{"href":"https:\/\/agora.xtec.cat\/ies-santelm\/wp-json\/wp\/v2\/posts"}],"about":[{"href":"https:\/\/agora.xtec.cat\/ies-santelm\/wp-json\/wp\/v2\/types\/post"}],"author":[{"embeddable":true,"href":"https:\/\/agora.xtec.cat\/ies-santelm\/wp-json\/wp\/v2\/users\/43"}],"replies":[{"embeddable":true,"href":"https:\/\/agora.xtec.cat\/ies-santelm\/wp-json\/wp\/v2\/comments?post=4894"}],"version-history":[{"count":2,"href":"https:\/\/agora.xtec.cat\/ies-santelm\/wp-json\/wp\/v2\/posts\/4894\/revisions"}],"predecessor-version":[{"id":4898,"href":"https:\/\/agora.xtec.cat\/ies-santelm\/wp-json\/wp\/v2\/posts\/4894\/revisions\/4898"}],"wp:featuredmedia":[{"embeddable":true,"href":"https:\/\/agora.xtec.cat\/ies-santelm\/wp-json\/wp\/v2\/media\/4897"}],"wp:attachment":[{"href":"https:\/\/agora.xtec.cat\/ies-santelm\/wp-json\/wp\/v2\/media?parent=4894"}],"wp:term":[{"taxonomy":"category","embeddable":true,"href":"https:\/\/agora.xtec.cat\/ies-santelm\/wp-json\/wp\/v2\/categories?post=4894"},{"taxonomy":"post_tag","embeddable":true,"href":"https:\/\/agora.xtec.cat\/ies-santelm\/wp-json\/wp\/v2\/tags?post=4894"}],"curies":[{"name":"wp","href":"https:\/\/api.w.org\/{rel}","templated":true}]}}