{"id":4884,"date":"2026-02-18T19:06:47","date_gmt":"2026-02-18T18:06:47","guid":{"rendered":"https:\/\/agora.xtec.cat\/ies-santelm\/?p=4884"},"modified":"2026-02-18T19:23:53","modified_gmt":"2026-02-18T18:23:53","slug":"portes-obertes-batxillerat","status":"publish","type":"post","link":"https:\/\/agora.xtec.cat\/ies-santelm\/general\/portes-obertes-batxillerat\/","title":{"rendered":"Jornada de Portes Obertes de Batxillerat (2026-2027)"},"content":{"rendered":"<p><img loading=\"lazy\" decoding=\"async\" class=\"aligncenter wp-image-4891 size-large\" src=\"https:\/\/agora.xtec.cat\/ies-santelm\/wp-content\/uploads\/usu1365\/2026\/02\/portes-obertes-1-1-1024x576.png\" alt=\"\" width=\"1024\" height=\"576\" srcset=\"https:\/\/agora.xtec.cat\/ies-santelm\/wp-content\/uploads\/usu1365\/2026\/02\/portes-obertes-1-1-1024x576.png 1024w, https:\/\/agora.xtec.cat\/ies-santelm\/wp-content\/uploads\/usu1365\/2026\/02\/portes-obertes-1-1-300x169.png 300w, https:\/\/agora.xtec.cat\/ies-santelm\/wp-content\/uploads\/usu1365\/2026\/02\/portes-obertes-1-1-768x432.png 768w, https:\/\/agora.xtec.cat\/ies-santelm\/wp-content\/uploads\/usu1365\/2026\/02\/portes-obertes-1-1-1536x864.png 1536w, https:\/\/agora.xtec.cat\/ies-santelm\/wp-content\/uploads\/usu1365\/2026\/02\/portes-obertes-1-1.png 1920w\" sizes=\"auto, (max-width: 1024px) 100vw, 1024px\" \/><\/p>\n<p>&nbsp;<\/p>\n<p>&nbsp;<\/p>\n<h2 data-path-to-node=\"2\"><b data-path-to-node=\"2\" data-index-in-node=\"0\">Jornada de Portes Obertes de Batxillerat (2026-2027): Construeix el teu futur a l&#8217;Institut Sant Elm<\/b><\/h2>\n<p data-path-to-node=\"3\">Est\u00e0s a punt de fer el pas cap al Batxillerat? Vols con\u00e8ixer com treballem i quines oportunitats t\u2019oferim? L\u2019<b data-path-to-node=\"3\" data-index-in-node=\"109\">Institut Sant Elm<\/b> obre les seves portes per mostrar-vos el nostre projecte educatiu per al curs 2026-2027.<\/p>\n<p data-path-to-node=\"4\">Us convidem a participar en una jornada pensada per resoldre dubtes, visitar els espais i parlar directament amb l\u2019equip docent sobre les diferents modalitats i l&#8217;acompanyament que fem a l\u2019alumnat en aquesta etapa decisiva.<\/p>\n<h3 data-path-to-node=\"5\"><b data-path-to-node=\"5\" data-index-in-node=\"0\">Detalls de la convocat\u00f2ria<\/b><\/h3>\n<ul data-path-to-node=\"6\">\n<li>\n<p data-path-to-node=\"6,0,0\"><b data-path-to-node=\"6,0,0\" data-index-in-node=\"0\">Data:<\/b> Dissabte, 28 de mar\u00e7 de 2026.<\/p>\n<\/li>\n<li>\n<p data-path-to-node=\"6,1,0\"><b data-path-to-node=\"6,1,0\" data-index-in-node=\"0\">Horari:<\/b> D\u201911:00 h a 13:00 h.<\/p>\n<\/li>\n<li>\n<p data-path-to-node=\"6,2,0\"><b data-path-to-node=\"6,2,0\" data-index-in-node=\"0\">Lloc:<\/b> Instal\u00b7lacions de l\u2019Institut Sant Elm.<\/p>\n<\/li>\n<\/ul>\n<table data-path-to-node=\"9\">\n<thead>\n<tr>\n<td><strong>Activitat<\/strong><\/td>\n<td><strong>Descripci\u00f3<\/strong><\/td>\n<\/tr>\n<\/thead>\n<tbody>\n<tr>\n<td><span data-path-to-node=\"9,1,0,0\"><b data-path-to-node=\"9,1,0,0\" data-index-in-node=\"0\">Xerrada informativa<\/b><\/span><\/td>\n<td><span data-path-to-node=\"9,1,1,0\">Presentaci\u00f3 de les modalitats de Batxillerat, optatives i el Treball de Recerca.<\/span><\/td>\n<\/tr>\n<tr>\n<td><span data-path-to-node=\"9,2,0,0\"><b data-path-to-node=\"9,2,0,0\" data-index-in-node=\"0\">Visita guiada<\/b><\/span><\/td>\n<td><span data-path-to-node=\"9,2,1,0\">Recorregut per les aules, laboratoris i espais comuns.<\/span><\/td>\n<\/tr>\n<tr>\n<td><span data-path-to-node=\"9,3,0,0\"><b data-path-to-node=\"9,3,0,0\" data-index-in-node=\"0\">Trobada amb docents<\/b><\/span><\/td>\n<td><span data-path-to-node=\"9,3,1,0\">Espai per a consultes personalitzades amb els caps de departament.<\/span><\/td>\n<\/tr>\n<tr>\n<td><span data-path-to-node=\"9,4,0,0\"><b data-path-to-node=\"9,4,0,0\" data-index-in-node=\"0\">Orientaci\u00f3 acad\u00e8mica<\/b><\/span><\/td>\n<td><span data-path-to-node=\"9,4,1,0\">Informaci\u00f3 sobre el proc\u00e9s de preinscripci\u00f3 i acc\u00e9s a la universitat o cicles.<\/span><\/td>\n<\/tr>\n<\/tbody>\n<\/table>\n<p>Us hi esperem per compartir el nostre entusiasme per l&#8217;aprenentatge i ajudar-vos a triar el millor cam\u00ed per al vostre futur acad\u00e8mic!<\/p>\n","protected":false},"excerpt":{"rendered":"<p>&nbsp; &nbsp; Jornada de Portes Obertes de Batxillerat (2026-2027): Construeix el teu futur a l&#8217;Institut Sant Elm Est\u00e0s a punt de fer el pas cap al Batxillerat? Vols con\u00e8ixer com treballem i quines oportunitats t\u2019oferim? L\u2019Institut Sant Elm obre les seves portes per mostrar-vos el nostre projecte educatiu per al curs 2026-2027. Us convidem a [&hellip;]<\/p>\n","protected":false},"author":43,"featured_media":4891,"comment_status":"closed","ping_status":"open","sticky":true,"template":"","format":"standard","meta":{"_bbp_topic_count":0,"_bbp_reply_count":0,"_bbp_total_topic_count":0,"_bbp_total_reply_count":0,"_bbp_voice_count":0,"_bbp_anonymous_reply_count":0,"_bbp_topic_count_hidden":0,"_bbp_reply_count_hidden":0,"_bbp_forum_subforum_count":0,"site-sidebar-layout":"default","site-content-layout":"","ast-site-content-layout":"default","site-content-style":"default","site-sidebar-style":"default","ast-global-header-display":"","ast-banner-title-visibility":"","ast-main-header-display":"","ast-hfb-above-header-display":"","ast-hfb-below-header-display":"","ast-hfb-mobile-header-display":"","site-post-title":"","ast-breadcrumbs-content":"","ast-featured-img":"","footer-sml-layout":"","theme-transparent-header-meta":"default","adv-header-id-meta":"","stick-header-meta":"","header-above-stick-meta":"","header-main-stick-meta":"","header-below-stick-meta":"","astra-migrate-meta-layouts":"set","ast-page-background-enabled":"default","ast-page-background-meta":{"desktop":{"background-color":"var(--ast-global-color-4)","background-image":"","background-repeat":"repeat","background-position":"center center","background-size":"auto","background-attachment":"scroll","background-type":"","background-media":"","overlay-type":"","overlay-color":"","overlay-opacity":"","overlay-gradient":""},"tablet":{"background-color":"","background-image":"","background-repeat":"repeat","background-position":"center center","background-size":"auto","background-attachment":"scroll","background-type":"","background-media":"","overlay-type":"","overlay-color":"","overlay-opacity":"","overlay-gradient":""},"mobile":{"background-color":"","background-image":"","background-repeat":"repeat","background-position":"center center","background-size":"auto","background-attachment":"scroll","background-type":"","background-media":"","overlay-type":"","overlay-color":"","overlay-opacity":"","overlay-gradient":""}},"ast-content-background-meta":{"desktop":{"background-color":"var(--ast-global-color-5)","background-image":"","background-repeat":"repeat","background-position":"center center","background-size":"auto","background-attachment":"scroll","background-type":"","background-media":"","overlay-type":"","overlay-color":"","overlay-opacity":"","overlay-gradient":""},"tablet":{"background-color":"var(--ast-global-color-5)","background-image":"","background-repeat":"repeat","background-position":"center center","background-size":"auto","background-attachment":"scroll","background-type":"","background-media":"","overlay-type":"","overlay-color":"","overlay-opacity":"","overlay-gradient":""},"mobile":{"background-color":"var(--ast-global-color-5)","background-image":"","background-repeat":"repeat","background-position":"center center","background-size":"auto","background-attachment":"scroll","background-type":"","background-media":"","overlay-type":"","overlay-color":"","overlay-opacity":"","overlay-gradient":""}},"footnotes":""},"categories":[1,29],"tags":[],"class_list":["post-4884","post","type-post","status-publish","format-standard","has-post-thumbnail","hentry","category-general","category-portada"],"post_mailing_queue_ids":[],"_links":{"self":[{"href":"https:\/\/agora.xtec.cat\/ies-santelm\/wp-json\/wp\/v2\/posts\/4884","targetHints":{"allow":["GET"]}}],"collection":[{"href":"https:\/\/agora.xtec.cat\/ies-santelm\/wp-json\/wp\/v2\/posts"}],"about":[{"href":"https:\/\/agora.xtec.cat\/ies-santelm\/wp-json\/wp\/v2\/types\/post"}],"author":[{"embeddable":true,"href":"https:\/\/agora.xtec.cat\/ies-santelm\/wp-json\/wp\/v2\/users\/43"}],"replies":[{"embeddable":true,"href":"https:\/\/agora.xtec.cat\/ies-santelm\/wp-json\/wp\/v2\/comments?post=4884"}],"version-history":[{"count":4,"href":"https:\/\/agora.xtec.cat\/ies-santelm\/wp-json\/wp\/v2\/posts\/4884\/revisions"}],"predecessor-version":[{"id":4893,"href":"https:\/\/agora.xtec.cat\/ies-santelm\/wp-json\/wp\/v2\/posts\/4884\/revisions\/4893"}],"wp:featuredmedia":[{"embeddable":true,"href":"https:\/\/agora.xtec.cat\/ies-santelm\/wp-json\/wp\/v2\/media\/4891"}],"wp:attachment":[{"href":"https:\/\/agora.xtec.cat\/ies-santelm\/wp-json\/wp\/v2\/media?parent=4884"}],"wp:term":[{"taxonomy":"category","embeddable":true,"href":"https:\/\/agora.xtec.cat\/ies-santelm\/wp-json\/wp\/v2\/categories?post=4884"},{"taxonomy":"post_tag","embeddable":true,"href":"https:\/\/agora.xtec.cat\/ies-santelm\/wp-json\/wp\/v2\/tags?post=4884"}],"curies":[{"name":"wp","href":"https:\/\/api.w.org\/{rel}","templated":true}]}}