{"id":4850,"date":"2026-02-18T19:01:31","date_gmt":"2026-02-18T18:01:31","guid":{"rendered":"https:\/\/agora.xtec.cat\/ies-santelm\/?p=4850"},"modified":"2026-03-13T08:20:47","modified_gmt":"2026-03-13T07:20:47","slug":"jornada-de-portes-obertes-curs-26-27","status":"publish","type":"post","link":"https:\/\/agora.xtec.cat\/ies-santelm\/general\/jornada-de-portes-obertes-curs-26-27\/","title":{"rendered":"Portes Obertes i Xerrada Informativa de l&#8217;ESO: Curs 2026-2027"},"content":{"rendered":"<p><img loading=\"lazy\" decoding=\"async\" class=\"wp-image-4885 size-large aligncenter\" src=\"https:\/\/agora.xtec.cat\/ies-santelm\/wp-content\/uploads\/usu1365\/2026\/02\/portes-obertes-3-1024x576.png\" alt=\"\" width=\"1024\" height=\"576\" srcset=\"https:\/\/agora.xtec.cat\/ies-santelm\/wp-content\/uploads\/usu1365\/2026\/02\/portes-obertes-3-1024x576.png 1024w, https:\/\/agora.xtec.cat\/ies-santelm\/wp-content\/uploads\/usu1365\/2026\/02\/portes-obertes-3-300x169.png 300w, https:\/\/agora.xtec.cat\/ies-santelm\/wp-content\/uploads\/usu1365\/2026\/02\/portes-obertes-3-768x432.png 768w, https:\/\/agora.xtec.cat\/ies-santelm\/wp-content\/uploads\/usu1365\/2026\/02\/portes-obertes-3-1536x864.png 1536w, https:\/\/agora.xtec.cat\/ies-santelm\/wp-content\/uploads\/usu1365\/2026\/02\/portes-obertes-3.png 1920w\" sizes=\"auto, (max-width: 1024px) 100vw, 1024px\" \/><\/p>\n<p>&nbsp;<\/p>\n<h2 data-path-to-node=\"2\">Portes Obertes i Xerrada Informativa (Curs 2026-2027)<\/h2>\n<p data-path-to-node=\"3\">L&#8217;<b data-path-to-node=\"3\" data-index-in-node=\"2\">Institut Sant Elm<\/b> obre les seves portes per donar a con\u00e8ixer el nostre projecte educatiu i les nostres instal\u00b7lacions a les fam\u00edlies i futurs alumnes que s&#8217;incorporaran el proper curs <b data-path-to-node=\"3\" data-index-in-node=\"186\">2026-2027<\/b>.<\/p>\n<p data-path-to-node=\"4\">Volem acompanyar-vos en aquest proc\u00e9s d&#8217;elecci\u00f3 de centre i resoldre tots els dubtes que pugueu tenir sobre el pas a l&#8217;educaci\u00f3 secund\u00e0ria. Per aquest motiu, us convidem a participar en els seg\u00fcents actes:<\/p>\n<h3 data-path-to-node=\"5\">Xerrada informativa per a 1r d&#8217;ESO<\/h3>\n<p data-path-to-node=\"6\">Dedicada especialment a les fam\u00edlies dels alumnes que comencen la secund\u00e0ria. Explicarem el funcionament acad\u00e8mic, la metodologia de treball i els serveis del centre.<\/p>\n<ul data-path-to-node=\"7\">\n<li>\n<p data-path-to-node=\"7,0,0\"><b data-path-to-node=\"7,0,0\" data-index-in-node=\"0\">Data:<\/b> Dijous, 26 de febrer de 2026<\/p>\n<\/li>\n<li>\n<p data-path-to-node=\"7,1,0\"><b data-path-to-node=\"7,1,0\" data-index-in-node=\"0\">Hora:<\/b> 20:00 h<\/p>\n<\/li>\n<\/ul>\n<h3 data-path-to-node=\"8\">Jornada de Portes Obertes<\/h3>\n<p data-path-to-node=\"9\">Una oportunitat per visitar les aules, laboratoris i espais comuns, i parlar directament amb l&#8217;equip docent i l&#8217;alumnat.<\/p>\n<ul data-path-to-node=\"10\">\n<li>\n<p data-path-to-node=\"10,0,0\"><b data-path-to-node=\"10,0,0\" data-index-in-node=\"0\">Data:<\/b> Dissabte, 28 de febrer de 2026<\/p>\n<\/li>\n<li>\n<p data-path-to-node=\"10,1,0\"><b data-path-to-node=\"10,1,0\" data-index-in-node=\"0\">Horari:<\/b> D&#8217;11:00 h a 13:00 h<\/p>\n<\/li>\n<\/ul>\n<blockquote data-path-to-node=\"12\">\n<p data-path-to-node=\"12,0\"><b data-path-to-node=\"12,0\" data-index-in-node=\"0\">Nota per a les fam\u00edlies:<\/b> No cal inscripci\u00f3 pr\u00e8via. Us hi esperem!<\/p>\n<\/blockquote>\n<p data-path-to-node=\"13\"><b data-path-to-node=\"13\" data-index-in-node=\"0\">Institut Sant Elm<\/b> <i data-path-to-node=\"13\" data-index-in-node=\"18\">Som educaci\u00f3, som futur.<\/i><\/p>\n","protected":false},"excerpt":{"rendered":"<p>&nbsp; Portes Obertes i Xerrada Informativa (Curs 2026-2027) L&#8217;Institut Sant Elm obre les seves portes per donar a con\u00e8ixer el nostre projecte educatiu i les nostres instal\u00b7lacions a les fam\u00edlies i futurs alumnes que s&#8217;incorporaran el proper curs 2026-2027. Volem acompanyar-vos en aquest proc\u00e9s d&#8217;elecci\u00f3 de centre i resoldre tots els dubtes que pugueu tenir [&hellip;]<\/p>\n","protected":false},"author":43,"featured_media":4885,"comment_status":"closed","ping_status":"open","sticky":false,"template":"","format":"standard","meta":{"_bbp_topic_count":0,"_bbp_reply_count":0,"_bbp_total_topic_count":0,"_bbp_total_reply_count":0,"_bbp_voice_count":0,"_bbp_anonymous_reply_count":0,"_bbp_topic_count_hidden":0,"_bbp_reply_count_hidden":0,"_bbp_forum_subforum_count":0,"site-sidebar-layout":"default","site-content-layout":"","ast-site-content-layout":"default","site-content-style":"default","site-sidebar-style":"default","ast-global-header-display":"","ast-banner-title-visibility":"","ast-main-header-display":"","ast-hfb-above-header-display":"","ast-hfb-below-header-display":"","ast-hfb-mobile-header-display":"","site-post-title":"","ast-breadcrumbs-content":"","ast-featured-img":"","footer-sml-layout":"","theme-transparent-header-meta":"default","adv-header-id-meta":"","stick-header-meta":"","header-above-stick-meta":"","header-main-stick-meta":"","header-below-stick-meta":"","astra-migrate-meta-layouts":"set","ast-page-background-enabled":"default","ast-page-background-meta":{"desktop":{"background-color":"var(--ast-global-color-4)","background-image":"","background-repeat":"repeat","background-position":"center center","background-size":"auto","background-attachment":"scroll","background-type":"","background-media":"","overlay-type":"","overlay-color":"","overlay-opacity":"","overlay-gradient":""},"tablet":{"background-color":"","background-image":"","background-repeat":"repeat","background-position":"center center","background-size":"auto","background-attachment":"scroll","background-type":"","background-media":"","overlay-type":"","overlay-color":"","overlay-opacity":"","overlay-gradient":""},"mobile":{"background-color":"","background-image":"","background-repeat":"repeat","background-position":"center center","background-size":"auto","background-attachment":"scroll","background-type":"","background-media":"","overlay-type":"","overlay-color":"","overlay-opacity":"","overlay-gradient":""}},"ast-content-background-meta":{"desktop":{"background-color":"var(--ast-global-color-5)","background-image":"","background-repeat":"repeat","background-position":"center center","background-size":"auto","background-attachment":"scroll","background-type":"","background-media":"","overlay-type":"","overlay-color":"","overlay-opacity":"","overlay-gradient":""},"tablet":{"background-color":"var(--ast-global-color-5)","background-image":"","background-repeat":"repeat","background-position":"center center","background-size":"auto","background-attachment":"scroll","background-type":"","background-media":"","overlay-type":"","overlay-color":"","overlay-opacity":"","overlay-gradient":""},"mobile":{"background-color":"var(--ast-global-color-5)","background-image":"","background-repeat":"repeat","background-position":"center center","background-size":"auto","background-attachment":"scroll","background-type":"","background-media":"","overlay-type":"","overlay-color":"","overlay-opacity":"","overlay-gradient":""}},"footnotes":""},"categories":[1,29],"tags":[],"class_list":["post-4850","post","type-post","status-publish","format-standard","has-post-thumbnail","hentry","category-general","category-portada"],"post_mailing_queue_ids":[],"_links":{"self":[{"href":"https:\/\/agora.xtec.cat\/ies-santelm\/wp-json\/wp\/v2\/posts\/4850","targetHints":{"allow":["GET"]}}],"collection":[{"href":"https:\/\/agora.xtec.cat\/ies-santelm\/wp-json\/wp\/v2\/posts"}],"about":[{"href":"https:\/\/agora.xtec.cat\/ies-santelm\/wp-json\/wp\/v2\/types\/post"}],"author":[{"embeddable":true,"href":"https:\/\/agora.xtec.cat\/ies-santelm\/wp-json\/wp\/v2\/users\/43"}],"replies":[{"embeddable":true,"href":"https:\/\/agora.xtec.cat\/ies-santelm\/wp-json\/wp\/v2\/comments?post=4850"}],"version-history":[{"count":6,"href":"https:\/\/agora.xtec.cat\/ies-santelm\/wp-json\/wp\/v2\/posts\/4850\/revisions"}],"predecessor-version":[{"id":4890,"href":"https:\/\/agora.xtec.cat\/ies-santelm\/wp-json\/wp\/v2\/posts\/4850\/revisions\/4890"}],"wp:featuredmedia":[{"embeddable":true,"href":"https:\/\/agora.xtec.cat\/ies-santelm\/wp-json\/wp\/v2\/media\/4885"}],"wp:attachment":[{"href":"https:\/\/agora.xtec.cat\/ies-santelm\/wp-json\/wp\/v2\/media?parent=4850"}],"wp:term":[{"taxonomy":"category","embeddable":true,"href":"https:\/\/agora.xtec.cat\/ies-santelm\/wp-json\/wp\/v2\/categories?post=4850"},{"taxonomy":"post_tag","embeddable":true,"href":"https:\/\/agora.xtec.cat\/ies-santelm\/wp-json\/wp\/v2\/tags?post=4850"}],"curies":[{"name":"wp","href":"https:\/\/api.w.org\/{rel}","templated":true}]}}