{"id":4747,"date":"2025-12-02T09:26:11","date_gmt":"2025-12-02T08:26:11","guid":{"rendered":"https:\/\/agora.xtec.cat\/ies-santelm\/?p=4747"},"modified":"2025-12-02T09:37:53","modified_gmt":"2025-12-02T08:37:53","slug":"masterclass-de-creadors-de-contingut-amb-linfluencer-albert-delgado","status":"publish","type":"post","link":"https:\/\/agora.xtec.cat\/ies-santelm\/general\/masterclass-de-creadors-de-contingut-amb-linfluencer-albert-delgado\/","title":{"rendered":"Masterclass de creadors de contingut amb l&#8217;influencer Albert Delgado"},"content":{"rendered":"<p style=\"text-align: center;\">\u00a0<img loading=\"lazy\" decoding=\"async\" class=\"alignnone size-medium wp-image-4744\" src=\"https:\/\/agora.xtec.cat\/ies-santelm\/wp-content\/uploads\/usu1365\/2025\/12\/IMG-20251202-WA0002-300x228.jpg\" alt=\"\" width=\"300\" height=\"228\" srcset=\"https:\/\/agora.xtec.cat\/ies-santelm\/wp-content\/uploads\/usu1365\/2025\/12\/IMG-20251202-WA0002-300x228.jpg 300w, https:\/\/agora.xtec.cat\/ies-santelm\/wp-content\/uploads\/usu1365\/2025\/12\/IMG-20251202-WA0002-1024x778.jpg 1024w, https:\/\/agora.xtec.cat\/ies-santelm\/wp-content\/uploads\/usu1365\/2025\/12\/IMG-20251202-WA0002-768x583.jpg 768w, https:\/\/agora.xtec.cat\/ies-santelm\/wp-content\/uploads\/usu1365\/2025\/12\/IMG-20251202-WA0002-1536x1166.jpg 1536w, https:\/\/agora.xtec.cat\/ies-santelm\/wp-content\/uploads\/usu1365\/2025\/12\/IMG-20251202-WA0002.jpg 1600w\" sizes=\"auto, (max-width: 300px) 100vw, 300px\" \/><\/p>\n<p>&nbsp;<\/p>\n<div dir=\"auto\">Divendres passat, els alumnes de l\u2019optativa de <strong>Cultura Audiovisual<\/strong> de l\u2019Institut Sant Elm, van viure una sessi\u00f3 molt especial: una masterclass de creaci\u00f3 de contingut a c\u00e0rrec d\u2019Albert Delgado, conegut a les xarxes com Alberto Gadel, antic alumne del centre i actual presentador del programa LOFT.<\/div>\n<div dir=\"auto\"><\/div>\n<div dir=\"auto\">L\u2019Albert, que va cursar Batxillerat Art\u00edstic al Sant Elm, va compartir amb els estudiants el seu recorregut professional: des dels seus primers passos al m\u00f3n de la interpretaci\u00f3 i el seu pas per escoles com la Nancy Tu\u00f1\u00f3n, fins a les seves aparicions en concursos del Super3 i en realities de TV3 com EL TROS. Finalment, va trobar la seva vocaci\u00f3 en l\u2019\u00e0mbit audiovisual i radiof\u00f2nic, deixant els estudis universitaris per dedicar-s\u2019hi plenament.<\/div>\n<div dir=\"auto\"><\/div>\n<div dir=\"auto\">Actualment, \u00e9s una de les veus referents del programa LOFT, on combina naturalitat, humor i proximitat amb una gran audi\u00e8ncia juvenil. Durant la masterclass, va oferir una mirada transparent i plena d\u2019experi\u00e8ncies reals sobre qu\u00e8 significa ser creador de contingut avui: el proc\u00e9s creatiu, la gesti\u00f3 de xarxes, la pressi\u00f3 de la visibilitat p\u00fablica i la import\u00e0ncia de mantenir una identitat aut\u00e8ntica.<\/div>\n<div dir=\"auto\"><\/div>\n<div dir=\"auto\">Un dels moments m\u00e9s valuosos de la sessi\u00f3 va ser la seva reflexi\u00f3 sobre la representaci\u00f3 del col\u00b7lectiu LGTBI als mitjans i sobre com ell mateix gestiona la seva visibilitat com a figura p\u00fablica. Una aportaci\u00f3 que va generar un debat enriquidor i necessari entre l\u2019alumnat.<\/div>\n<div dir=\"auto\"><\/div>\n<div dir=\"auto\">La trobada va ser enregistrada i compartida al <strong>p\u00f2dcast del Sant Elm<\/strong>, perqu\u00e8 tota la comunitat educativa pugui gaudir-ne i aprofitar els aprenentatges que l\u2019Albert ens va deixar:<\/div>\n<div dir=\"auto\"><\/div>\n<div dir=\"auto\"><a href=\"https:\/\/open.spotify.com\/episode\/0k6DpTGUubtlVz6QljUvoG?si=M_1eZQZzQGmiQ_ESxKSFwg&amp;context=spotify%3Ashow%3A0l0DjFlljGOUuDtruqqA6p\"><img loading=\"lazy\" decoding=\"async\" class=\"aligncenter wp-image-4754 size-medium\" src=\"https:\/\/agora.xtec.cat\/ies-santelm\/wp-content\/uploads\/usu1365\/2025\/12\/tempFileForShare_20251202-093059-238x300.jpg\" alt=\"\" width=\"238\" height=\"300\" srcset=\"https:\/\/agora.xtec.cat\/ies-santelm\/wp-content\/uploads\/usu1365\/2025\/12\/tempFileForShare_20251202-093059-238x300.jpg 238w, https:\/\/agora.xtec.cat\/ies-santelm\/wp-content\/uploads\/usu1365\/2025\/12\/tempFileForShare_20251202-093059.jpg 562w\" sizes=\"auto, (max-width: 238px) 100vw, 238px\" \/><\/a><\/div>\n<div dir=\"auto\"><\/div>\n<div dir=\"auto\"><\/div>\n<div dir=\"auto\">Des de l\u2019Institut Sant Elm li agra\u00efm profundament la visita, la proximitat i la generositat.<\/div>\n<div dir=\"auto\">Una masterclass inspiradora que, sens dubte, recordarem!<\/div>\n","protected":false},"excerpt":{"rendered":"<p>\u00a0 &nbsp; Divendres passat, els alumnes de l\u2019optativa de Cultura Audiovisual de l\u2019Institut Sant Elm, van viure una sessi\u00f3 molt especial: una masterclass de creaci\u00f3 de contingut a c\u00e0rrec d\u2019Albert Delgado, conegut a les xarxes com Alberto Gadel, antic alumne del centre i actual presentador del programa LOFT. L\u2019Albert, que va cursar Batxillerat Art\u00edstic al [&hellip;]<\/p>\n","protected":false},"author":43,"featured_media":4745,"comment_status":"closed","ping_status":"open","sticky":false,"template":"","format":"standard","meta":{"_bbp_topic_count":0,"_bbp_reply_count":0,"_bbp_total_topic_count":0,"_bbp_total_reply_count":0,"_bbp_voice_count":0,"_bbp_anonymous_reply_count":0,"_bbp_topic_count_hidden":0,"_bbp_reply_count_hidden":0,"_bbp_forum_subforum_count":0,"site-sidebar-layout":"default","site-content-layout":"","ast-site-content-layout":"default","site-content-style":"default","site-sidebar-style":"default","ast-global-header-display":"","ast-banner-title-visibility":"","ast-main-header-display":"","ast-hfb-above-header-display":"","ast-hfb-below-header-display":"","ast-hfb-mobile-header-display":"","site-post-title":"","ast-breadcrumbs-content":"","ast-featured-img":"","footer-sml-layout":"","theme-transparent-header-meta":"default","adv-header-id-meta":"","stick-header-meta":"","header-above-stick-meta":"","header-main-stick-meta":"","header-below-stick-meta":"","astra-migrate-meta-layouts":"set","ast-page-background-enabled":"default","ast-page-background-meta":{"desktop":{"background-color":"var(--ast-global-color-4)","background-image":"","background-repeat":"repeat","background-position":"center center","background-size":"auto","background-attachment":"scroll","background-type":"","background-media":"","overlay-type":"","overlay-color":"","overlay-opacity":"","overlay-gradient":""},"tablet":{"background-color":"","background-image":"","background-repeat":"repeat","background-position":"center center","background-size":"auto","background-attachment":"scroll","background-type":"","background-media":"","overlay-type":"","overlay-color":"","overlay-opacity":"","overlay-gradient":""},"mobile":{"background-color":"","background-image":"","background-repeat":"repeat","background-position":"center center","background-size":"auto","background-attachment":"scroll","background-type":"","background-media":"","overlay-type":"","overlay-color":"","overlay-opacity":"","overlay-gradient":""}},"ast-content-background-meta":{"desktop":{"background-color":"var(--ast-global-color-5)","background-image":"","background-repeat":"repeat","background-position":"center center","background-size":"auto","background-attachment":"scroll","background-type":"","background-media":"","overlay-type":"","overlay-color":"","overlay-opacity":"","overlay-gradient":""},"tablet":{"background-color":"var(--ast-global-color-5)","background-image":"","background-repeat":"repeat","background-position":"center center","background-size":"auto","background-attachment":"scroll","background-type":"","background-media":"","overlay-type":"","overlay-color":"","overlay-opacity":"","overlay-gradient":""},"mobile":{"background-color":"var(--ast-global-color-5)","background-image":"","background-repeat":"repeat","background-position":"center center","background-size":"auto","background-attachment":"scroll","background-type":"","background-media":"","overlay-type":"","overlay-color":"","overlay-opacity":"","overlay-gradient":""}},"footnotes":""},"categories":[1,29],"tags":[],"class_list":["post-4747","post","type-post","status-publish","format-standard","has-post-thumbnail","hentry","category-general","category-portada"],"post_mailing_queue_ids":[],"_links":{"self":[{"href":"https:\/\/agora.xtec.cat\/ies-santelm\/wp-json\/wp\/v2\/posts\/4747","targetHints":{"allow":["GET"]}}],"collection":[{"href":"https:\/\/agora.xtec.cat\/ies-santelm\/wp-json\/wp\/v2\/posts"}],"about":[{"href":"https:\/\/agora.xtec.cat\/ies-santelm\/wp-json\/wp\/v2\/types\/post"}],"author":[{"embeddable":true,"href":"https:\/\/agora.xtec.cat\/ies-santelm\/wp-json\/wp\/v2\/users\/43"}],"replies":[{"embeddable":true,"href":"https:\/\/agora.xtec.cat\/ies-santelm\/wp-json\/wp\/v2\/comments?post=4747"}],"version-history":[{"count":6,"href":"https:\/\/agora.xtec.cat\/ies-santelm\/wp-json\/wp\/v2\/posts\/4747\/revisions"}],"predecessor-version":[{"id":4760,"href":"https:\/\/agora.xtec.cat\/ies-santelm\/wp-json\/wp\/v2\/posts\/4747\/revisions\/4760"}],"wp:featuredmedia":[{"embeddable":true,"href":"https:\/\/agora.xtec.cat\/ies-santelm\/wp-json\/wp\/v2\/media\/4745"}],"wp:attachment":[{"href":"https:\/\/agora.xtec.cat\/ies-santelm\/wp-json\/wp\/v2\/media?parent=4747"}],"wp:term":[{"taxonomy":"category","embeddable":true,"href":"https:\/\/agora.xtec.cat\/ies-santelm\/wp-json\/wp\/v2\/categories?post=4747"},{"taxonomy":"post_tag","embeddable":true,"href":"https:\/\/agora.xtec.cat\/ies-santelm\/wp-json\/wp\/v2\/tags?post=4747"}],"curies":[{"name":"wp","href":"https:\/\/api.w.org\/{rel}","templated":true}]}}