{"id":4669,"date":"2025-11-08T16:33:23","date_gmt":"2025-11-08T15:33:23","guid":{"rendered":"https:\/\/agora.xtec.cat\/ies-santelm\/?p=4669"},"modified":"2025-11-08T16:33:23","modified_gmt":"2025-11-08T15:33:23","slug":"la-nova-veu-del-centre-neix-radio-institut-sant-elm","status":"publish","type":"post","link":"https:\/\/agora.xtec.cat\/ies-santelm\/general\/la-nova-veu-del-centre-neix-radio-institut-sant-elm\/","title":{"rendered":"La Nova Veu del Centre: Neix R\u00e0dio Institut Sant Elm"},"content":{"rendered":"<h2><b>L&#8217;institut estrena el seu P\u00f2dcast, un nou espai de difusi\u00f3 del coneixement i la vida del centre.<\/b><\/h2>\n<p>&nbsp;<\/p>\n<p><span style=\"font-weight: 400;\">L&#8217;Institut Sant Elm celebra un dia hist\u00f2ric per a la seva comunitat. Ahir, divendres 7 de novembre<\/span><span style=\"font-weight: 400;\">, es va estrenar oficialment el primer episodi de <\/span><b>R\u00e0dio Institut Sant Elm<\/b><span style=\"font-weight: 400;\">, la nova emissora de\u00a0 r\u00e0dio\u00a0 del centre. Aquest projecte innovador es materialitza en format de P\u00f2dcast i representa la nova veu de l&#8217;institut, amb l&#8217;objectiu d&#8217;arribar m\u00e9s enll\u00e0 de les aules.<\/span><\/p>\n<p><span style=\"font-weight: 400;\">El nou espai radiof\u00f2nic ha estat creat a l&#8217;estudi de m\u00fasica de l&#8217;institut, per\u00f2 la seva ambici\u00f3 \u00e9s transversal i multidisciplin\u00e0ria. A <\/span><b>R\u00e0dio Sant Elm<\/b><span style=\"font-weight: 400;\"> hi tindr\u00e0 cabuda una \u00e0mplia diversitat de continguts, reflectint la riquesa acad\u00e8mica del centre: <\/span><b>\u00c0mbit Cient\u00edfic i Tecnol\u00f2gic:<\/b><span style=\"font-weight: 400;\"> Ci\u00e8ncia, tecnologia i curiositats, <\/span><b>\u00c0mbit Human\u00edstic i Art\u00edstic:<\/b><span style=\"font-weight: 400;\"> M\u00fasica, art, lleng\u00fces i cinema, <\/span><b>\u00c0mbit Social i Esportiu:<\/b><span style=\"font-weight: 400;\"> Actualitat, jocs i esport.<\/span><\/p>\n<p><span style=\"font-weight: 400;\">La columna vertebral d&#8217;aquest projecte rau en la <\/span><b>col\u00b7laboraci\u00f3 activa<\/b><span style=\"font-weight: 400;\"> de tota la comunitat educativa. A la r\u00e0dio hi participaran: <\/span><b>Alumnes i professors<\/b><span style=\"font-weight: 400;\"> de diferents mat\u00e8ries, que utilitzaran el p\u00f2dcast com a eina educativa i de difusi\u00f3 dels seus projectes, per\u00f2 tamb\u00e9 p<\/span><b>ersones externes<\/b><span style=\"font-weight: 400;\"> al centre, especialistes reconeguts en els seus respectius camps, que aportaran coneixement i una visi\u00f3 externa enriquidora.<\/span><\/p>\n<p><span style=\"font-weight: 400;\">R\u00e0dio Institut Sant Elm neix amb la ferma voluntat de ser una eina de comunicaci\u00f3, d&#8217;aprenentatge i de cohesi\u00f3. Convidem a tota la comunitat a escoltar el primer episodi i a seguir les novetats d&#8217;aquest apassionant projecte.<\/span><\/p>\n<p>&nbsp;<\/p>\n<p><b>Enlla\u00e7 al Primer Episodi:<\/b> <a href=\"https:\/\/open.spotify.com\/show\/0l0DjFlljGOUuDtruqqA6p\"><span style=\"font-weight: 400;\">https:\/\/open.spotify.com\/show\/0l0DjFlljGOUuDtruqqA6p<\/span><\/a><\/p>\n<p>&nbsp;<\/p>\n<p>&nbsp;<\/p>\n<p style=\"text-align: center;\"><iframe loading=\"lazy\" style=\"border-radius: 12px;\" src=\"https:\/\/open.spotify.com\/embed\/episode\/3DxyEn1d5PZdwawNFR0MEU?utm_source=generator\" width=\"100%\" height=\"352\" frameborder=\"0\" allowfullscreen=\"allowfullscreen\" data-testid=\"embed-iframe\"><\/iframe><\/p>\n","protected":false},"excerpt":{"rendered":"<p>L&#8217;institut estrena el seu P\u00f2dcast, un nou espai de difusi\u00f3 del coneixement i la vida del centre. &nbsp; L&#8217;Institut Sant Elm celebra un dia hist\u00f2ric per a la seva comunitat. Ahir, divendres 7 de novembre, es va estrenar oficialment el primer episodi de R\u00e0dio Institut Sant Elm, la nova emissora de\u00a0 r\u00e0dio\u00a0 del centre. Aquest [&hellip;]<\/p>\n","protected":false},"author":43,"featured_media":4672,"comment_status":"closed","ping_status":"open","sticky":false,"template":"","format":"standard","meta":{"_bbp_topic_count":0,"_bbp_reply_count":0,"_bbp_total_topic_count":0,"_bbp_total_reply_count":0,"_bbp_voice_count":0,"_bbp_anonymous_reply_count":0,"_bbp_topic_count_hidden":0,"_bbp_reply_count_hidden":0,"_bbp_forum_subforum_count":0,"site-sidebar-layout":"default","site-content-layout":"","ast-site-content-layout":"default","site-content-style":"default","site-sidebar-style":"default","ast-global-header-display":"","ast-banner-title-visibility":"","ast-main-header-display":"","ast-hfb-above-header-display":"","ast-hfb-below-header-display":"","ast-hfb-mobile-header-display":"","site-post-title":"","ast-breadcrumbs-content":"","ast-featured-img":"","footer-sml-layout":"","theme-transparent-header-meta":"default","adv-header-id-meta":"","stick-header-meta":"","header-above-stick-meta":"","header-main-stick-meta":"","header-below-stick-meta":"","astra-migrate-meta-layouts":"set","ast-page-background-enabled":"default","ast-page-background-meta":{"desktop":{"background-color":"var(--ast-global-color-4)","background-image":"","background-repeat":"repeat","background-position":"center center","background-size":"auto","background-attachment":"scroll","background-type":"","background-media":"","overlay-type":"","overlay-color":"","overlay-opacity":"","overlay-gradient":""},"tablet":{"background-color":"","background-image":"","background-repeat":"repeat","background-position":"center center","background-size":"auto","background-attachment":"scroll","background-type":"","background-media":"","overlay-type":"","overlay-color":"","overlay-opacity":"","overlay-gradient":""},"mobile":{"background-color":"","background-image":"","background-repeat":"repeat","background-position":"center center","background-size":"auto","background-attachment":"scroll","background-type":"","background-media":"","overlay-type":"","overlay-color":"","overlay-opacity":"","overlay-gradient":""}},"ast-content-background-meta":{"desktop":{"background-color":"var(--ast-global-color-5)","background-image":"","background-repeat":"repeat","background-position":"center center","background-size":"auto","background-attachment":"scroll","background-type":"","background-media":"","overlay-type":"","overlay-color":"","overlay-opacity":"","overlay-gradient":""},"tablet":{"background-color":"var(--ast-global-color-5)","background-image":"","background-repeat":"repeat","background-position":"center center","background-size":"auto","background-attachment":"scroll","background-type":"","background-media":"","overlay-type":"","overlay-color":"","overlay-opacity":"","overlay-gradient":""},"mobile":{"background-color":"var(--ast-global-color-5)","background-image":"","background-repeat":"repeat","background-position":"center center","background-size":"auto","background-attachment":"scroll","background-type":"","background-media":"","overlay-type":"","overlay-color":"","overlay-opacity":"","overlay-gradient":""}},"footnotes":""},"categories":[1,29],"tags":[],"class_list":["post-4669","post","type-post","status-publish","format-standard","has-post-thumbnail","hentry","category-general","category-portada"],"post_mailing_queue_ids":[],"_links":{"self":[{"href":"https:\/\/agora.xtec.cat\/ies-santelm\/wp-json\/wp\/v2\/posts\/4669","targetHints":{"allow":["GET"]}}],"collection":[{"href":"https:\/\/agora.xtec.cat\/ies-santelm\/wp-json\/wp\/v2\/posts"}],"about":[{"href":"https:\/\/agora.xtec.cat\/ies-santelm\/wp-json\/wp\/v2\/types\/post"}],"author":[{"embeddable":true,"href":"https:\/\/agora.xtec.cat\/ies-santelm\/wp-json\/wp\/v2\/users\/43"}],"replies":[{"embeddable":true,"href":"https:\/\/agora.xtec.cat\/ies-santelm\/wp-json\/wp\/v2\/comments?post=4669"}],"version-history":[{"count":5,"href":"https:\/\/agora.xtec.cat\/ies-santelm\/wp-json\/wp\/v2\/posts\/4669\/revisions"}],"predecessor-version":[{"id":4675,"href":"https:\/\/agora.xtec.cat\/ies-santelm\/wp-json\/wp\/v2\/posts\/4669\/revisions\/4675"}],"wp:featuredmedia":[{"embeddable":true,"href":"https:\/\/agora.xtec.cat\/ies-santelm\/wp-json\/wp\/v2\/media\/4672"}],"wp:attachment":[{"href":"https:\/\/agora.xtec.cat\/ies-santelm\/wp-json\/wp\/v2\/media?parent=4669"}],"wp:term":[{"taxonomy":"category","embeddable":true,"href":"https:\/\/agora.xtec.cat\/ies-santelm\/wp-json\/wp\/v2\/categories?post=4669"},{"taxonomy":"post_tag","embeddable":true,"href":"https:\/\/agora.xtec.cat\/ies-santelm\/wp-json\/wp\/v2\/tags?post=4669"}],"curies":[{"name":"wp","href":"https:\/\/api.w.org\/{rel}","templated":true}]}}