{"id":4657,"date":"2025-11-08T16:18:00","date_gmt":"2025-11-08T15:18:00","guid":{"rendered":"https:\/\/agora.xtec.cat\/ies-santelm\/?p=4657"},"modified":"2025-11-08T16:19:13","modified_gmt":"2025-11-08T15:19:13","slug":"exit-en-lexposicio-oral-dels-treballs-de-recerca-de-batxillerat","status":"publish","type":"post","link":"https:\/\/agora.xtec.cat\/ies-santelm\/general\/exit-en-lexposicio-oral-dels-treballs-de-recerca-de-batxillerat\/","title":{"rendered":"\u00c8xit en l&#8217;Exposici\u00f3 Oral dels Treballs de Recerca de Batxillerat"},"content":{"rendered":"<h2>L&#8217;alumnat de 2n de Batxillerat presenta i defensa amb rigor les seves investigacions davant del tribunal.<\/h2>\n<p>&nbsp;<\/p>\n<p>El passat dimarts 4 de novembre a la tarda, l&#8217;Institut Sant Elm va acollir l&#8217;acte d&#8217;Exposici\u00f3 Oral dels Treballs de Recerca (TR) a c\u00e0rrec de l&#8217;alumnat de 2n de Batxillerat. Aquesta jornada marca la culminaci\u00f3 d&#8217;un esfor\u00e7 continuat de recerca, an\u00e0lisi i elaboraci\u00f3 realitzat pels estudiants durant el darrer any i mig del seu curr\u00edculum.<\/p>\n<p>&nbsp;<\/p>\n<p>L&#8217;exposici\u00f3 oral, component essencial del Treball de Recerca, va posar a prova la capacitat dels alumnes per <b>sintetitzar, argumentar i defensar<\/b> els continguts i les conclusions de les seves investigacions.<\/p>\n<p>Els temes presentats van destacar per la seva gran diversitat i profunditat, abastant \u00e0mbits que van des de les ci\u00e8ncies experimentals i la tecnologia fins a les humanitats, l&#8217;art i les ci\u00e8ncies socials. Aquesta varietat reflecteix l&#8217;inter\u00e8s i la maduresa de l&#8217;alumnat a l&#8217;hora d&#8217;abordar q\u00fcestions rellevants de la nostra societat.<\/p>\n<p>&nbsp;<\/p>\n<p>Les exposicions es van dur a terme davant de tribunals avaluadors formats per professorat de l&#8217;institut, els quals van valorar tant el domini tem\u00e0tic com la capacitat comunicativa i la gesti\u00f3 dels materials de suport audiovisual utilitzats.<\/p>\n<p>Aquesta darrera fase del Treball de Recerca consolida compet\u00e8ncies acad\u00e8miques clau per a la formaci\u00f3 superior, tals com la <b>investigaci\u00f3 aut\u00f2noma<\/b> i el pensament cr\u00edtic, l&#8217;<b>organitzaci\u00f3 i la s\u00edntesi<\/b> d&#8217;informaci\u00f3 complexa i\u00a0la <b>comunicaci\u00f3 efica\u00e7<\/b> en p\u00fablic i la defensa d&#8217;idees.<\/p>\n<p>La direcci\u00f3 del centre vol felicitar l&#8217;alumnat per l&#8217;alt nivell de rigor i implicaci\u00f3 demostrat en aquesta tasca, aix\u00ed com recon\u00e8ixer la tasca de tutoria exercida pel professorat que els ha acompanyat durant tot el proc\u00e9s.<\/p>\n<p>&nbsp;<\/p>\n<div id='gallery-1' class='gallery galleryid-4657 gallery-columns-3 gallery-size-medium'><figure class='gallery-item'>\n\t\t\t<div class='gallery-icon portrait'>\n\t\t\t\t<a href='https:\/\/agora.xtec.cat\/ies-santelm\/general\/exit-en-lexposicio-oral-dels-treballs-de-recerca-de-batxillerat\/attachment\/foto-de-anna-32\/'><img loading=\"lazy\" decoding=\"async\" width=\"173\" height=\"300\" src=\"https:\/\/agora.xtec.cat\/ies-santelm\/wp-content\/uploads\/usu1365\/2025\/11\/Foto-de-Anna-32-173x300.jpg\" class=\"attachment-medium size-medium\" alt=\"\" srcset=\"https:\/\/agora.xtec.cat\/ies-santelm\/wp-content\/uploads\/usu1365\/2025\/11\/Foto-de-Anna-32-173x300.jpg 173w, https:\/\/agora.xtec.cat\/ies-santelm\/wp-content\/uploads\/usu1365\/2025\/11\/Foto-de-Anna-32-591x1024.jpg 591w, https:\/\/agora.xtec.cat\/ies-santelm\/wp-content\/uploads\/usu1365\/2025\/11\/Foto-de-Anna-32-768x1330.jpg 768w, https:\/\/agora.xtec.cat\/ies-santelm\/wp-content\/uploads\/usu1365\/2025\/11\/Foto-de-Anna-32-887x1536.jpg 887w, https:\/\/agora.xtec.cat\/ies-santelm\/wp-content\/uploads\/usu1365\/2025\/11\/Foto-de-Anna-32.jpg 1170w\" sizes=\"auto, (max-width: 173px) 100vw, 173px\" \/><\/a>\n\t\t\t<\/div><\/figure><figure class='gallery-item'>\n\t\t\t<div class='gallery-icon landscape'>\n\t\t\t\t<a href='https:\/\/agora.xtec.cat\/ies-santelm\/general\/exit-en-lexposicio-oral-dels-treballs-de-recerca-de-batxillerat\/attachment\/foto-de-anna-31\/'><img loading=\"lazy\" decoding=\"async\" width=\"300\" height=\"225\" src=\"https:\/\/agora.xtec.cat\/ies-santelm\/wp-content\/uploads\/usu1365\/2025\/11\/Foto-de-Anna-31-300x225.jpg\" class=\"attachment-medium size-medium\" alt=\"\" srcset=\"https:\/\/agora.xtec.cat\/ies-santelm\/wp-content\/uploads\/usu1365\/2025\/11\/Foto-de-Anna-31-300x225.jpg 300w, https:\/\/agora.xtec.cat\/ies-santelm\/wp-content\/uploads\/usu1365\/2025\/11\/Foto-de-Anna-31-1024x768.jpg 1024w, https:\/\/agora.xtec.cat\/ies-santelm\/wp-content\/uploads\/usu1365\/2025\/11\/Foto-de-Anna-31-768x576.jpg 768w, https:\/\/agora.xtec.cat\/ies-santelm\/wp-content\/uploads\/usu1365\/2025\/11\/Foto-de-Anna-31-1536x1152.jpg 1536w, https:\/\/agora.xtec.cat\/ies-santelm\/wp-content\/uploads\/usu1365\/2025\/11\/Foto-de-Anna-31.jpg 2040w\" sizes=\"auto, (max-width: 300px) 100vw, 300px\" \/><\/a>\n\t\t\t<\/div><\/figure><figure class='gallery-item'>\n\t\t\t<div class='gallery-icon landscape'>\n\t\t\t\t<a href='https:\/\/agora.xtec.cat\/ies-santelm\/general\/exit-en-lexposicio-oral-dels-treballs-de-recerca-de-batxillerat\/attachment\/foto-de-anna-30\/'><img loading=\"lazy\" decoding=\"async\" width=\"300\" height=\"225\" src=\"https:\/\/agora.xtec.cat\/ies-santelm\/wp-content\/uploads\/usu1365\/2025\/11\/Foto-de-Anna-30-300x225.jpg\" class=\"attachment-medium size-medium\" alt=\"\" srcset=\"https:\/\/agora.xtec.cat\/ies-santelm\/wp-content\/uploads\/usu1365\/2025\/11\/Foto-de-Anna-30-300x225.jpg 300w, https:\/\/agora.xtec.cat\/ies-santelm\/wp-content\/uploads\/usu1365\/2025\/11\/Foto-de-Anna-30-1024x768.jpg 1024w, https:\/\/agora.xtec.cat\/ies-santelm\/wp-content\/uploads\/usu1365\/2025\/11\/Foto-de-Anna-30-768x576.jpg 768w, https:\/\/agora.xtec.cat\/ies-santelm\/wp-content\/uploads\/usu1365\/2025\/11\/Foto-de-Anna-30-1536x1152.jpg 1536w, https:\/\/agora.xtec.cat\/ies-santelm\/wp-content\/uploads\/usu1365\/2025\/11\/Foto-de-Anna-30.jpg 2040w\" sizes=\"auto, (max-width: 300px) 100vw, 300px\" \/><\/a>\n\t\t\t<\/div><\/figure><figure class='gallery-item'>\n\t\t\t<div class='gallery-icon landscape'>\n\t\t\t\t<a href='https:\/\/agora.xtec.cat\/ies-santelm\/general\/exit-en-lexposicio-oral-dels-treballs-de-recerca-de-batxillerat\/attachment\/foto-de-anna-29\/'><img loading=\"lazy\" decoding=\"async\" width=\"300\" height=\"225\" src=\"https:\/\/agora.xtec.cat\/ies-santelm\/wp-content\/uploads\/usu1365\/2025\/11\/Foto-de-Anna-29-300x225.jpg\" class=\"attachment-medium size-medium\" alt=\"\" srcset=\"https:\/\/agora.xtec.cat\/ies-santelm\/wp-content\/uploads\/usu1365\/2025\/11\/Foto-de-Anna-29-300x225.jpg 300w, https:\/\/agora.xtec.cat\/ies-santelm\/wp-content\/uploads\/usu1365\/2025\/11\/Foto-de-Anna-29-1024x768.jpg 1024w, https:\/\/agora.xtec.cat\/ies-santelm\/wp-content\/uploads\/usu1365\/2025\/11\/Foto-de-Anna-29-768x576.jpg 768w, https:\/\/agora.xtec.cat\/ies-santelm\/wp-content\/uploads\/usu1365\/2025\/11\/Foto-de-Anna-29-1536x1152.jpg 1536w, https:\/\/agora.xtec.cat\/ies-santelm\/wp-content\/uploads\/usu1365\/2025\/11\/Foto-de-Anna-29.jpg 2048w\" sizes=\"auto, (max-width: 300px) 100vw, 300px\" \/><\/a>\n\t\t\t<\/div><\/figure><figure class='gallery-item'>\n\t\t\t<div class='gallery-icon landscape'>\n\t\t\t\t<a href='https:\/\/agora.xtec.cat\/ies-santelm\/general\/exit-en-lexposicio-oral-dels-treballs-de-recerca-de-batxillerat\/attachment\/foto-de-anna-36\/'><img loading=\"lazy\" decoding=\"async\" width=\"300\" height=\"225\" src=\"https:\/\/agora.xtec.cat\/ies-santelm\/wp-content\/uploads\/usu1365\/2025\/11\/Foto-de-Anna-36-300x225.jpg\" class=\"attachment-medium size-medium\" alt=\"\" srcset=\"https:\/\/agora.xtec.cat\/ies-santelm\/wp-content\/uploads\/usu1365\/2025\/11\/Foto-de-Anna-36-300x225.jpg 300w, https:\/\/agora.xtec.cat\/ies-santelm\/wp-content\/uploads\/usu1365\/2025\/11\/Foto-de-Anna-36-1024x768.jpg 1024w, https:\/\/agora.xtec.cat\/ies-santelm\/wp-content\/uploads\/usu1365\/2025\/11\/Foto-de-Anna-36-768x576.jpg 768w, https:\/\/agora.xtec.cat\/ies-santelm\/wp-content\/uploads\/usu1365\/2025\/11\/Foto-de-Anna-36-1536x1152.jpg 1536w, https:\/\/agora.xtec.cat\/ies-santelm\/wp-content\/uploads\/usu1365\/2025\/11\/Foto-de-Anna-36.jpg 2040w\" sizes=\"auto, (max-width: 300px) 100vw, 300px\" \/><\/a>\n\t\t\t<\/div><\/figure><figure class='gallery-item'>\n\t\t\t<div class='gallery-icon portrait'>\n\t\t\t\t<a href='https:\/\/agora.xtec.cat\/ies-santelm\/general\/exit-en-lexposicio-oral-dels-treballs-de-recerca-de-batxillerat\/attachment\/foto-de-anna-35\/'><img loading=\"lazy\" decoding=\"async\" width=\"225\" height=\"300\" src=\"https:\/\/agora.xtec.cat\/ies-santelm\/wp-content\/uploads\/usu1365\/2025\/11\/Foto-de-Anna-35-225x300.jpg\" class=\"attachment-medium size-medium\" alt=\"\" srcset=\"https:\/\/agora.xtec.cat\/ies-santelm\/wp-content\/uploads\/usu1365\/2025\/11\/Foto-de-Anna-35-225x300.jpg 225w, https:\/\/agora.xtec.cat\/ies-santelm\/wp-content\/uploads\/usu1365\/2025\/11\/Foto-de-Anna-35-768x1024.jpg 768w, https:\/\/agora.xtec.cat\/ies-santelm\/wp-content\/uploads\/usu1365\/2025\/11\/Foto-de-Anna-35-1152x1536.jpg 1152w, https:\/\/agora.xtec.cat\/ies-santelm\/wp-content\/uploads\/usu1365\/2025\/11\/Foto-de-Anna-35.jpg 1530w\" sizes=\"auto, (max-width: 225px) 100vw, 225px\" \/><\/a>\n\t\t\t<\/div><\/figure><figure class='gallery-item'>\n\t\t\t<div class='gallery-icon portrait'>\n\t\t\t\t<a href='https:\/\/agora.xtec.cat\/ies-santelm\/general\/exit-en-lexposicio-oral-dels-treballs-de-recerca-de-batxillerat\/attachment\/foto-de-anna-34\/'><img loading=\"lazy\" decoding=\"async\" width=\"172\" height=\"300\" src=\"https:\/\/agora.xtec.cat\/ies-santelm\/wp-content\/uploads\/usu1365\/2025\/11\/Foto-de-Anna-34-172x300.jpg\" class=\"attachment-medium size-medium\" alt=\"\" srcset=\"https:\/\/agora.xtec.cat\/ies-santelm\/wp-content\/uploads\/usu1365\/2025\/11\/Foto-de-Anna-34-172x300.jpg 172w, https:\/\/agora.xtec.cat\/ies-santelm\/wp-content\/uploads\/usu1365\/2025\/11\/Foto-de-Anna-34-588x1024.jpg 588w, https:\/\/agora.xtec.cat\/ies-santelm\/wp-content\/uploads\/usu1365\/2025\/11\/Foto-de-Anna-34-768x1337.jpg 768w, https:\/\/agora.xtec.cat\/ies-santelm\/wp-content\/uploads\/usu1365\/2025\/11\/Foto-de-Anna-34-882x1536.jpg 882w, https:\/\/agora.xtec.cat\/ies-santelm\/wp-content\/uploads\/usu1365\/2025\/11\/Foto-de-Anna-34.jpg 1170w\" sizes=\"auto, (max-width: 172px) 100vw, 172px\" \/><\/a>\n\t\t\t<\/div><\/figure><figure class='gallery-item'>\n\t\t\t<div class='gallery-icon portrait'>\n\t\t\t\t<a href='https:\/\/agora.xtec.cat\/ies-santelm\/general\/exit-en-lexposicio-oral-dels-treballs-de-recerca-de-batxillerat\/attachment\/foto-de-anna-33\/'><img loading=\"lazy\" decoding=\"async\" width=\"173\" height=\"300\" src=\"https:\/\/agora.xtec.cat\/ies-santelm\/wp-content\/uploads\/usu1365\/2025\/11\/Foto-de-Anna-33-173x300.jpg\" class=\"attachment-medium size-medium\" alt=\"\" srcset=\"https:\/\/agora.xtec.cat\/ies-santelm\/wp-content\/uploads\/usu1365\/2025\/11\/Foto-de-Anna-33-173x300.jpg 173w, https:\/\/agora.xtec.cat\/ies-santelm\/wp-content\/uploads\/usu1365\/2025\/11\/Foto-de-Anna-33-591x1024.jpg 591w, https:\/\/agora.xtec.cat\/ies-santelm\/wp-content\/uploads\/usu1365\/2025\/11\/Foto-de-Anna-33-768x1330.jpg 768w, https:\/\/agora.xtec.cat\/ies-santelm\/wp-content\/uploads\/usu1365\/2025\/11\/Foto-de-Anna-33-887x1536.jpg 887w, https:\/\/agora.xtec.cat\/ies-santelm\/wp-content\/uploads\/usu1365\/2025\/11\/Foto-de-Anna-33.jpg 1170w\" sizes=\"auto, (max-width: 173px) 100vw, 173px\" \/><\/a>\n\t\t\t<\/div><\/figure>\n\t\t<\/div>\n\n","protected":false},"excerpt":{"rendered":"<p>L&#8217;alumnat de 2n de Batxillerat presenta i defensa amb rigor les seves investigacions davant del tribunal. &nbsp; El passat dimarts 4 de novembre a la tarda, l&#8217;Institut Sant Elm va acollir l&#8217;acte d&#8217;Exposici\u00f3 Oral dels Treballs de Recerca (TR) a c\u00e0rrec de l&#8217;alumnat de 2n de Batxillerat. Aquesta jornada marca la culminaci\u00f3 d&#8217;un esfor\u00e7 continuat [&hellip;]<\/p>\n","protected":false},"author":43,"featured_media":4665,"comment_status":"closed","ping_status":"open","sticky":false,"template":"","format":"standard","meta":{"_bbp_topic_count":0,"_bbp_reply_count":0,"_bbp_total_topic_count":0,"_bbp_total_reply_count":0,"_bbp_voice_count":0,"_bbp_anonymous_reply_count":0,"_bbp_topic_count_hidden":0,"_bbp_reply_count_hidden":0,"_bbp_forum_subforum_count":0,"site-sidebar-layout":"default","site-content-layout":"","ast-site-content-layout":"default","site-content-style":"default","site-sidebar-style":"default","ast-global-header-display":"","ast-banner-title-visibility":"","ast-main-header-display":"","ast-hfb-above-header-display":"","ast-hfb-below-header-display":"","ast-hfb-mobile-header-display":"","site-post-title":"","ast-breadcrumbs-content":"","ast-featured-img":"","footer-sml-layout":"","theme-transparent-header-meta":"default","adv-header-id-meta":"","stick-header-meta":"","header-above-stick-meta":"","header-main-stick-meta":"","header-below-stick-meta":"","astra-migrate-meta-layouts":"set","ast-page-background-enabled":"default","ast-page-background-meta":{"desktop":{"background-color":"var(--ast-global-color-4)","background-image":"","background-repeat":"repeat","background-position":"center center","background-size":"auto","background-attachment":"scroll","background-type":"","background-media":"","overlay-type":"","overlay-color":"","overlay-opacity":"","overlay-gradient":""},"tablet":{"background-color":"","background-image":"","background-repeat":"repeat","background-position":"center center","background-size":"auto","background-attachment":"scroll","background-type":"","background-media":"","overlay-type":"","overlay-color":"","overlay-opacity":"","overlay-gradient":""},"mobile":{"background-color":"","background-image":"","background-repeat":"repeat","background-position":"center center","background-size":"auto","background-attachment":"scroll","background-type":"","background-media":"","overlay-type":"","overlay-color":"","overlay-opacity":"","overlay-gradient":""}},"ast-content-background-meta":{"desktop":{"background-color":"var(--ast-global-color-5)","background-image":"","background-repeat":"repeat","background-position":"center center","background-size":"auto","background-attachment":"scroll","background-type":"","background-media":"","overlay-type":"","overlay-color":"","overlay-opacity":"","overlay-gradient":""},"tablet":{"background-color":"var(--ast-global-color-5)","background-image":"","background-repeat":"repeat","background-position":"center center","background-size":"auto","background-attachment":"scroll","background-type":"","background-media":"","overlay-type":"","overlay-color":"","overlay-opacity":"","overlay-gradient":""},"mobile":{"background-color":"var(--ast-global-color-5)","background-image":"","background-repeat":"repeat","background-position":"center center","background-size":"auto","background-attachment":"scroll","background-type":"","background-media":"","overlay-type":"","overlay-color":"","overlay-opacity":"","overlay-gradient":""}},"footnotes":""},"categories":[1,29],"tags":[],"class_list":["post-4657","post","type-post","status-publish","format-standard","has-post-thumbnail","hentry","category-general","category-portada"],"post_mailing_queue_ids":[],"_links":{"self":[{"href":"https:\/\/agora.xtec.cat\/ies-santelm\/wp-json\/wp\/v2\/posts\/4657","targetHints":{"allow":["GET"]}}],"collection":[{"href":"https:\/\/agora.xtec.cat\/ies-santelm\/wp-json\/wp\/v2\/posts"}],"about":[{"href":"https:\/\/agora.xtec.cat\/ies-santelm\/wp-json\/wp\/v2\/types\/post"}],"author":[{"embeddable":true,"href":"https:\/\/agora.xtec.cat\/ies-santelm\/wp-json\/wp\/v2\/users\/43"}],"replies":[{"embeddable":true,"href":"https:\/\/agora.xtec.cat\/ies-santelm\/wp-json\/wp\/v2\/comments?post=4657"}],"version-history":[{"count":3,"href":"https:\/\/agora.xtec.cat\/ies-santelm\/wp-json\/wp\/v2\/posts\/4657\/revisions"}],"predecessor-version":[{"id":4668,"href":"https:\/\/agora.xtec.cat\/ies-santelm\/wp-json\/wp\/v2\/posts\/4657\/revisions\/4668"}],"wp:featuredmedia":[{"embeddable":true,"href":"https:\/\/agora.xtec.cat\/ies-santelm\/wp-json\/wp\/v2\/media\/4665"}],"wp:attachment":[{"href":"https:\/\/agora.xtec.cat\/ies-santelm\/wp-json\/wp\/v2\/media?parent=4657"}],"wp:term":[{"taxonomy":"category","embeddable":true,"href":"https:\/\/agora.xtec.cat\/ies-santelm\/wp-json\/wp\/v2\/categories?post=4657"},{"taxonomy":"post_tag","embeddable":true,"href":"https:\/\/agora.xtec.cat\/ies-santelm\/wp-json\/wp\/v2\/tags?post=4657"}],"curies":[{"name":"wp","href":"https:\/\/api.w.org\/{rel}","templated":true}]}}