{"id":4523,"date":"2025-07-07T17:12:32","date_gmt":"2025-07-07T15:12:32","guid":{"rendered":"https:\/\/agora.xtec.cat\/ies-santelm\/?p=4523"},"modified":"2025-07-07T17:38:52","modified_gmt":"2025-07-07T15:38:52","slug":"cantata-corarts-2025-al-teatre-atlantida-de-vic","status":"publish","type":"post","link":"https:\/\/agora.xtec.cat\/ies-santelm\/general\/cantata-corarts-2025-al-teatre-atlantida-de-vic\/","title":{"rendered":"Cantata CorArts 2025 al Teatre Atl\u00e0ntida de Vic"},"content":{"rendered":"<div>El passat 26 de maig tots els alumnes de 1r d&#8217;ESO van participar a la <a href=\"https:\/\/drive.google.com\/file\/d\/1XUdImr5B8HjC3jakqQLV9aeUnNFQB-2a\/view?ts=6866ca15\">Cantata CorArts 2025<\/a> que aquest curs s&#8217;ha realitzat al Teatre l&#8217;Atl\u00e0ntida de Vic.\u00a0 Van interpretar la Cantata La Veu de la Terra, una obra musical amb can\u00e7ons i textos a favor d&#8217;estimar i tenir cura del planeta.\u00a0 \u00a0Van compartir escenari amb diferents instituts del Giron\u00e8s i la Catalunya Central.<\/div>\n<div>Participant en aquesta cantata els nostres alumnes han treballat l&#8217;expressi\u00f3 art\u00edstica i musical, la creativitat i valors importants com poden ser el comprom\u00eds,<\/div>\n<div>la cohesi\u00f3, el treball en grup i l&#8217;empatia.\u00a0 Va ser una jornada molt bonica, compartint l&#8217;art i la m\u00fasica amb nois i noies d&#8217;altres instituts de Catalunya.<\/div>\n<div><\/div>\n<div><\/div>\n<div><\/div>\n<div><a href=\"https:\/\/drive.google.com\/file\/d\/1XUdImr5B8HjC3jakqQLV9aeUnNFQB-2a\/view?ts=6866ca15\"><img loading=\"lazy\" decoding=\"async\" class=\"aligncenter wp-image-4529 size-medium\" src=\"https:\/\/agora.xtec.cat\/ies-santelm\/wp-content\/uploads\/usu1365\/2025\/07\/Screenshot_20250707_173149_Drive-300x168.jpg\" alt=\"\" width=\"300\" height=\"168\" srcset=\"https:\/\/agora.xtec.cat\/ies-santelm\/wp-content\/uploads\/usu1365\/2025\/07\/Screenshot_20250707_173149_Drive-300x168.jpg 300w, https:\/\/agora.xtec.cat\/ies-santelm\/wp-content\/uploads\/usu1365\/2025\/07\/Screenshot_20250707_173149_Drive-1024x574.jpg 1024w, https:\/\/agora.xtec.cat\/ies-santelm\/wp-content\/uploads\/usu1365\/2025\/07\/Screenshot_20250707_173149_Drive-768x430.jpg 768w, https:\/\/agora.xtec.cat\/ies-santelm\/wp-content\/uploads\/usu1365\/2025\/07\/Screenshot_20250707_173149_Drive-1536x860.jpg 1536w, https:\/\/agora.xtec.cat\/ies-santelm\/wp-content\/uploads\/usu1365\/2025\/07\/Screenshot_20250707_173149_Drive-2048x1147.jpg 2048w\" sizes=\"auto, (max-width: 300px) 100vw, 300px\" \/><\/a><\/div>\n<div><\/div>\n<div><\/div>\n<div style=\"text-align: center;\"><a href=\"https:\/\/drive.google.com\/file\/d\/1XUdImr5B8HjC3jakqQLV9aeUnNFQB-2a\/view?ts=6866ca15\">Cantata CorArts 2025\u00a0<\/a><\/div>\n<div><\/div>\n<div><\/div>\n<div><\/div>\n<div><\/div>\n","protected":false},"excerpt":{"rendered":"<p>El passat 26 de maig tots els alumnes de 1r d&#8217;ESO van participar a la Cantata CorArts 2025 que aquest curs s&#8217;ha realitzat al Teatre l&#8217;Atl\u00e0ntida de Vic.\u00a0 Van interpretar la Cantata La Veu de la Terra, una obra musical amb can\u00e7ons i textos a favor d&#8217;estimar i tenir cura del planeta.\u00a0 \u00a0Van compartir escenari [&hellip;]<\/p>\n","protected":false},"author":43,"featured_media":4530,"comment_status":"closed","ping_status":"open","sticky":false,"template":"","format":"standard","meta":{"_bbp_topic_count":0,"_bbp_reply_count":0,"_bbp_total_topic_count":0,"_bbp_total_reply_count":0,"_bbp_voice_count":0,"_bbp_anonymous_reply_count":0,"_bbp_topic_count_hidden":0,"_bbp_reply_count_hidden":0,"_bbp_forum_subforum_count":0,"site-sidebar-layout":"default","site-content-layout":"","ast-site-content-layout":"","site-content-style":"default","site-sidebar-style":"default","ast-global-header-display":"","ast-banner-title-visibility":"","ast-main-header-display":"","ast-hfb-above-header-display":"","ast-hfb-below-header-display":"","ast-hfb-mobile-header-display":"","site-post-title":"","ast-breadcrumbs-content":"","ast-featured-img":"","footer-sml-layout":"","theme-transparent-header-meta":"","adv-header-id-meta":"","stick-header-meta":"","header-above-stick-meta":"","header-main-stick-meta":"","header-below-stick-meta":"","astra-migrate-meta-layouts":"default","ast-page-background-enabled":"default","ast-page-background-meta":{"desktop":{"background-color":"var(--ast-global-color-4)","background-image":"","background-repeat":"repeat","background-position":"center center","background-size":"auto","background-attachment":"scroll","background-type":"","background-media":"","overlay-type":"","overlay-color":"","overlay-opacity":"","overlay-gradient":""},"tablet":{"background-color":"","background-image":"","background-repeat":"repeat","background-position":"center center","background-size":"auto","background-attachment":"scroll","background-type":"","background-media":"","overlay-type":"","overlay-color":"","overlay-opacity":"","overlay-gradient":""},"mobile":{"background-color":"","background-image":"","background-repeat":"repeat","background-position":"center center","background-size":"auto","background-attachment":"scroll","background-type":"","background-media":"","overlay-type":"","overlay-color":"","overlay-opacity":"","overlay-gradient":""}},"ast-content-background-meta":{"desktop":{"background-color":"var(--ast-global-color-5)","background-image":"","background-repeat":"repeat","background-position":"center center","background-size":"auto","background-attachment":"scroll","background-type":"","background-media":"","overlay-type":"","overlay-color":"","overlay-opacity":"","overlay-gradient":""},"tablet":{"background-color":"var(--ast-global-color-5)","background-image":"","background-repeat":"repeat","background-position":"center center","background-size":"auto","background-attachment":"scroll","background-type":"","background-media":"","overlay-type":"","overlay-color":"","overlay-opacity":"","overlay-gradient":""},"mobile":{"background-color":"var(--ast-global-color-5)","background-image":"","background-repeat":"repeat","background-position":"center center","background-size":"auto","background-attachment":"scroll","background-type":"","background-media":"","overlay-type":"","overlay-color":"","overlay-opacity":"","overlay-gradient":""}},"footnotes":""},"categories":[1,29],"tags":[],"class_list":["post-4523","post","type-post","status-publish","format-standard","has-post-thumbnail","hentry","category-general","category-portada"],"post_mailing_queue_ids":[],"_links":{"self":[{"href":"https:\/\/agora.xtec.cat\/ies-santelm\/wp-json\/wp\/v2\/posts\/4523","targetHints":{"allow":["GET"]}}],"collection":[{"href":"https:\/\/agora.xtec.cat\/ies-santelm\/wp-json\/wp\/v2\/posts"}],"about":[{"href":"https:\/\/agora.xtec.cat\/ies-santelm\/wp-json\/wp\/v2\/types\/post"}],"author":[{"embeddable":true,"href":"https:\/\/agora.xtec.cat\/ies-santelm\/wp-json\/wp\/v2\/users\/43"}],"replies":[{"embeddable":true,"href":"https:\/\/agora.xtec.cat\/ies-santelm\/wp-json\/wp\/v2\/comments?post=4523"}],"version-history":[{"count":6,"href":"https:\/\/agora.xtec.cat\/ies-santelm\/wp-json\/wp\/v2\/posts\/4523\/revisions"}],"predecessor-version":[{"id":4533,"href":"https:\/\/agora.xtec.cat\/ies-santelm\/wp-json\/wp\/v2\/posts\/4523\/revisions\/4533"}],"wp:featuredmedia":[{"embeddable":true,"href":"https:\/\/agora.xtec.cat\/ies-santelm\/wp-json\/wp\/v2\/media\/4530"}],"wp:attachment":[{"href":"https:\/\/agora.xtec.cat\/ies-santelm\/wp-json\/wp\/v2\/media?parent=4523"}],"wp:term":[{"taxonomy":"category","embeddable":true,"href":"https:\/\/agora.xtec.cat\/ies-santelm\/wp-json\/wp\/v2\/categories?post=4523"},{"taxonomy":"post_tag","embeddable":true,"href":"https:\/\/agora.xtec.cat\/ies-santelm\/wp-json\/wp\/v2\/tags?post=4523"}],"curies":[{"name":"wp","href":"https:\/\/api.w.org\/{rel}","templated":true}]}}