{"id":4413,"date":"2025-05-07T20:05:34","date_gmt":"2025-05-07T18:05:34","guid":{"rendered":"https:\/\/agora.xtec.cat\/ies-santelm\/?p=4413"},"modified":"2025-05-07T20:22:41","modified_gmt":"2025-05-07T18:22:41","slug":"divendres-tarda-de-teatre","status":"publish","type":"post","link":"https:\/\/agora.xtec.cat\/ies-santelm\/general\/divendres-tarda-de-teatre\/","title":{"rendered":"Tres obres, tres mirades: Vine al teatre aquest divendres!"},"content":{"rendered":"<p><img loading=\"lazy\" decoding=\"async\" class=\"alignnone size-medium wp-image-4414 aligncenter\" src=\"https:\/\/agora.xtec.cat\/ies-santelm\/wp-content\/uploads\/usu1365\/2025\/05\/Cartell-teatre-9-de-maig-2025-1-300x212.jpg\" alt=\"\" width=\"300\" height=\"212\" srcset=\"https:\/\/agora.xtec.cat\/ies-santelm\/wp-content\/uploads\/usu1365\/2025\/05\/Cartell-teatre-9-de-maig-2025-1-300x212.jpg 300w, https:\/\/agora.xtec.cat\/ies-santelm\/wp-content\/uploads\/usu1365\/2025\/05\/Cartell-teatre-9-de-maig-2025-1-1024x724.jpg 1024w, https:\/\/agora.xtec.cat\/ies-santelm\/wp-content\/uploads\/usu1365\/2025\/05\/Cartell-teatre-9-de-maig-2025-1-768x543.jpg 768w, https:\/\/agora.xtec.cat\/ies-santelm\/wp-content\/uploads\/usu1365\/2025\/05\/Cartell-teatre-9-de-maig-2025-1-1536x1086.jpg 1536w, https:\/\/agora.xtec.cat\/ies-santelm\/wp-content\/uploads\/usu1365\/2025\/05\/Cartell-teatre-9-de-maig-2025-1-2048x1448.jpg 2048w\" sizes=\"auto, (max-width: 300px) 100vw, 300px\" \/><\/p>\n<p class=\"\" data-start=\"202\" data-end=\"496\">Aquest <strong data-start=\"209\" data-end=\"232\">divendres 9 de maig<\/strong>, el <strong data-start=\"237\" data-end=\"282\">Teatre Municipal de Sant Feliu de Gu\u00edxols<\/strong> es converteix en l\u2019escenari del talent del nostre alumnat de batxillerat. Us convidem a gaudir d\u2019una tarda plena de teatre amb tres propostes molt diferents, per\u00f2 igualment plenes de passi\u00f3, treball i creativitat.<\/p>\n<p class=\"\" data-start=\"498\" data-end=\"526\">\ud83d\udccd <strong data-start=\"501\" data-end=\"526\">Programa de la tarda:<\/strong><\/p>\n<ul data-start=\"528\" data-end=\"1209\">\n<li class=\"\" data-start=\"528\" data-end=\"757\">\n<p class=\"\" data-start=\"530\" data-end=\"757\"><strong data-start=\"530\" data-end=\"541\">17.00 h<\/strong> \u2013 <em data-start=\"544\" data-end=\"557\">Cop de rock<\/em><br data-start=\"557\" data-end=\"560\" \/>Una explosi\u00f3 d\u2019energia i m\u00fasica a c\u00e0rrec de l\u2019alumnat d\u2019<strong data-start=\"618\" data-end=\"658\">Arts esc\u00e8niques de 2n de batxillerat<\/strong>. Un homenatge als grans temes del rock catal\u00e0 que s\u2019ha estat preparant al llarg de dos trimestres.<\/p>\n<\/li>\n<li class=\"\" data-start=\"759\" data-end=\"1000\">\n<p class=\"\" data-start=\"761\" data-end=\"1000\"><strong data-start=\"761\" data-end=\"772\">18.30 h<\/strong> \u2013 <em data-start=\"775\" data-end=\"812\">El judici de la literatura catalana<\/em><br data-start=\"812\" data-end=\"815\" \/>L\u2019alumnat de <strong data-start=\"830\" data-end=\"885\">1r de batxillerat de Llengua i literatura catalanes<\/strong> porta als escenaris una obra de creaci\u00f3 pr\u00f2pia que ens fa pensar, somriure i valorar el nostre patrimoni literari.<\/p>\n<\/li>\n<li class=\"\" data-start=\"1002\" data-end=\"1209\">\n<p class=\"\" data-start=\"1004\" data-end=\"1209\"><strong data-start=\"1004\" data-end=\"1015\">19.30 h<\/strong> \u2013 <em data-start=\"1018\" data-end=\"1032\">Mostel\u00b7l\u00e0ria<\/em>, de Plaute<br data-start=\"1043\" data-end=\"1046\" \/>Una com\u00e8dia cl\u00e0ssica que encara avui ens fa riure, interpretada per l\u2019alumnat de <strong data-start=\"1129\" data-end=\"1159\">Llat\u00ed de 2n de batxillerat<\/strong>. Una manera divertida d\u2019apropar-nos al m\u00f3n antic.<\/p>\n<\/li>\n<\/ul>\n<p class=\"\" data-start=\"1211\" data-end=\"1371\">\ud83c\udfab L\u2019entrada \u00e9s lliure i oberta a tothom. Fam\u00edlies, amics, professorat, alumnat i ve\u00efns: no us perdeu aquesta mostra del treball esc\u00e8nic que es fa a l\u2019institut!<\/p>\n<p class=\"\" data-start=\"1373\" data-end=\"1408\"><strong data-start=\"1373\" data-end=\"1408\">Us hi esperem amb moltes ganes!<\/strong><\/p>\n<p>&nbsp;<\/p>\n","protected":false},"excerpt":{"rendered":"<p>Aquest divendres 9 de maig, el Teatre Municipal de Sant Feliu de Gu\u00edxols es converteix en l\u2019escenari del talent del nostre alumnat de batxillerat. Us convidem a gaudir d\u2019una tarda plena de teatre amb tres propostes molt diferents, per\u00f2 igualment plenes de passi\u00f3, treball i creativitat. \ud83d\udccd Programa de la tarda: 17.00 h \u2013 Cop [&hellip;]<\/p>\n","protected":false},"author":43,"featured_media":4414,"comment_status":"closed","ping_status":"closed","sticky":false,"template":"","format":"standard","meta":{"_bbp_topic_count":0,"_bbp_reply_count":0,"_bbp_total_topic_count":0,"_bbp_total_reply_count":0,"_bbp_voice_count":0,"_bbp_anonymous_reply_count":0,"_bbp_topic_count_hidden":0,"_bbp_reply_count_hidden":0,"_bbp_forum_subforum_count":0,"site-sidebar-layout":"default","site-content-layout":"","ast-site-content-layout":"","site-content-style":"default","site-sidebar-style":"default","ast-global-header-display":"","ast-banner-title-visibility":"","ast-main-header-display":"","ast-hfb-above-header-display":"","ast-hfb-below-header-display":"","ast-hfb-mobile-header-display":"","site-post-title":"","ast-breadcrumbs-content":"","ast-featured-img":"","footer-sml-layout":"","theme-transparent-header-meta":"","adv-header-id-meta":"","stick-header-meta":"","header-above-stick-meta":"","header-main-stick-meta":"","header-below-stick-meta":"","astra-migrate-meta-layouts":"default","ast-page-background-enabled":"default","ast-page-background-meta":{"desktop":{"background-color":"var(--ast-global-color-4)","background-image":"","background-repeat":"repeat","background-position":"center center","background-size":"auto","background-attachment":"scroll","background-type":"","background-media":"","overlay-type":"","overlay-color":"","overlay-opacity":"","overlay-gradient":""},"tablet":{"background-color":"","background-image":"","background-repeat":"repeat","background-position":"center center","background-size":"auto","background-attachment":"scroll","background-type":"","background-media":"","overlay-type":"","overlay-color":"","overlay-opacity":"","overlay-gradient":""},"mobile":{"background-color":"","background-image":"","background-repeat":"repeat","background-position":"center center","background-size":"auto","background-attachment":"scroll","background-type":"","background-media":"","overlay-type":"","overlay-color":"","overlay-opacity":"","overlay-gradient":""}},"ast-content-background-meta":{"desktop":{"background-color":"var(--ast-global-color-5)","background-image":"","background-repeat":"repeat","background-position":"center center","background-size":"auto","background-attachment":"scroll","background-type":"","background-media":"","overlay-type":"","overlay-color":"","overlay-opacity":"","overlay-gradient":""},"tablet":{"background-color":"var(--ast-global-color-5)","background-image":"","background-repeat":"repeat","background-position":"center center","background-size":"auto","background-attachment":"scroll","background-type":"","background-media":"","overlay-type":"","overlay-color":"","overlay-opacity":"","overlay-gradient":""},"mobile":{"background-color":"var(--ast-global-color-5)","background-image":"","background-repeat":"repeat","background-position":"center center","background-size":"auto","background-attachment":"scroll","background-type":"","background-media":"","overlay-type":"","overlay-color":"","overlay-opacity":"","overlay-gradient":""}},"footnotes":""},"categories":[1,29],"tags":[],"class_list":["post-4413","post","type-post","status-publish","format-standard","has-post-thumbnail","hentry","category-general","category-portada"],"post_mailing_queue_ids":[],"_links":{"self":[{"href":"https:\/\/agora.xtec.cat\/ies-santelm\/wp-json\/wp\/v2\/posts\/4413","targetHints":{"allow":["GET"]}}],"collection":[{"href":"https:\/\/agora.xtec.cat\/ies-santelm\/wp-json\/wp\/v2\/posts"}],"about":[{"href":"https:\/\/agora.xtec.cat\/ies-santelm\/wp-json\/wp\/v2\/types\/post"}],"author":[{"embeddable":true,"href":"https:\/\/agora.xtec.cat\/ies-santelm\/wp-json\/wp\/v2\/users\/43"}],"replies":[{"embeddable":true,"href":"https:\/\/agora.xtec.cat\/ies-santelm\/wp-json\/wp\/v2\/comments?post=4413"}],"version-history":[{"count":2,"href":"https:\/\/agora.xtec.cat\/ies-santelm\/wp-json\/wp\/v2\/posts\/4413\/revisions"}],"predecessor-version":[{"id":4416,"href":"https:\/\/agora.xtec.cat\/ies-santelm\/wp-json\/wp\/v2\/posts\/4413\/revisions\/4416"}],"wp:featuredmedia":[{"embeddable":true,"href":"https:\/\/agora.xtec.cat\/ies-santelm\/wp-json\/wp\/v2\/media\/4414"}],"wp:attachment":[{"href":"https:\/\/agora.xtec.cat\/ies-santelm\/wp-json\/wp\/v2\/media?parent=4413"}],"wp:term":[{"taxonomy":"category","embeddable":true,"href":"https:\/\/agora.xtec.cat\/ies-santelm\/wp-json\/wp\/v2\/categories?post=4413"},{"taxonomy":"post_tag","embeddable":true,"href":"https:\/\/agora.xtec.cat\/ies-santelm\/wp-json\/wp\/v2\/tags?post=4413"}],"curies":[{"name":"wp","href":"https:\/\/api.w.org\/{rel}","templated":true}]}}