{"id":4348,"date":"2025-03-11T13:23:12","date_gmt":"2025-03-11T12:23:12","guid":{"rendered":"https:\/\/agora.xtec.cat\/ies-santelm\/?p=4348"},"modified":"2025-03-11T13:26:43","modified_gmt":"2025-03-11T12:26:43","slug":"8m-al-sant-elm-2","status":"publish","type":"post","link":"https:\/\/agora.xtec.cat\/ies-santelm\/general\/8m-al-sant-elm-2\/","title":{"rendered":"8M al Sant Elm"},"content":{"rendered":"<article class=\"w-full text-token-text-primary focus-visible:outline-2 focus-visible:outline-offset-[-4px]\" dir=\"auto\" data-testid=\"conversation-turn-5\" data-scroll-anchor=\"true\">\n<div class=\"text-base my-auto mx-auto py-[18px] px-6\">\n<div class=\"mx-auto flex flex-1 text-base gap-4 md:gap-5 lg:gap-6 md:max-w-3xl\">\n<div class=\"group\/conversation-turn relative flex w-full min-w-0 flex-col agent-turn @xs\/thread:px-0 @sm\/thread:px-1.5 @md\/thread:px-4\">\n<div class=\"flex-col gap-1 md:gap-3\">\n<div class=\"flex max-w-full flex-col flex-grow\">\n<div class=\"min-h-8 text-message relative flex w-full flex-col items-end gap-2 whitespace-normal break-words text-start [.text-message+&amp;]:mt-5\" dir=\"auto\" data-message-author-role=\"assistant\" data-message-id=\"f0a5b3bd-2d75-4531-8fd8-fb0ab1a5dad6\" data-message-model-slug=\"gpt-4o-mini\">\n<div class=\"flex w-full flex-col gap-1 empty:hidden first:pt-[3px]\">\n<div class=\"markdown prose w-full break-words dark:prose-invert light\">\n<p data-start=\"0\" data-end=\"337\">El passat 7 de mar\u00e7 hem celebrat el Dia de la Dona a l&#8217;institut amb una s\u00e8rie d&#8217;activitats que han involucrat tot l&#8217;alumnat, el professorat i la comunitat educativa de Sant Feliu. Aquesta jornada ha estat una oportunitat per reflexionar sobre la igualtat de g\u00e8nere i per mostrar el nostre comprom\u00eds amb la lluita contra la discriminaci\u00f3.<\/p>\n<p data-start=\"339\" data-end=\"842\">Un dels actes centrals d&#8217;aquesta jornada ha estat el<strong> flashmob<\/strong>, en qu\u00e8 hem participat conjuntament amb altres instituts i escoles de Sant Feliu. Gr\u00e0cies a la col\u00b7laboraci\u00f3 de tothom, hem creat un v\u00eddeo conjunt en qu\u00e8 els participants voluntaris han assajat i ballat una coreografia senzilla, amb l&#8217;objectiu de posar en valor la visibilitat i la pres\u00e8ncia de les dones a la societat. El resultat ha estat una coreografia din\u00e0mica, carregada de missatge i for\u00e7a, que ha mostrat el nostre suport a la causa.<\/p>\n<\/div>\n<\/div>\n<\/div>\n<p style=\"text-align: center;\" data-start=\"339\" data-end=\"842\"><iframe loading=\"lazy\" src=\"\/\/www.youtube.com\/embed\/Mqe_FxkL7q0?si=Xn3vjH28QKspEV59\" width=\"560\" height=\"314\" allowfullscreen=\"allowfullscreen\"><\/iframe><\/p>\n<div class=\"min-h-8 text-message relative flex w-full flex-col items-end gap-2 whitespace-normal break-words text-start [.text-message+&amp;]:mt-5\" dir=\"auto\" data-message-author-role=\"assistant\" data-message-id=\"f0a5b3bd-2d75-4531-8fd8-fb0ab1a5dad6\" data-message-model-slug=\"gpt-4o-mini\">\n<div class=\"flex w-full flex-col gap-1 empty:hidden first:pt-[3px]\">\n<div class=\"markdown prose w-full break-words dark:prose-invert light\">\n<p data-start=\"844\" data-end=\"1383\">Una altra de les activitats destacades ha estat <strong>la pintura dels escalons<\/strong> que connecten l&#8217;edifici principal amb el nou edifici i la sala de professors. La Comissi\u00f3 de Coeducaci\u00f3 ha pres la iniciativa de pintar una s\u00e8rie de frases sobre la pressi\u00f3 est\u00e8tica i els estereotips de g\u00e8nere. Aquestes frases han estat triades a partir de les aportacions de les tutories, creant aix\u00ed un espai visual de reflexi\u00f3 per a tot el centre. A m\u00e9s, tots aquells membres de la comunitat educativa que han volgut sumar-s&#8217;hi han pogut participar-hi activament.<\/p>\n<p data-start=\"1385\" data-end=\"1933\">A l&#8217;entrada dels dos edificis de l&#8217;institut, hem instal\u00b7lat dues figures humanes dibuixades, com a part d&#8217;una <strong>acci\u00f3 per sensibilitzar sobre la relaci\u00f3 amb la imatge f\u00edsica.<\/strong> Al llarg de tres dies, els membres de la comunitat educativa han pogut afegir-hi post-its amb comentaris positius i negatius relacionats amb la imatge corporal. Aquest mural participatiu ha perm\u00e8s posar en relleu tant els comentaris d&#8217;apoderament com aquells que poden resultar perjudicials, amb la intenci\u00f3 de fomentar una reflexi\u00f3 profunda sobre els estereotips de bellesa.<\/p>\n<p data-start=\"1935\" data-end=\"2536\">Finalment, el dia 7 de mar\u00e7, el nostre institut ha estat representat a Sant Feliu amb una <strong>performance<\/strong> realitzada per l&#8217;alumnat de Batxillerat Art\u00edstic. Aquest grup, en el marc de l&#8217;optativa de Taller de Creaci\u00f3 Art\u00edstica, ha presentat una creaci\u00f3 que combinava tipografia experimental i m\u00fasica, donant forma a una obra que donava visibilitat a la diversitat de veus femenines i als missatges d&#8217;igualtat i llibertat. A m\u00e9s, s&#8217;ha llegit un manuscrit p\u00fablic que ha recollit reflexions i experi\u00e8ncies relacionades amb el Dia de la Dona, involucrant tota la comunitat en un acte de consci\u00e8ncia col\u00b7lectiva.<strong style=\"font-family: inherit; font-size: 1em;\">La lluita contra la pressi\u00f3 est\u00e8tica i social ha marcat el manifest de Sant Feliu de Gu\u00edxols pel Dia de la Dona. Han volgut llan\u00e7ar el missatge que &#8220;tots els cossos s\u00f3n v\u00e0lids&#8221; i han recordat que el moviment feminista \u00e9s un dels motors de canvi de la societat. En l&#8217;acte hi han participat membres de l&#8217;ajuntament i tamb\u00e9 alumnes dels instituts del municipi.<\/strong><span style=\"font-family: inherit; font-size: 1em;\">Amb coreografies, cartells i missatges reivindicatius han recordat la import\u00e0ncia de lluitar contra aquesta pressi\u00f3 est\u00e8tica i social sobre els cossos.<\/span><\/p>\n<\/div>\n<\/div>\n<\/div>\n<\/div>\n<\/div>\n<\/div>\n<\/div>\n<\/div>\n<\/article>\n<p style=\"text-align: center;\"><iframe loading=\"lazy\" src=\"\/\/www.youtube.com\/embed\/L4grfMgxjaM?si=tOMK-Jw6tijktjqo\" width=\"560\" height=\"314\" allowfullscreen=\"allowfullscreen\"><\/iframe><\/p>\n<div class=\"flex max-w-full flex-col flex-grow\">\n<div class=\"min-h-8 text-message relative flex w-full flex-col items-end gap-2 whitespace-normal break-words text-start [.text-message+&amp;]:mt-5\" dir=\"auto\" data-message-author-role=\"assistant\" data-message-id=\"f0a5b3bd-2d75-4531-8fd8-fb0ab1a5dad6\" data-message-model-slug=\"gpt-4o-mini\">\n<div class=\"flex w-full flex-col gap-1 empty:hidden first:pt-[3px]\">\n<div class=\"markdown prose w-full break-words dark:prose-invert light\">\n<p data-start=\"2538\" data-end=\"2816\">Aquestes activitats, juntament amb moltes altres iniciatives de sensibilitzaci\u00f3 i celebraci\u00f3, han fet del Dia de la Dona un dia ple de significat, on tot l&#8217;institut s&#8217;ha unit per reivindicar els drets de les dones i promoure la igualtat en tots els \u00e0mbits de la nostra societat.<\/p>\n<p data-start=\"2818\" data-end=\"2876\" data-is-last-node=\"\" data-is-only-node=\"\">Continuarem treballant per un futur m\u00e9s just i igualitari!<\/p>\n<\/div>\n<\/div>\n<\/div>\n<\/div>\n<div class=\"mb-2 flex gap-3 -ml-2\" tabindex=\"0\">\n<div class=\"flex items-center justify-start rounded-xl p-1\">\n<div class=\"flex items-center\"><\/div>\n<\/div>\n<\/div>\n<p>&nbsp;<\/p>\n<p>&nbsp;<\/p>\n<p>&nbsp;<\/p>\n","protected":false},"excerpt":{"rendered":"<p>El passat 7 de mar\u00e7 hem celebrat el Dia de la Dona a l&#8217;institut amb una s\u00e8rie d&#8217;activitats que han involucrat tot l&#8217;alumnat, el professorat i la comunitat educativa de Sant Feliu. Aquesta jornada ha estat una oportunitat per reflexionar sobre la igualtat de g\u00e8nere i per mostrar el nostre comprom\u00eds amb la lluita contra [&hellip;]<\/p>\n","protected":false},"author":43,"featured_media":4352,"comment_status":"closed","ping_status":"closed","sticky":false,"template":"","format":"standard","meta":{"_bbp_topic_count":0,"_bbp_reply_count":0,"_bbp_total_topic_count":0,"_bbp_total_reply_count":0,"_bbp_voice_count":0,"_bbp_anonymous_reply_count":0,"_bbp_topic_count_hidden":0,"_bbp_reply_count_hidden":0,"_bbp_forum_subforum_count":0,"site-sidebar-layout":"default","site-content-layout":"","ast-site-content-layout":"","site-content-style":"default","site-sidebar-style":"default","ast-global-header-display":"","ast-banner-title-visibility":"","ast-main-header-display":"","ast-hfb-above-header-display":"","ast-hfb-below-header-display":"","ast-hfb-mobile-header-display":"","site-post-title":"","ast-breadcrumbs-content":"","ast-featured-img":"","footer-sml-layout":"","theme-transparent-header-meta":"","adv-header-id-meta":"","stick-header-meta":"","header-above-stick-meta":"","header-main-stick-meta":"","header-below-stick-meta":"","astra-migrate-meta-layouts":"default","ast-page-background-enabled":"default","ast-page-background-meta":{"desktop":{"background-color":"var(--ast-global-color-4)","background-image":"","background-repeat":"repeat","background-position":"center center","background-size":"auto","background-attachment":"scroll","background-type":"","background-media":"","overlay-type":"","overlay-color":"","overlay-opacity":"","overlay-gradient":""},"tablet":{"background-color":"","background-image":"","background-repeat":"repeat","background-position":"center center","background-size":"auto","background-attachment":"scroll","background-type":"","background-media":"","overlay-type":"","overlay-color":"","overlay-opacity":"","overlay-gradient":""},"mobile":{"background-color":"","background-image":"","background-repeat":"repeat","background-position":"center center","background-size":"auto","background-attachment":"scroll","background-type":"","background-media":"","overlay-type":"","overlay-color":"","overlay-opacity":"","overlay-gradient":""}},"ast-content-background-meta":{"desktop":{"background-color":"var(--ast-global-color-5)","background-image":"","background-repeat":"repeat","background-position":"center center","background-size":"auto","background-attachment":"scroll","background-type":"","background-media":"","overlay-type":"","overlay-color":"","overlay-opacity":"","overlay-gradient":""},"tablet":{"background-color":"var(--ast-global-color-5)","background-image":"","background-repeat":"repeat","background-position":"center center","background-size":"auto","background-attachment":"scroll","background-type":"","background-media":"","overlay-type":"","overlay-color":"","overlay-opacity":"","overlay-gradient":""},"mobile":{"background-color":"var(--ast-global-color-5)","background-image":"","background-repeat":"repeat","background-position":"center center","background-size":"auto","background-attachment":"scroll","background-type":"","background-media":"","overlay-type":"","overlay-color":"","overlay-opacity":"","overlay-gradient":""}},"footnotes":""},"categories":[1,29],"tags":[],"class_list":["post-4348","post","type-post","status-publish","format-standard","has-post-thumbnail","hentry","category-general","category-portada"],"post_mailing_queue_ids":[],"_links":{"self":[{"href":"https:\/\/agora.xtec.cat\/ies-santelm\/wp-json\/wp\/v2\/posts\/4348","targetHints":{"allow":["GET"]}}],"collection":[{"href":"https:\/\/agora.xtec.cat\/ies-santelm\/wp-json\/wp\/v2\/posts"}],"about":[{"href":"https:\/\/agora.xtec.cat\/ies-santelm\/wp-json\/wp\/v2\/types\/post"}],"author":[{"embeddable":true,"href":"https:\/\/agora.xtec.cat\/ies-santelm\/wp-json\/wp\/v2\/users\/43"}],"replies":[{"embeddable":true,"href":"https:\/\/agora.xtec.cat\/ies-santelm\/wp-json\/wp\/v2\/comments?post=4348"}],"version-history":[{"count":6,"href":"https:\/\/agora.xtec.cat\/ies-santelm\/wp-json\/wp\/v2\/posts\/4348\/revisions"}],"predecessor-version":[{"id":4355,"href":"https:\/\/agora.xtec.cat\/ies-santelm\/wp-json\/wp\/v2\/posts\/4348\/revisions\/4355"}],"wp:featuredmedia":[{"embeddable":true,"href":"https:\/\/agora.xtec.cat\/ies-santelm\/wp-json\/wp\/v2\/media\/4352"}],"wp:attachment":[{"href":"https:\/\/agora.xtec.cat\/ies-santelm\/wp-json\/wp\/v2\/media?parent=4348"}],"wp:term":[{"taxonomy":"category","embeddable":true,"href":"https:\/\/agora.xtec.cat\/ies-santelm\/wp-json\/wp\/v2\/categories?post=4348"},{"taxonomy":"post_tag","embeddable":true,"href":"https:\/\/agora.xtec.cat\/ies-santelm\/wp-json\/wp\/v2\/tags?post=4348"}],"curies":[{"name":"wp","href":"https:\/\/api.w.org\/{rel}","templated":true}]}}