{"id":4180,"date":"2024-11-23T19:22:52","date_gmt":"2024-11-23T18:22:52","guid":{"rendered":"https:\/\/agora.xtec.cat\/ies-santelm\/?p=4180"},"modified":"2024-11-23T19:24:14","modified_gmt":"2024-11-23T18:24:14","slug":"programa-acompanyem-nos","status":"publish","type":"post","link":"https:\/\/agora.xtec.cat\/ies-santelm\/general\/programa-acompanyem-nos\/","title":{"rendered":"Programa Acompanyem-nos"},"content":{"rendered":"<p><img loading=\"lazy\" decoding=\"async\" class=\"alignnone wp-image-4182 size-medium\" src=\"https:\/\/agora.xtec.cat\/ies-santelm\/wp-content\/uploads\/usu1365\/2024\/11\/Foto-de-Anna-2-225x300.jpg\" alt=\"\" width=\"225\" height=\"300\" srcset=\"https:\/\/agora.xtec.cat\/ies-santelm\/wp-content\/uploads\/usu1365\/2024\/11\/Foto-de-Anna-2-225x300.jpg 225w, https:\/\/agora.xtec.cat\/ies-santelm\/wp-content\/uploads\/usu1365\/2024\/11\/Foto-de-Anna-2-768x1024.jpg 768w, https:\/\/agora.xtec.cat\/ies-santelm\/wp-content\/uploads\/usu1365\/2024\/11\/Foto-de-Anna-2-1152x1536.jpg 1152w, https:\/\/agora.xtec.cat\/ies-santelm\/wp-content\/uploads\/usu1365\/2024\/11\/Foto-de-Anna-2.jpg 1512w\" sizes=\"auto, (max-width: 225px) 100vw, 225px\" \/>\u00a0 \u00a0 <img loading=\"lazy\" decoding=\"async\" class=\"alignnone wp-image-4183 size-medium\" src=\"https:\/\/agora.xtec.cat\/ies-santelm\/wp-content\/uploads\/usu1365\/2024\/11\/Foto-de-Anna-3-225x300.jpg\" alt=\"\" width=\"225\" height=\"300\" srcset=\"https:\/\/agora.xtec.cat\/ies-santelm\/wp-content\/uploads\/usu1365\/2024\/11\/Foto-de-Anna-3-225x300.jpg 225w, https:\/\/agora.xtec.cat\/ies-santelm\/wp-content\/uploads\/usu1365\/2024\/11\/Foto-de-Anna-3-768x1024.jpg 768w, https:\/\/agora.xtec.cat\/ies-santelm\/wp-content\/uploads\/usu1365\/2024\/11\/Foto-de-Anna-3-1152x1536.jpg 1152w, https:\/\/agora.xtec.cat\/ies-santelm\/wp-content\/uploads\/usu1365\/2024\/11\/Foto-de-Anna-3.jpg 1512w\" sizes=\"auto, (max-width: 225px) 100vw, 225px\" \/>\u00a0 \u00a0\u00a0 <img loading=\"lazy\" decoding=\"async\" class=\"alignnone wp-image-4184 size-medium\" src=\"https:\/\/agora.xtec.cat\/ies-santelm\/wp-content\/uploads\/usu1365\/2024\/11\/Foto-de-Anna-4-225x300.jpg\" alt=\"\" width=\"225\" height=\"300\" srcset=\"https:\/\/agora.xtec.cat\/ies-santelm\/wp-content\/uploads\/usu1365\/2024\/11\/Foto-de-Anna-4-225x300.jpg 225w, https:\/\/agora.xtec.cat\/ies-santelm\/wp-content\/uploads\/usu1365\/2024\/11\/Foto-de-Anna-4-768x1024.jpg 768w, https:\/\/agora.xtec.cat\/ies-santelm\/wp-content\/uploads\/usu1365\/2024\/11\/Foto-de-Anna-4-1152x1536.jpg 1152w, https:\/\/agora.xtec.cat\/ies-santelm\/wp-content\/uploads\/usu1365\/2024\/11\/Foto-de-Anna-4.jpg 1512w\" sizes=\"auto, (max-width: 225px) 100vw, 225px\" \/>\u00a0 \u00a0 <img loading=\"lazy\" decoding=\"async\" class=\"alignnone wp-image-4185 size-medium\" src=\"https:\/\/agora.xtec.cat\/ies-santelm\/wp-content\/uploads\/usu1365\/2024\/11\/Foto-de-Anna-225x300.jpg\" alt=\"\" width=\"225\" height=\"300\" srcset=\"https:\/\/agora.xtec.cat\/ies-santelm\/wp-content\/uploads\/usu1365\/2024\/11\/Foto-de-Anna-225x300.jpg 225w, https:\/\/agora.xtec.cat\/ies-santelm\/wp-content\/uploads\/usu1365\/2024\/11\/Foto-de-Anna-768x1024.jpg 768w, https:\/\/agora.xtec.cat\/ies-santelm\/wp-content\/uploads\/usu1365\/2024\/11\/Foto-de-Anna-1152x1536.jpg 1152w, https:\/\/agora.xtec.cat\/ies-santelm\/wp-content\/uploads\/usu1365\/2024\/11\/Foto-de-Anna.jpg 1512w\" sizes=\"auto, (max-width: 225px) 100vw, 225px\" \/>\u00a0 \u00a0\u00a0 <img loading=\"lazy\" decoding=\"async\" class=\"alignnone wp-image-4186 size-medium\" src=\"https:\/\/agora.xtec.cat\/ies-santelm\/wp-content\/uploads\/usu1365\/2024\/11\/Foto-de-Anna-1-225x300.jpg\" alt=\"\" width=\"225\" height=\"300\" srcset=\"https:\/\/agora.xtec.cat\/ies-santelm\/wp-content\/uploads\/usu1365\/2024\/11\/Foto-de-Anna-1-225x300.jpg 225w, https:\/\/agora.xtec.cat\/ies-santelm\/wp-content\/uploads\/usu1365\/2024\/11\/Foto-de-Anna-1-768x1024.jpg 768w, https:\/\/agora.xtec.cat\/ies-santelm\/wp-content\/uploads\/usu1365\/2024\/11\/Foto-de-Anna-1-1152x1536.jpg 1152w, https:\/\/agora.xtec.cat\/ies-santelm\/wp-content\/uploads\/usu1365\/2024\/11\/Foto-de-Anna-1.jpg 1512w\" sizes=\"auto, (max-width: 225px) 100vw, 225px\" \/><\/p>\n<p>Des del programa\u00a0Acompanyem-nos, s&#8217;implanta una iniciativa que fomenta la relaci\u00f3 i la integraci\u00f3 entre l\u2019alumnat de\u00a03r d&#8217;ESO\u00a0i el de\u00a01r d&#8217;ESO, amb l&#8217;objectiu de facilitar l&#8217;adaptaci\u00f3 dels m\u00e9s joves a la vida de l&#8217;institut. Aquest programa de tutoria entre iguals es realitza mitjan\u00e7ant una s\u00e8rie d&#8217;activitats que permeten que els estudiants de tercer curs, amb m\u00e9s experi\u00e8ncia, puguin exercir un rol de guiatge i acompanyament per als alumnes de primer curs.<\/p>\n<p>L&#8217;objectiu principal \u00e9s ajudar els alumnes de 1r d&#8217;ESO a sentir-se m\u00e9s c\u00f2modes i segurs en aquest moment de transici\u00f3, quan arriben a un centre educatiu m\u00e9s gran, amb m\u00e9s assignatures, professors i una organitzaci\u00f3 m\u00e9s complexa. A trav\u00e9s d&#8217;aquest programa, els estudiants de 3r poden compartir la seva experi\u00e8ncia personal, oferir consells pr\u00e0ctics sobre la gesti\u00f3 del temps, l&#8217;estudi, les activitats extraescolars i l&#8217;adaptaci\u00f3 a les noves normatives de l&#8217;institut. Aix\u00ed, l\u2019alumnat de primer curs pot sentir que no est\u00e0 sol, ja que t\u00e9 el suport d\u2019un company que ha passat pel mateix proc\u00e9s de canvi.<\/p>\n<p>A m\u00e9s, aquest vincle entre els dos grups fomenta un ambient de confian\u00e7a i respecte mutu, contribuint a millorar la conviv\u00e8ncia entre els estudiants. Els tutors de 3r d&#8217;ESO no nom\u00e9s actuen com a guies acad\u00e8mics, sin\u00f3 tamb\u00e9 com a models de comportament i referents socials. Aix\u00f2 crea una xarxa de suport que facilita la socialitzaci\u00f3 i la integraci\u00f3 dels alumnes de 1r, millorant la seva experi\u00e8ncia en aquest nou context.<\/p>\n<p>D\u2019aquesta manera, el programa\u00a0Acompanyem-nos\u00a0contribueix a una millor adaptaci\u00f3 emocional i acad\u00e8mica dels alumnes de 1r d&#8217;ESO, alhora que enforteix els vincles dins de la comunitat educativa.&#8221;<\/p>\n","protected":false},"excerpt":{"rendered":"<p>\u00a0 \u00a0 \u00a0 \u00a0\u00a0 \u00a0 \u00a0 \u00a0 \u00a0\u00a0 Des del programa\u00a0Acompanyem-nos, s&#8217;implanta una iniciativa que fomenta la relaci\u00f3 i la integraci\u00f3 entre l\u2019alumnat de\u00a03r d&#8217;ESO\u00a0i el de\u00a01r d&#8217;ESO, amb l&#8217;objectiu de facilitar l&#8217;adaptaci\u00f3 dels m\u00e9s joves a la vida de l&#8217;institut. Aquest programa de tutoria entre iguals es realitza mitjan\u00e7ant una s\u00e8rie d&#8217;activitats que permeten [&hellip;]<\/p>\n","protected":false},"author":43,"featured_media":4182,"comment_status":"closed","ping_status":"closed","sticky":false,"template":"","format":"standard","meta":{"_bbp_topic_count":0,"_bbp_reply_count":0,"_bbp_total_topic_count":0,"_bbp_total_reply_count":0,"_bbp_voice_count":0,"_bbp_anonymous_reply_count":0,"_bbp_topic_count_hidden":0,"_bbp_reply_count_hidden":0,"_bbp_forum_subforum_count":0,"site-sidebar-layout":"default","site-content-layout":"","ast-site-content-layout":"","site-content-style":"default","site-sidebar-style":"default","ast-global-header-display":"","ast-banner-title-visibility":"","ast-main-header-display":"","ast-hfb-above-header-display":"","ast-hfb-below-header-display":"","ast-hfb-mobile-header-display":"","site-post-title":"","ast-breadcrumbs-content":"","ast-featured-img":"","footer-sml-layout":"","theme-transparent-header-meta":"","adv-header-id-meta":"","stick-header-meta":"","header-above-stick-meta":"","header-main-stick-meta":"","header-below-stick-meta":"","astra-migrate-meta-layouts":"default","ast-page-background-enabled":"default","ast-page-background-meta":{"desktop":{"background-color":"var(--ast-global-color-4)","background-image":"","background-repeat":"repeat","background-position":"center center","background-size":"auto","background-attachment":"scroll","background-type":"","background-media":"","overlay-type":"","overlay-color":"","overlay-opacity":"","overlay-gradient":""},"tablet":{"background-color":"","background-image":"","background-repeat":"repeat","background-position":"center center","background-size":"auto","background-attachment":"scroll","background-type":"","background-media":"","overlay-type":"","overlay-color":"","overlay-opacity":"","overlay-gradient":""},"mobile":{"background-color":"","background-image":"","background-repeat":"repeat","background-position":"center center","background-size":"auto","background-attachment":"scroll","background-type":"","background-media":"","overlay-type":"","overlay-color":"","overlay-opacity":"","overlay-gradient":""}},"ast-content-background-meta":{"desktop":{"background-color":"var(--ast-global-color-5)","background-image":"","background-repeat":"repeat","background-position":"center center","background-size":"auto","background-attachment":"scroll","background-type":"","background-media":"","overlay-type":"","overlay-color":"","overlay-opacity":"","overlay-gradient":""},"tablet":{"background-color":"var(--ast-global-color-5)","background-image":"","background-repeat":"repeat","background-position":"center center","background-size":"auto","background-attachment":"scroll","background-type":"","background-media":"","overlay-type":"","overlay-color":"","overlay-opacity":"","overlay-gradient":""},"mobile":{"background-color":"var(--ast-global-color-5)","background-image":"","background-repeat":"repeat","background-position":"center center","background-size":"auto","background-attachment":"scroll","background-type":"","background-media":"","overlay-type":"","overlay-color":"","overlay-opacity":"","overlay-gradient":""}},"footnotes":""},"categories":[1,29],"tags":[],"class_list":["post-4180","post","type-post","status-publish","format-standard","has-post-thumbnail","hentry","category-general","category-portada"],"post_mailing_queue_ids":[],"_links":{"self":[{"href":"https:\/\/agora.xtec.cat\/ies-santelm\/wp-json\/wp\/v2\/posts\/4180","targetHints":{"allow":["GET"]}}],"collection":[{"href":"https:\/\/agora.xtec.cat\/ies-santelm\/wp-json\/wp\/v2\/posts"}],"about":[{"href":"https:\/\/agora.xtec.cat\/ies-santelm\/wp-json\/wp\/v2\/types\/post"}],"author":[{"embeddable":true,"href":"https:\/\/agora.xtec.cat\/ies-santelm\/wp-json\/wp\/v2\/users\/43"}],"replies":[{"embeddable":true,"href":"https:\/\/agora.xtec.cat\/ies-santelm\/wp-json\/wp\/v2\/comments?post=4180"}],"version-history":[{"count":2,"href":"https:\/\/agora.xtec.cat\/ies-santelm\/wp-json\/wp\/v2\/posts\/4180\/revisions"}],"predecessor-version":[{"id":4187,"href":"https:\/\/agora.xtec.cat\/ies-santelm\/wp-json\/wp\/v2\/posts\/4180\/revisions\/4187"}],"wp:featuredmedia":[{"embeddable":true,"href":"https:\/\/agora.xtec.cat\/ies-santelm\/wp-json\/wp\/v2\/media\/4182"}],"wp:attachment":[{"href":"https:\/\/agora.xtec.cat\/ies-santelm\/wp-json\/wp\/v2\/media?parent=4180"}],"wp:term":[{"taxonomy":"category","embeddable":true,"href":"https:\/\/agora.xtec.cat\/ies-santelm\/wp-json\/wp\/v2\/categories?post=4180"},{"taxonomy":"post_tag","embeddable":true,"href":"https:\/\/agora.xtec.cat\/ies-santelm\/wp-json\/wp\/v2\/tags?post=4180"}],"curies":[{"name":"wp","href":"https:\/\/api.w.org\/{rel}","templated":true}]}}