{"id":3986,"date":"2024-05-16T17:39:46","date_gmt":"2024-05-16T15:39:46","guid":{"rendered":"https:\/\/agora.xtec.cat\/ies-santelm\/?p=3986"},"modified":"2024-05-16T17:40:42","modified_gmt":"2024-05-16T15:40:42","slug":"trobada-del-consorci-cete","status":"publish","type":"post","link":"https:\/\/agora.xtec.cat\/ies-santelm\/portada\/trobada-del-consorci-cete\/","title":{"rendered":"Trobada del consorci CETE+"},"content":{"rendered":"<p style=\"text-align: justify;\">Ahir tres docents del centre van participar a la trobada del CETE+ (Consorci Europeu per a la Transformaci\u00f3 Educativa). Va ser una jornada molt interessant, que va comptar amb la pon\u00e8ncia de Siro L\u00f3pez (@_sirolopez_) sobre el disseny dels espais educatius i amb una s\u00e8rie de tallers sobre itineraris lectors (a c\u00e0rrec de la Dra. Cristina Correro), els reptes a l&#8217;era de la informaci\u00f3 (a c\u00e0rrec del Dr. Ricardo Castellini da Silva) o el tractament integrat de lleng\u00fces (a c\u00e0rrec d&#8217;Eul\u00e0lia Vilagin\u00e9s), entre d&#8217;altres. Tamb\u00e9 hi va haver un espai per compartir les experi\u00e8ncies viscudes a les diferents mobilitats i parlar dels aprenentatges que ha comportat pels centres el fet de pert\u00e0nyer a aquest consorci.<\/p>\n<p style=\"text-align: justify;\">Amb aquesta jornada vam tancar la nostra participaci\u00f3 en aquest consorci, del qual ens n&#8217;emportem molt\u00edssimes coses. Gr\u00e0cies, CETE+! I gr\u00e0cies, a tots els centres del microconsorci EMAILC!<br \/>\n@sllengua @InnovacioSLEO @educaciocat<\/p>\n<p style=\"text-align: center;\"><a href=\"https:\/\/agora.xtec.cat\/ies-santelm\/wp-content\/uploads\/usu1365\/2024\/05\/Noticies-WEB-10.png\"><img loading=\"lazy\" decoding=\"async\" class=\"alignnone wp-image-3990\" src=\"https:\/\/agora.xtec.cat\/ies-santelm\/wp-content\/uploads\/usu1365\/2024\/05\/Noticies-WEB-10-1024x1024.png\" alt=\"\" width=\"590\" height=\"590\" srcset=\"https:\/\/agora.xtec.cat\/ies-santelm\/wp-content\/uploads\/usu1365\/2024\/05\/Noticies-WEB-10-1024x1024.png 1024w, https:\/\/agora.xtec.cat\/ies-santelm\/wp-content\/uploads\/usu1365\/2024\/05\/Noticies-WEB-10-300x300.png 300w, https:\/\/agora.xtec.cat\/ies-santelm\/wp-content\/uploads\/usu1365\/2024\/05\/Noticies-WEB-10-150x150.png 150w, https:\/\/agora.xtec.cat\/ies-santelm\/wp-content\/uploads\/usu1365\/2024\/05\/Noticies-WEB-10-768x768.png 768w, https:\/\/agora.xtec.cat\/ies-santelm\/wp-content\/uploads\/usu1365\/2024\/05\/Noticies-WEB-10.png 1080w\" sizes=\"auto, (max-width: 590px) 100vw, 590px\" \/><\/a><a href=\"https:\/\/agora.xtec.cat\/ies-santelm\/wp-content\/uploads\/usu1365\/2024\/05\/1715770029929-scaled.jpg\"><img loading=\"lazy\" decoding=\"async\" class=\"alignnone wp-image-3987\" src=\"https:\/\/agora.xtec.cat\/ies-santelm\/wp-content\/uploads\/usu1365\/2024\/05\/1715770029929-1024x771.jpg\" alt=\"\" width=\"386\" height=\"290\" srcset=\"https:\/\/agora.xtec.cat\/ies-santelm\/wp-content\/uploads\/usu1365\/2024\/05\/1715770029929-1024x771.jpg 1024w, https:\/\/agora.xtec.cat\/ies-santelm\/wp-content\/uploads\/usu1365\/2024\/05\/1715770029929-300x226.jpg 300w, https:\/\/agora.xtec.cat\/ies-santelm\/wp-content\/uploads\/usu1365\/2024\/05\/1715770029929-768x578.jpg 768w, https:\/\/agora.xtec.cat\/ies-santelm\/wp-content\/uploads\/usu1365\/2024\/05\/1715770029929-1536x1157.jpg 1536w, https:\/\/agora.xtec.cat\/ies-santelm\/wp-content\/uploads\/usu1365\/2024\/05\/1715770029929-2048x1542.jpg 2048w, https:\/\/agora.xtec.cat\/ies-santelm\/wp-content\/uploads\/usu1365\/2024\/05\/1715770029929-200x150.jpg 200w\" sizes=\"auto, (max-width: 386px) 100vw, 386px\" \/> <\/a><a href=\"https:\/\/agora.xtec.cat\/ies-santelm\/wp-content\/uploads\/usu1365\/2024\/05\/Noticies-WEB-8.png\"><img loading=\"lazy\" decoding=\"async\" class=\"alignnone wp-image-3991\" src=\"https:\/\/agora.xtec.cat\/ies-santelm\/wp-content\/uploads\/usu1365\/2024\/05\/Noticies-WEB-8-1024x1024.png\" alt=\"\" width=\"290\" height=\"290\" srcset=\"https:\/\/agora.xtec.cat\/ies-santelm\/wp-content\/uploads\/usu1365\/2024\/05\/Noticies-WEB-8-1024x1024.png 1024w, https:\/\/agora.xtec.cat\/ies-santelm\/wp-content\/uploads\/usu1365\/2024\/05\/Noticies-WEB-8-300x300.png 300w, https:\/\/agora.xtec.cat\/ies-santelm\/wp-content\/uploads\/usu1365\/2024\/05\/Noticies-WEB-8-150x150.png 150w, https:\/\/agora.xtec.cat\/ies-santelm\/wp-content\/uploads\/usu1365\/2024\/05\/Noticies-WEB-8-768x768.png 768w, https:\/\/agora.xtec.cat\/ies-santelm\/wp-content\/uploads\/usu1365\/2024\/05\/Noticies-WEB-8.png 1080w\" sizes=\"auto, (max-width: 290px) 100vw, 290px\" \/><\/a> <a href=\"https:\/\/agora.xtec.cat\/ies-santelm\/wp-content\/uploads\/usu1365\/2024\/05\/Noticies-WEB-9.png\"><img loading=\"lazy\" decoding=\"async\" class=\"alignnone wp-image-3989\" src=\"https:\/\/agora.xtec.cat\/ies-santelm\/wp-content\/uploads\/usu1365\/2024\/05\/Noticies-WEB-9-1024x1024.png\" alt=\"\" width=\"378\" height=\"378\" srcset=\"https:\/\/agora.xtec.cat\/ies-santelm\/wp-content\/uploads\/usu1365\/2024\/05\/Noticies-WEB-9-1024x1024.png 1024w, https:\/\/agora.xtec.cat\/ies-santelm\/wp-content\/uploads\/usu1365\/2024\/05\/Noticies-WEB-9-300x300.png 300w, https:\/\/agora.xtec.cat\/ies-santelm\/wp-content\/uploads\/usu1365\/2024\/05\/Noticies-WEB-9-150x150.png 150w, https:\/\/agora.xtec.cat\/ies-santelm\/wp-content\/uploads\/usu1365\/2024\/05\/Noticies-WEB-9-768x768.png 768w, https:\/\/agora.xtec.cat\/ies-santelm\/wp-content\/uploads\/usu1365\/2024\/05\/Noticies-WEB-9.png 1080w\" sizes=\"auto, (max-width: 378px) 100vw, 378px\" \/><\/a> <img loading=\"lazy\" decoding=\"async\" class=\"alignnone wp-image-3988\" src=\"https:\/\/agora.xtec.cat\/ies-santelm\/wp-content\/uploads\/usu1365\/2024\/05\/1715770031755-771x1024.jpg\" alt=\"\" width=\"284\" height=\"378\" srcset=\"https:\/\/agora.xtec.cat\/ies-santelm\/wp-content\/uploads\/usu1365\/2024\/05\/1715770031755-771x1024.jpg 771w, https:\/\/agora.xtec.cat\/ies-santelm\/wp-content\/uploads\/usu1365\/2024\/05\/1715770031755-226x300.jpg 226w, https:\/\/agora.xtec.cat\/ies-santelm\/wp-content\/uploads\/usu1365\/2024\/05\/1715770031755-768x1020.jpg 768w, https:\/\/agora.xtec.cat\/ies-santelm\/wp-content\/uploads\/usu1365\/2024\/05\/1715770031755-1157x1536.jpg 1157w, https:\/\/agora.xtec.cat\/ies-santelm\/wp-content\/uploads\/usu1365\/2024\/05\/1715770031755-1542x2048.jpg 1542w, https:\/\/agora.xtec.cat\/ies-santelm\/wp-content\/uploads\/usu1365\/2024\/05\/1715770031755-scaled.jpg 1928w\" sizes=\"auto, (max-width: 284px) 100vw, 284px\" \/><\/p>\n<p>&nbsp;<\/p>\n","protected":false},"excerpt":{"rendered":"<p>Ahir tres docents del centre van participar a la trobada del CETE+ (Consorci Europeu per a la Transformaci\u00f3 Educativa).<\/p>\n","protected":false},"author":42,"featured_media":3990,"comment_status":"closed","ping_status":"closed","sticky":false,"template":"","format":"standard","meta":{"_bbp_topic_count":0,"_bbp_reply_count":0,"_bbp_total_topic_count":0,"_bbp_total_reply_count":0,"_bbp_voice_count":0,"_bbp_anonymous_reply_count":0,"_bbp_topic_count_hidden":0,"_bbp_reply_count_hidden":0,"_bbp_forum_subforum_count":0,"site-sidebar-layout":"default","site-content-layout":"","ast-site-content-layout":"","site-content-style":"default","site-sidebar-style":"default","ast-global-header-display":"","ast-banner-title-visibility":"","ast-main-header-display":"","ast-hfb-above-header-display":"","ast-hfb-below-header-display":"","ast-hfb-mobile-header-display":"","site-post-title":"","ast-breadcrumbs-content":"","ast-featured-img":"","footer-sml-layout":"","theme-transparent-header-meta":"","adv-header-id-meta":"","stick-header-meta":"","header-above-stick-meta":"","header-main-stick-meta":"","header-below-stick-meta":"","astra-migrate-meta-layouts":"default","ast-page-background-enabled":"default","ast-page-background-meta":{"desktop":{"background-color":"var(--ast-global-color-4)","background-image":"","background-repeat":"repeat","background-position":"center center","background-size":"auto","background-attachment":"scroll","background-type":"","background-media":"","overlay-type":"","overlay-color":"","overlay-opacity":"","overlay-gradient":""},"tablet":{"background-color":"","background-image":"","background-repeat":"repeat","background-position":"center center","background-size":"auto","background-attachment":"scroll","background-type":"","background-media":"","overlay-type":"","overlay-color":"","overlay-opacity":"","overlay-gradient":""},"mobile":{"background-color":"","background-image":"","background-repeat":"repeat","background-position":"center center","background-size":"auto","background-attachment":"scroll","background-type":"","background-media":"","overlay-type":"","overlay-color":"","overlay-opacity":"","overlay-gradient":""}},"ast-content-background-meta":{"desktop":{"background-color":"var(--ast-global-color-5)","background-image":"","background-repeat":"repeat","background-position":"center center","background-size":"auto","background-attachment":"scroll","background-type":"","background-media":"","overlay-type":"","overlay-color":"","overlay-opacity":"","overlay-gradient":""},"tablet":{"background-color":"var(--ast-global-color-5)","background-image":"","background-repeat":"repeat","background-position":"center center","background-size":"auto","background-attachment":"scroll","background-type":"","background-media":"","overlay-type":"","overlay-color":"","overlay-opacity":"","overlay-gradient":""},"mobile":{"background-color":"var(--ast-global-color-5)","background-image":"","background-repeat":"repeat","background-position":"center center","background-size":"auto","background-attachment":"scroll","background-type":"","background-media":"","overlay-type":"","overlay-color":"","overlay-opacity":"","overlay-gradient":""}},"footnotes":""},"categories":[128,29],"tags":[],"class_list":["post-3986","post","type-post","status-publish","format-standard","has-post-thumbnail","hentry","category-erasmus","category-portada"],"post_mailing_queue_ids":[],"_links":{"self":[{"href":"https:\/\/agora.xtec.cat\/ies-santelm\/wp-json\/wp\/v2\/posts\/3986","targetHints":{"allow":["GET"]}}],"collection":[{"href":"https:\/\/agora.xtec.cat\/ies-santelm\/wp-json\/wp\/v2\/posts"}],"about":[{"href":"https:\/\/agora.xtec.cat\/ies-santelm\/wp-json\/wp\/v2\/types\/post"}],"author":[{"embeddable":true,"href":"https:\/\/agora.xtec.cat\/ies-santelm\/wp-json\/wp\/v2\/users\/42"}],"replies":[{"embeddable":true,"href":"https:\/\/agora.xtec.cat\/ies-santelm\/wp-json\/wp\/v2\/comments?post=3986"}],"version-history":[{"count":2,"href":"https:\/\/agora.xtec.cat\/ies-santelm\/wp-json\/wp\/v2\/posts\/3986\/revisions"}],"predecessor-version":[{"id":3993,"href":"https:\/\/agora.xtec.cat\/ies-santelm\/wp-json\/wp\/v2\/posts\/3986\/revisions\/3993"}],"wp:featuredmedia":[{"embeddable":true,"href":"https:\/\/agora.xtec.cat\/ies-santelm\/wp-json\/wp\/v2\/media\/3990"}],"wp:attachment":[{"href":"https:\/\/agora.xtec.cat\/ies-santelm\/wp-json\/wp\/v2\/media?parent=3986"}],"wp:term":[{"taxonomy":"category","embeddable":true,"href":"https:\/\/agora.xtec.cat\/ies-santelm\/wp-json\/wp\/v2\/categories?post=3986"},{"taxonomy":"post_tag","embeddable":true,"href":"https:\/\/agora.xtec.cat\/ies-santelm\/wp-json\/wp\/v2\/tags?post=3986"}],"curies":[{"name":"wp","href":"https:\/\/api.w.org\/{rel}","templated":true}]}}