{"id":3752,"date":"2023-06-19T12:44:31","date_gmt":"2023-06-19T10:44:31","guid":{"rendered":"https:\/\/agora.xtec.cat\/ies-santelm\/?p=3752"},"modified":"2024-02-28T12:45:36","modified_gmt":"2024-02-28T11:45:36","slug":"preinscripcio-eso-23-24","status":"publish","type":"post","link":"https:\/\/agora.xtec.cat\/ies-santelm\/general\/preinscripcio-eso-23-24\/","title":{"rendered":"Preinscripci\u00f3 ESO 23\/24"},"content":{"rendered":"<p style=\"text-align: justify;\">Les preinscripcions d&#8217;ESO pel curs 23\/24 estan a punt de comen\u00e7ar. La publicaci\u00f3 de l&#8217;oferta\u00a0<strong>inicial de places<\/strong> ser\u00e0 el\u00a0divendres\u00a0<strong>3 de mar\u00e7 del 2023<\/strong> i el per\u00edode de presentaci\u00f3 de <strong>sol\u00b7licituds<\/strong> ser\u00e0 del\u00a0<strong>8 al 20 de mar\u00e7 del 2023<\/strong>. Per tal de poder realitzar la sol\u00b7licitud i\/o consultar informaci\u00f3 rellevant al proc\u00e9s de preinscripci\u00f3, heu d&#8217;accedir al seg\u00fcent enlla\u00e7:<\/p>\n<p><a href=\"https:\/\/preinscripcio.gencat.cat\/ca\/inici\/\">https:\/\/preinscripcio.gencat.cat\/ca\/inici\/<\/a><\/p>\n<p><span style=\"text-decoration: underline;\"><strong>INFORMACI\u00d3 D&#8217;INTER\u00c8S PER LES PREINSCRIPCIONS D&#8217;ESO 23\/24<\/strong><\/span><\/p>\n<ul>\n<li><a href=\"https:\/\/agora.xtec.cat\/ies-santelm\/wp-content\/uploads\/usu1365\/2023\/03\/Pub.-Oferta-inicial-3-marc\u0327-23.pdf\">Publicaci\u00f3 de l\u2019oferta inicial de places (actualitzat el 3 de mar\u00e7 de 2023)<\/a><\/li>\n<li><a href=\"https:\/\/agora.xtec.cat\/ies-santelm\/wp-content\/uploads\/usu1365\/2023\/04\/Llista-sollicituds-ESO-amb-puntuacio-provisional-21-abril-23.pdf\">Llista de sol\u00b7licituds d&#8217;ESO 2023\/24 amb puntuaci\u00f3 provisional (actualitzat 21 d&#8217;abril del 2023)<\/a><\/li>\n<li>Del 21 al 27 d&#8217;abril del 2023: presentaci\u00f3 de reclamacions<\/li>\n<li><a href=\"https:\/\/agora.xtec.cat\/ies-santelm\/wp-content\/uploads\/usu1365\/2023\/05\/INFORME_BAREM_RESOLTES_BAREM-11.pdf\">Publicaci\u00f3 de la llista preinscripci\u00f3 ESO 2023\/2024, amb la puntuaci\u00f3 un cop resoltes les reclamacions<\/a><\/li>\n<li><a href=\"https:\/\/agora.xtec.cat\/ies-santelm\/wp-content\/uploads\/usu1365\/2023\/05\/Llista-ordenada-def-11-maig-23.pdf\">Publicaci\u00f3 de la llista de sol\u00b7licituds que han demanat el centre i l&#8217;ensenyament en primera petici\u00f3 ordenada (actualitzat 11\/05\/2023)<\/a><\/li>\n<li><a href=\"https:\/\/agora.xtec.cat\/ies-santelm\/wp-content\/uploads\/usu1365\/2023\/06\/Pub.-Oferta-definitiva-9-de-juny-23.pdf\">Publicaci\u00f3 de l&#8217;oferta definitiva de places a 09\/06\/2023\u00a0\u00a0<\/a><\/li>\n<li><a href=\"https:\/\/agora.xtec.cat\/ies-santelm\/wp-content\/uploads\/usu1365\/2023\/06\/Alumnes-assignats-ESO-12-de-juny-23.pdf\">Publicaci\u00f3 de la llista dels alumnes assignats al centre amb indicaci\u00f3 de la primera petici\u00f3 (12 de juny de 2023)<\/a><\/li>\n<li><a href=\"https:\/\/agora.xtec.cat\/ies-santelm\/wp-content\/uploads\/usu1365\/2023\/06\/Llista-alumnes-preinscrits-al-centre-12-de-juny-23.pdf\">Publicaci\u00f3 de la llista dels alumnes preinscrits al centre (12 de juny de 2023)<\/a><\/li>\n<li><a href=\"https:\/\/agora.xtec.cat\/ies-santelm\/wp-content\/uploads\/usu1365\/2023\/06\/Publicacio-de-la-llista-despera-ESO-12-de-juny-23.pdf\">Publicaci\u00f3 de la llista d&#8217;espera d&#8217;ESO (12 de juny de 2023)<\/a><\/li>\n<\/ul>\n<p>Els que no vau podeu venir a les portes obertes, podeu consultar la informaci\u00f3 en aquest <a href=\"https:\/\/view.genial.ly\/63d4fc613f18790011356ca3\/presentation-portes-obertes-eso\">enlla\u00e7<\/a>.<\/p>\n<p style=\"text-align: justify;\">Finalment, des del centre, compartim amb vosaltres una infografia amb informaci\u00f3 rellevant per tal de poder realitzar la vostra sol\u00b7licitud de preinscripci\u00f3:<\/p>\n<p style=\"text-align: center;\"><a href=\"https:\/\/agora.xtec.cat\/ies-santelm\/wp-content\/uploads\/usu1365\/2023\/02\/18.png\"><img loading=\"lazy\" decoding=\"async\" class=\"alignnone size-large wp-image-2989\" src=\"https:\/\/agora.xtec.cat\/ies-santelm\/wp-content\/uploads\/usu1365\/2023\/02\/18-724x1024.png\" alt=\"\" width=\"724\" height=\"1024\" srcset=\"https:\/\/agora.xtec.cat\/ies-santelm\/wp-content\/uploads\/usu1365\/2023\/02\/18-724x1024.png 724w, https:\/\/agora.xtec.cat\/ies-santelm\/wp-content\/uploads\/usu1365\/2023\/02\/18-212x300.png 212w, https:\/\/agora.xtec.cat\/ies-santelm\/wp-content\/uploads\/usu1365\/2023\/02\/18-768x1086.png 768w, https:\/\/agora.xtec.cat\/ies-santelm\/wp-content\/uploads\/usu1365\/2023\/02\/18-1086x1536.png 1086w, https:\/\/agora.xtec.cat\/ies-santelm\/wp-content\/uploads\/usu1365\/2023\/02\/18-1448x2048.png 1448w, https:\/\/agora.xtec.cat\/ies-santelm\/wp-content\/uploads\/usu1365\/2023\/02\/18.png 1587w\" sizes=\"auto, (max-width: 724px) 100vw, 724px\" \/><\/a> <a href=\"https:\/\/agora.xtec.cat\/ies-santelm\/wp-content\/uploads\/usu1365\/2023\/02\/19.png\"><img loading=\"lazy\" decoding=\"async\" class=\"alignnone size-large wp-image-2988\" src=\"https:\/\/agora.xtec.cat\/ies-santelm\/wp-content\/uploads\/usu1365\/2023\/02\/19-724x1024.png\" alt=\"\" width=\"724\" height=\"1024\" srcset=\"https:\/\/agora.xtec.cat\/ies-santelm\/wp-content\/uploads\/usu1365\/2023\/02\/19-724x1024.png 724w, https:\/\/agora.xtec.cat\/ies-santelm\/wp-content\/uploads\/usu1365\/2023\/02\/19-212x300.png 212w, https:\/\/agora.xtec.cat\/ies-santelm\/wp-content\/uploads\/usu1365\/2023\/02\/19-768x1086.png 768w, https:\/\/agora.xtec.cat\/ies-santelm\/wp-content\/uploads\/usu1365\/2023\/02\/19-1086x1536.png 1086w, https:\/\/agora.xtec.cat\/ies-santelm\/wp-content\/uploads\/usu1365\/2023\/02\/19-1448x2048.png 1448w, https:\/\/agora.xtec.cat\/ies-santelm\/wp-content\/uploads\/usu1365\/2023\/02\/19.png 1587w\" sizes=\"auto, (max-width: 724px) 100vw, 724px\" \/><\/a><\/p>\n","protected":false},"excerpt":{"rendered":"<p>Les preinscripcions d&#8217;ESO pel curs 23\/24 estan a punt de comen\u00e7ar. La publicaci\u00f3 de l&#8217;oferta\u00a0inicial de places ser\u00e0 el\u00a0divendres\u00a03 de mar\u00e7 del 2023 i el per\u00edode de presentaci\u00f3 de sol\u00b7licituds ser\u00e0 del\u00a08 al 20 de mar\u00e7 del 2023. Per tal de poder realitzar la sol\u00b7licitud i\/o consultar informaci\u00f3 rellevant al proc\u00e9s de preinscripci\u00f3, heu d&#8217;accedir [&hellip;]<\/p>\n","protected":false},"author":42,"featured_media":0,"comment_status":"closed","ping_status":"closed","sticky":false,"template":"","format":"standard","meta":{"_bbp_topic_count":0,"_bbp_reply_count":0,"_bbp_total_topic_count":0,"_bbp_total_reply_count":0,"_bbp_voice_count":0,"_bbp_anonymous_reply_count":0,"_bbp_topic_count_hidden":0,"_bbp_reply_count_hidden":0,"_bbp_forum_subforum_count":0,"site-sidebar-layout":"default","site-content-layout":"","ast-site-content-layout":"","site-content-style":"default","site-sidebar-style":"default","ast-global-header-display":"","ast-banner-title-visibility":"","ast-main-header-display":"","ast-hfb-above-header-display":"","ast-hfb-below-header-display":"","ast-hfb-mobile-header-display":"","site-post-title":"","ast-breadcrumbs-content":"","ast-featured-img":"","footer-sml-layout":"","theme-transparent-header-meta":"","adv-header-id-meta":"","stick-header-meta":"","header-above-stick-meta":"","header-main-stick-meta":"","header-below-stick-meta":"","astra-migrate-meta-layouts":"default","ast-page-background-enabled":"default","ast-page-background-meta":{"desktop":{"background-color":"var(--ast-global-color-4)","background-image":"","background-repeat":"repeat","background-position":"center center","background-size":"auto","background-attachment":"scroll","background-type":"","background-media":"","overlay-type":"","overlay-color":"","overlay-opacity":"","overlay-gradient":""},"tablet":{"background-color":"","background-image":"","background-repeat":"repeat","background-position":"center center","background-size":"auto","background-attachment":"scroll","background-type":"","background-media":"","overlay-type":"","overlay-color":"","overlay-opacity":"","overlay-gradient":""},"mobile":{"background-color":"","background-image":"","background-repeat":"repeat","background-position":"center center","background-size":"auto","background-attachment":"scroll","background-type":"","background-media":"","overlay-type":"","overlay-color":"","overlay-opacity":"","overlay-gradient":""}},"ast-content-background-meta":{"desktop":{"background-color":"var(--ast-global-color-5)","background-image":"","background-repeat":"repeat","background-position":"center center","background-size":"auto","background-attachment":"scroll","background-type":"","background-media":"","overlay-type":"","overlay-color":"","overlay-opacity":"","overlay-gradient":""},"tablet":{"background-color":"var(--ast-global-color-5)","background-image":"","background-repeat":"repeat","background-position":"center center","background-size":"auto","background-attachment":"scroll","background-type":"","background-media":"","overlay-type":"","overlay-color":"","overlay-opacity":"","overlay-gradient":""},"mobile":{"background-color":"var(--ast-global-color-5)","background-image":"","background-repeat":"repeat","background-position":"center center","background-size":"auto","background-attachment":"scroll","background-type":"","background-media":"","overlay-type":"","overlay-color":"","overlay-opacity":"","overlay-gradient":""}},"footnotes":""},"categories":[1],"tags":[],"class_list":["post-3752","post","type-post","status-publish","format-standard","hentry","category-general"],"post_mailing_queue_ids":[],"_links":{"self":[{"href":"https:\/\/agora.xtec.cat\/ies-santelm\/wp-json\/wp\/v2\/posts\/3752","targetHints":{"allow":["GET"]}}],"collection":[{"href":"https:\/\/agora.xtec.cat\/ies-santelm\/wp-json\/wp\/v2\/posts"}],"about":[{"href":"https:\/\/agora.xtec.cat\/ies-santelm\/wp-json\/wp\/v2\/types\/post"}],"author":[{"embeddable":true,"href":"https:\/\/agora.xtec.cat\/ies-santelm\/wp-json\/wp\/v2\/users\/42"}],"replies":[{"embeddable":true,"href":"https:\/\/agora.xtec.cat\/ies-santelm\/wp-json\/wp\/v2\/comments?post=3752"}],"version-history":[{"count":1,"href":"https:\/\/agora.xtec.cat\/ies-santelm\/wp-json\/wp\/v2\/posts\/3752\/revisions"}],"predecessor-version":[{"id":3753,"href":"https:\/\/agora.xtec.cat\/ies-santelm\/wp-json\/wp\/v2\/posts\/3752\/revisions\/3753"}],"wp:attachment":[{"href":"https:\/\/agora.xtec.cat\/ies-santelm\/wp-json\/wp\/v2\/media?parent=3752"}],"wp:term":[{"taxonomy":"category","embeddable":true,"href":"https:\/\/agora.xtec.cat\/ies-santelm\/wp-json\/wp\/v2\/categories?post=3752"},{"taxonomy":"post_tag","embeddable":true,"href":"https:\/\/agora.xtec.cat\/ies-santelm\/wp-json\/wp\/v2\/tags?post=3752"}],"curies":[{"name":"wp","href":"https:\/\/api.w.org\/{rel}","templated":true}]}}