{"id":3684,"date":"2024-01-19T13:56:44","date_gmt":"2024-01-19T12:56:44","guid":{"rendered":"https:\/\/agora.xtec.cat\/ies-santelm\/?p=3684"},"modified":"2024-01-23T10:14:39","modified_gmt":"2024-01-23T09:14:39","slug":"dipsalut-capsules-formatives-en-linia","status":"publish","type":"post","link":"https:\/\/agora.xtec.cat\/ies-santelm\/portada\/dipsalut-capsules-formatives-en-linia\/","title":{"rendered":"Dipsalut. C\u00e0psules formatives en l\u00ednia"},"content":{"rendered":"<h2><span style=\"color: #ff3257;\">C\u00e0psules formatives online<\/span><\/h2>\n<p style=\"text-align: justify;\">Formacions de dues hores de durada de la m\u00e0 de professionals que donaran recursos i eines per acompanyar les fam\u00edlies en temes relacionats amb la salut i la crian\u00e7a. Pots consultar el web o el cartell adjunt amb les tem\u00e0tiques i les dates d\u2019aquest trimestre:<\/p>\n<h4 style=\"text-align: justify;\"><span style=\"color: #ff3257;\">Com prevenim l&#8217;ab\u00fas sexual infantil?<\/span><\/h4>\n<p style=\"text-align: justify;\">Aquesta c\u00e0psula va dirigida a les persones que estan m\u00e9s a prop dels infants i adolescents i els ofereix eines per a la prevenci\u00f3 de l\u2019ab\u00fas sexual. Pares, mares, avis, \u00e0vies, tutors legals&#8230; s\u00f3n clau per a la detecci\u00f3 d&#8217;aquests abusos.Tot i que \u00e9s una realitat molt desconeguda, 1 de cada 5 infants ha patit, pateix o patir\u00e0 abusos sexuals; per tant, no podem donar-li l\u2019esquena.<\/p>\n<p style=\"text-align: justify;\">Recomanada per a fam\u00edlies amb infants de 5 a 16 anys.<\/p>\n<p style=\"text-align: justify;\">A c\u00e0rrec de l\u2019Associaci\u00f3 Reach: Carlota Camps, psic\u00f2loga cl\u00ednica. Especialista en trauma. M\u00f2nica Jim\u00e9nez, treballadora social. Experta en enfocament sist\u00e8mic i viol\u00e8ncies en l\u2019\u00e0mbit familiar.<\/p>\n<p style=\"text-align: justify;\"><span style=\"color: #ff3257;\"><a style=\"color: #ff3257;\" href=\"https:\/\/families.dipsalut.cat\/ca\/capsules-formatives.html\">Enlla\u00e7 formulari d\u2019inscripcions<\/a><\/span><\/p>\n<h4 style=\"text-align: justify;\"><span style=\"color: #ff3257;\">Prevenci\u00f3, detecci\u00f3 i actuaci\u00f3 davant el bullying<\/span><\/h4>\n<p style=\"text-align: justify;\">Aquesta c\u00e0psula ofereix una mirada \u00e0mplia al bullying, cercant comprendre el fenomen de manera que es converteixi en una oportunitat d&#8217;aprenentatge i d&#8217;entrenament d&#8217;habilitats, posant com a marc el model d&#8217;acompanyament al desenvolupament socioemocional.<\/p>\n<p style=\"text-align: justify;\">Es revisaran conceptes claus aix\u00ed com diferents estrat\u00e8gies que les fam\u00edlies tenen al seu abast en les diferents fases de prevenci\u00f3, detecci\u00f3 i actuaci\u00f3.<\/p>\n<p style=\"text-align: justify;\">Recomanada per a fam\u00edlies amb fills i filles de prim\u00e0ria i secund\u00e0ria (6-18 anys).<\/p>\n<p style=\"text-align: justify;\"><span style=\"color: #ff3257;\"><a style=\"color: #ff3257;\" href=\"https:\/\/families.dipsalut.cat\/ca\/capsules-formatives.html\">Enlla\u00e7 formulari d\u2019inscripcions<\/a><\/span><\/p>\n<p><a href=\"https:\/\/agora.xtec.cat\/ies-santelm\/wp-content\/uploads\/usu1365\/2024\/01\/Capsula_2nTRIM_2324.pdf.pdf\"><img loading=\"lazy\" decoding=\"async\" class=\"alignnone size-large wp-image-3686\" src=\"https:\/\/agora.xtec.cat\/ies-santelm\/wp-content\/uploads\/usu1365\/2024\/01\/Noticies-WEB-1024x1024.png\" alt=\"\" width=\"1024\" height=\"1024\" srcset=\"https:\/\/agora.xtec.cat\/ies-santelm\/wp-content\/uploads\/usu1365\/2024\/01\/Noticies-WEB-1024x1024.png 1024w, https:\/\/agora.xtec.cat\/ies-santelm\/wp-content\/uploads\/usu1365\/2024\/01\/Noticies-WEB-300x300.png 300w, https:\/\/agora.xtec.cat\/ies-santelm\/wp-content\/uploads\/usu1365\/2024\/01\/Noticies-WEB-150x150.png 150w, https:\/\/agora.xtec.cat\/ies-santelm\/wp-content\/uploads\/usu1365\/2024\/01\/Noticies-WEB-768x768.png 768w, https:\/\/agora.xtec.cat\/ies-santelm\/wp-content\/uploads\/usu1365\/2024\/01\/Noticies-WEB.png 1080w\" sizes=\"auto, (max-width: 1024px) 100vw, 1024px\" \/><\/a><\/p>\n","protected":false},"excerpt":{"rendered":"<p>C\u00e0psules formatives online Formacions de dues hores de durada de la m\u00e0 de professionals que donaran recursos i eines per acompanyar les fam\u00edlies en temes relacionats amb la salut i la crian\u00e7a. Pots consultar el web o el cartell adjunt amb les tem\u00e0tiques i les dates d\u2019aquest trimestre: Com prevenim l&#8217;ab\u00fas sexual infantil? Aquesta c\u00e0psula [&hellip;]<\/p>\n","protected":false},"author":42,"featured_media":3686,"comment_status":"closed","ping_status":"closed","sticky":false,"template":"","format":"standard","meta":{"_bbp_topic_count":0,"_bbp_reply_count":0,"_bbp_total_topic_count":0,"_bbp_total_reply_count":0,"_bbp_voice_count":0,"_bbp_anonymous_reply_count":0,"_bbp_topic_count_hidden":0,"_bbp_reply_count_hidden":0,"_bbp_forum_subforum_count":0,"site-sidebar-layout":"default","site-content-layout":"","ast-site-content-layout":"","site-content-style":"default","site-sidebar-style":"default","ast-global-header-display":"","ast-banner-title-visibility":"","ast-main-header-display":"","ast-hfb-above-header-display":"","ast-hfb-below-header-display":"","ast-hfb-mobile-header-display":"","site-post-title":"","ast-breadcrumbs-content":"","ast-featured-img":"","footer-sml-layout":"","theme-transparent-header-meta":"","adv-header-id-meta":"","stick-header-meta":"","header-above-stick-meta":"","header-main-stick-meta":"","header-below-stick-meta":"","astra-migrate-meta-layouts":"default","ast-page-background-enabled":"default","ast-page-background-meta":{"desktop":{"background-color":"var(--ast-global-color-4)","background-image":"","background-repeat":"repeat","background-position":"center center","background-size":"auto","background-attachment":"scroll","background-type":"","background-media":"","overlay-type":"","overlay-color":"","overlay-opacity":"","overlay-gradient":""},"tablet":{"background-color":"","background-image":"","background-repeat":"repeat","background-position":"center center","background-size":"auto","background-attachment":"scroll","background-type":"","background-media":"","overlay-type":"","overlay-color":"","overlay-opacity":"","overlay-gradient":""},"mobile":{"background-color":"","background-image":"","background-repeat":"repeat","background-position":"center center","background-size":"auto","background-attachment":"scroll","background-type":"","background-media":"","overlay-type":"","overlay-color":"","overlay-opacity":"","overlay-gradient":""}},"ast-content-background-meta":{"desktop":{"background-color":"var(--ast-global-color-5)","background-image":"","background-repeat":"repeat","background-position":"center center","background-size":"auto","background-attachment":"scroll","background-type":"","background-media":"","overlay-type":"","overlay-color":"","overlay-opacity":"","overlay-gradient":""},"tablet":{"background-color":"var(--ast-global-color-5)","background-image":"","background-repeat":"repeat","background-position":"center center","background-size":"auto","background-attachment":"scroll","background-type":"","background-media":"","overlay-type":"","overlay-color":"","overlay-opacity":"","overlay-gradient":""},"mobile":{"background-color":"var(--ast-global-color-5)","background-image":"","background-repeat":"repeat","background-position":"center center","background-size":"auto","background-attachment":"scroll","background-type":"","background-media":"","overlay-type":"","overlay-color":"","overlay-opacity":"","overlay-gradient":""}},"footnotes":""},"categories":[129,29],"tags":[],"class_list":["post-3684","post","type-post","status-publish","format-standard","has-post-thumbnail","hentry","category-informacio-families","category-portada"],"post_mailing_queue_ids":[],"_links":{"self":[{"href":"https:\/\/agora.xtec.cat\/ies-santelm\/wp-json\/wp\/v2\/posts\/3684","targetHints":{"allow":["GET"]}}],"collection":[{"href":"https:\/\/agora.xtec.cat\/ies-santelm\/wp-json\/wp\/v2\/posts"}],"about":[{"href":"https:\/\/agora.xtec.cat\/ies-santelm\/wp-json\/wp\/v2\/types\/post"}],"author":[{"embeddable":true,"href":"https:\/\/agora.xtec.cat\/ies-santelm\/wp-json\/wp\/v2\/users\/42"}],"replies":[{"embeddable":true,"href":"https:\/\/agora.xtec.cat\/ies-santelm\/wp-json\/wp\/v2\/comments?post=3684"}],"version-history":[{"count":5,"href":"https:\/\/agora.xtec.cat\/ies-santelm\/wp-json\/wp\/v2\/posts\/3684\/revisions"}],"predecessor-version":[{"id":3691,"href":"https:\/\/agora.xtec.cat\/ies-santelm\/wp-json\/wp\/v2\/posts\/3684\/revisions\/3691"}],"wp:featuredmedia":[{"embeddable":true,"href":"https:\/\/agora.xtec.cat\/ies-santelm\/wp-json\/wp\/v2\/media\/3686"}],"wp:attachment":[{"href":"https:\/\/agora.xtec.cat\/ies-santelm\/wp-json\/wp\/v2\/media?parent=3684"}],"wp:term":[{"taxonomy":"category","embeddable":true,"href":"https:\/\/agora.xtec.cat\/ies-santelm\/wp-json\/wp\/v2\/categories?post=3684"},{"taxonomy":"post_tag","embeddable":true,"href":"https:\/\/agora.xtec.cat\/ies-santelm\/wp-json\/wp\/v2\/tags?post=3684"}],"curies":[{"name":"wp","href":"https:\/\/api.w.org\/{rel}","templated":true}]}}