{"id":3607,"date":"2023-11-08T19:11:22","date_gmt":"2023-11-08T18:11:22","guid":{"rendered":"https:\/\/agora.xtec.cat\/ies-santelm\/?p=3607"},"modified":"2023-11-08T19:44:15","modified_gmt":"2023-11-08T18:44:15","slug":"eleccions-del-consell-escolar-2023","status":"publish","type":"post","link":"https:\/\/agora.xtec.cat\/ies-santelm\/general\/eleccions-del-consell-escolar-2023\/","title":{"rendered":"Eleccions del consell escolar 2023"},"content":{"rendered":"<p><span style=\"font-weight: 400;\">El Departament d\u2019Ensenyament ha convocat eleccions per tal de renovar els representants als Consells Escolars dels Centres Docents p\u00fablics de Catalunya. El proc\u00e9s electoral s\u2019efectuar\u00e0 per renovar la meitat dels membres de cadascun del sectors que formen els consells escolars.<\/span><\/p>\n<p><span style=\"font-weight: 400;\"><a href=\"https:\/\/agora.xtec.cat\/ies-santelm\/wp-content\/uploads\/usu1365\/2023\/11\/calendari.png\"><img loading=\"lazy\" decoding=\"async\" class=\"alignnone size-full wp-image-3615\" src=\"https:\/\/agora.xtec.cat\/ies-santelm\/wp-content\/uploads\/usu1365\/2023\/11\/calendari.png\" alt=\"\" width=\"635\" height=\"540\" srcset=\"https:\/\/agora.xtec.cat\/ies-santelm\/wp-content\/uploads\/usu1365\/2023\/11\/calendari.png 635w, https:\/\/agora.xtec.cat\/ies-santelm\/wp-content\/uploads\/usu1365\/2023\/11\/calendari-300x255.png 300w\" sizes=\"auto, (max-width: 635px) 100vw, 635px\" \/><\/a><\/span><\/p>\n<p>Per m\u00e9s informaci\u00f3, desplega els apartats sobre les eleccions al Consell Escolar:<\/p>\n<div class=\"h5p-iframe-wrapper\"><iframe id=\"h5p-iframe-5\" class=\"h5p-iframe\" data-content-id=\"5\" style=\"height:1px\" src=\"about:blank\" frameBorder=\"0\" scrolling=\"no\" title=\"Eleccions al consell escolar\"><\/iframe><\/div>\n<p>&nbsp;<\/p>\n<p>&nbsp;<\/p>\n<p>&nbsp;<\/p>\n<p>&nbsp;<\/p>\n","protected":false},"excerpt":{"rendered":"<p>El Departament d\u2019Ensenyament ha convocat eleccions per tal de renovar els representants als Consells Escolars dels Centres Docents p\u00fablics de Catalunya. El proc\u00e9s electoral s\u2019efectuar\u00e0 per renovar la meitat dels membres de cadascun del sectors que formen els consells escolars. Per m\u00e9s informaci\u00f3, desplega els apartats sobre les eleccions al Consell Escolar: &nbsp; &nbsp; &nbsp; [&hellip;]<\/p>\n","protected":false},"author":42,"featured_media":0,"comment_status":"closed","ping_status":"closed","sticky":false,"template":"","format":"standard","meta":{"_bbp_topic_count":0,"_bbp_reply_count":0,"_bbp_total_topic_count":0,"_bbp_total_reply_count":0,"_bbp_voice_count":0,"_bbp_anonymous_reply_count":0,"_bbp_topic_count_hidden":0,"_bbp_reply_count_hidden":0,"_bbp_forum_subforum_count":0,"site-sidebar-layout":"default","site-content-layout":"","ast-site-content-layout":"","site-content-style":"default","site-sidebar-style":"default","ast-global-header-display":"","ast-banner-title-visibility":"","ast-main-header-display":"","ast-hfb-above-header-display":"","ast-hfb-below-header-display":"","ast-hfb-mobile-header-display":"","site-post-title":"","ast-breadcrumbs-content":"","ast-featured-img":"","footer-sml-layout":"","theme-transparent-header-meta":"","adv-header-id-meta":"","stick-header-meta":"","header-above-stick-meta":"","header-main-stick-meta":"","header-below-stick-meta":"","astra-migrate-meta-layouts":"default","ast-page-background-enabled":"default","ast-page-background-meta":{"desktop":{"background-color":"var(--ast-global-color-4)","background-image":"","background-repeat":"repeat","background-position":"center center","background-size":"auto","background-attachment":"scroll","background-type":"","background-media":"","overlay-type":"","overlay-color":"","overlay-opacity":"","overlay-gradient":""},"tablet":{"background-color":"","background-image":"","background-repeat":"repeat","background-position":"center center","background-size":"auto","background-attachment":"scroll","background-type":"","background-media":"","overlay-type":"","overlay-color":"","overlay-opacity":"","overlay-gradient":""},"mobile":{"background-color":"","background-image":"","background-repeat":"repeat","background-position":"center center","background-size":"auto","background-attachment":"scroll","background-type":"","background-media":"","overlay-type":"","overlay-color":"","overlay-opacity":"","overlay-gradient":""}},"ast-content-background-meta":{"desktop":{"background-color":"var(--ast-global-color-5)","background-image":"","background-repeat":"repeat","background-position":"center center","background-size":"auto","background-attachment":"scroll","background-type":"","background-media":"","overlay-type":"","overlay-color":"","overlay-opacity":"","overlay-gradient":""},"tablet":{"background-color":"var(--ast-global-color-5)","background-image":"","background-repeat":"repeat","background-position":"center center","background-size":"auto","background-attachment":"scroll","background-type":"","background-media":"","overlay-type":"","overlay-color":"","overlay-opacity":"","overlay-gradient":""},"mobile":{"background-color":"var(--ast-global-color-5)","background-image":"","background-repeat":"repeat","background-position":"center center","background-size":"auto","background-attachment":"scroll","background-type":"","background-media":"","overlay-type":"","overlay-color":"","overlay-opacity":"","overlay-gradient":""}},"footnotes":""},"categories":[1],"tags":[],"class_list":["post-3607","post","type-post","status-publish","format-standard","hentry","category-general"],"post_mailing_queue_ids":[],"_links":{"self":[{"href":"https:\/\/agora.xtec.cat\/ies-santelm\/wp-json\/wp\/v2\/posts\/3607","targetHints":{"allow":["GET"]}}],"collection":[{"href":"https:\/\/agora.xtec.cat\/ies-santelm\/wp-json\/wp\/v2\/posts"}],"about":[{"href":"https:\/\/agora.xtec.cat\/ies-santelm\/wp-json\/wp\/v2\/types\/post"}],"author":[{"embeddable":true,"href":"https:\/\/agora.xtec.cat\/ies-santelm\/wp-json\/wp\/v2\/users\/42"}],"replies":[{"embeddable":true,"href":"https:\/\/agora.xtec.cat\/ies-santelm\/wp-json\/wp\/v2\/comments?post=3607"}],"version-history":[{"count":6,"href":"https:\/\/agora.xtec.cat\/ies-santelm\/wp-json\/wp\/v2\/posts\/3607\/revisions"}],"predecessor-version":[{"id":3621,"href":"https:\/\/agora.xtec.cat\/ies-santelm\/wp-json\/wp\/v2\/posts\/3607\/revisions\/3621"}],"wp:attachment":[{"href":"https:\/\/agora.xtec.cat\/ies-santelm\/wp-json\/wp\/v2\/media?parent=3607"}],"wp:term":[{"taxonomy":"category","embeddable":true,"href":"https:\/\/agora.xtec.cat\/ies-santelm\/wp-json\/wp\/v2\/categories?post=3607"},{"taxonomy":"post_tag","embeddable":true,"href":"https:\/\/agora.xtec.cat\/ies-santelm\/wp-json\/wp\/v2\/tags?post=3607"}],"curies":[{"name":"wp","href":"https:\/\/api.w.org\/{rel}","templated":true}]}}